{"id":7142,"date":"2025-08-28T10:47:46","date_gmt":"2025-08-28T13:47:46","guid":{"rendered":"https:\/\/dev.alisonandrei.com.br\/noticia\/alunos-do-sepam-tem-aula-especial-sobre-o-artista-paranaense-paulo-leminski\/"},"modified":"2025-11-24T10:53:34","modified_gmt":"2025-11-24T13:53:34","slug":"alunos-do-sepam-tem-aula-especial-sobre-o-artista-paranaense-paulo-leminski","status":"publish","type":"post","link":"https:\/\/sepam.com.br\/en\/alunos-do-sepam-tem-aula-especial-sobre-o-artista-paranaense-paulo-leminski\/","title":{"rendered":"Alunos do Sepam t\u00eam aula especial sobre o artista paranaense Paulo Leminski"},"content":{"rendered":"<p><em><span class=\"TextRun SCXW128159887 BCX0\" lang=\"PT-BR\" xml_lang=\"PT-BR\" data-contrast=\"auto\"><span class=\"NormalTextRun SCXW128159887 BCX0\">Os estudantes participaram de uma visita on-line \u00e0 exposi\u00e7\u00e3o M\u00faltiplo Leminski, do Museu Campos Gerais<\/span><\/span><span class=\"EOP SCXW128159887 BCX0\" data-ccp-props=\"{&quot;201341983&quot;:0,&quot;335551550&quot;:6,&quot;335551620&quot;:6,&quot;335559739&quot;:160,&quot;335559740&quot;:259}\">\u00a0<\/span><\/em><\/p>\n<p><span data-contrast=\"auto\">Os alunos do 6\u00ba ano do Col\u00e9gio\u00a0Pontagrossense\u00a0Sepam\u00a0participaram,\u00a0na \u00faltima semana,\u00a0de uma\u00a0iniciativa\u00a0diferenciada do Museu Campos Gerais\u00a0(MCG). A atividade consistiu em uma aula especial de Literatura focada no curitibano Paulo Leminski, um dos principais poetas brasileiros,\u00a0que tamb\u00e9m atuou como compositor, jornalista, tradutor, roteirista e bi\u00f3grafo.<\/span><span data-ccp-props=\"{&quot;201341983&quot;:0,&quot;335551550&quot;:6,&quot;335551620&quot;:6,&quot;335559739&quot;:160,&quot;335559740&quot;:259}\">\u00a0<\/span><\/p>\n<p><span data-contrast=\"auto\">A atividade foi contemplada pelos alunos diretamente do\u00a0tel\u00e3o do\u00a0audit\u00f3rio do Col\u00e9gio\u00a0Sepam, por meio de um passeio virtual pela exposi\u00e7\u00e3o, com acesso \u00e0s imagens em 360\u00b0.\u00a0A a\u00e7\u00e3o faz parte do programa de intera\u00e7\u00f5es da exposi\u00e7\u00e3o M\u00faltiplo Leminski, que est\u00e1 dispon\u00edvel no\u00a0Museu da Universidade Estadual de Ponta Grossa (UEPG) desde agosto.\u00a0Os estudantes do\u00a0Sepam\u00a0foram os\u00a0primeiros\u00a0a\u00a0participar\u00a0da mostra de forma virtual.<\/span><span data-ccp-props=\"{&quot;201341983&quot;:0,&quot;335551550&quot;:6,&quot;335551620&quot;:6,&quot;335559739&quot;:160,&quot;335559740&quot;:259}\">\u00a0<\/span><\/p>\n<p><span data-contrast=\"auto\">A exposi\u00e7\u00e3o mistura artes e hist\u00f3ria da poesia do Paran\u00e1, al\u00e9m de retratar aspectos importantes da vida profissional e pessoal de Paulo Leminski, falecido em 1989. A media\u00e7\u00e3o ficou por conta do licenciado em Hist\u00f3ria pela UEPG, Ricardo\u00a0Enguel\u00a0Gon\u00e7alves, integrante da equipe do M\u00faltiplo Leminski,\u00a0sob\u00a0a coordena\u00e7\u00e3o da diretora de A\u00e7\u00e3o Educativa do MCG,\u00a0professora\u00a0Patr\u00edcia\u00a0Camera.<\/span><span data-ccp-props=\"{&quot;201341983&quot;:0,&quot;335551550&quot;:6,&quot;335551620&quot;:6,&quot;335559739&quot;:160,&quot;335559740&quot;:259}\">\u00a0<\/span><\/p>\n<p><span data-contrast=\"auto\">A\u00a0docente\u00a0do 6\u00b0\u00a0ano de Literatura do\u00a0Sepam, Ana Caroline Neumann, foi a respons\u00e1vel por\u00a0planejar, juntamente\u00a0com a equipe pedag\u00f3gica da institui\u00e7\u00e3o, formas de integrar os alunos\u00a0\u00e0 exposi\u00e7\u00e3o\u00a0e,\u00a0ent\u00e3o,\u00a0acionaram a equipe do\u00a0Museu para viabilizar a visita on-line.<\/span><span data-ccp-props=\"{&quot;201341983&quot;:0,&quot;335551550&quot;:6,&quot;335551620&quot;:6,&quot;335559739&quot;:160,&quot;335559740&quot;:259}\">\u00a0<\/span><\/p>\n<p><span data-contrast=\"auto\">\u201cN\u00f3s pensamos\u00a0estrategicamente em ofertar\u00a0uma aula especial aos estudantes\u00a0e, para integrar tamb\u00e9m os que estudam de forma remota, decidimos viabilizar\u00a0o passeio\u00a0on-line.\u00a0Antes de participarem da exposi\u00e7\u00e3o, a\u00a0professora\u00a0Ana\u00a0Caroline\u00a0trabalhou entre as turmas uma contextualiza\u00e7\u00e3o\u00a0sobre a vida de\u00a0Paulo Leminski, para que os alunos\u00a0j\u00e1 ficassem\u00a0um pouco inteirados a respeito do artista paranaense\u201d,\u00a0ressalta a coordenadora pedag\u00f3gica do Ensino Fundamental II do\u00a0Sepam, Juliana Gil.<\/span><span data-ccp-props=\"{&quot;201341983&quot;:0,&quot;335551550&quot;:6,&quot;335551620&quot;:6,&quot;335559739&quot;:160,&quot;335559740&quot;:259}\">\u00a0<\/span><\/p>\n<p><span data-contrast=\"auto\">Durante a mostra midi\u00e1tica,\u00a0os alunos interagiram com os mediadores e se aprofundaram nos fatos importantes da vida de Paulo Leminski, por meio de imagens da exposi\u00e7\u00e3o. Para Juliana, a a\u00e7\u00e3o foi fundamental neste per\u00edodo de pandemia, para\u00a0levar conhecimento aos estudantes de forma diferenciada das tradicionais do dia a dia e,\u00a0tamb\u00e9m,\u00a0para estimul\u00e1-los a terem contato com as\u00a0produ\u00e7\u00f5es\u00a0art\u00edsticas e liter\u00e1rias.\u00a0<\/span><span data-ccp-props=\"{&quot;201341983&quot;:0,&quot;335551550&quot;:6,&quot;335551620&quot;:6,&quot;335559739&quot;:160,&quot;335559740&quot;:259}\">\u00a0<\/span><\/p>\n<p><span data-contrast=\"auto\">\u201cOs alunos aproveitaram a oportunidade para conhecer as obras e para entender o que o autor representa para o Brasil e para o Paran\u00e1, assim como sua trajet\u00f3ria. Agradecemos a equipe do Museu e do M\u00faltiplo Leminski que se dedicaram bastante para que a atividade acontecesse\u201d, finaliza a coordenadora pedag\u00f3gica da institui\u00e7\u00e3o.<\/span><span data-ccp-props=\"{&quot;201341983&quot;:0,&quot;335551550&quot;:6,&quot;335551620&quot;:6,&quot;335559739&quot;:160,&quot;335559740&quot;:259}\">\u00a0<\/span><\/p>\n","protected":false},"excerpt":{"rendered":"<p>Os estudantes participaram de uma visita on-line \u00e0 exposi\u00e7\u00e3o M\u00faltiplo Leminski, do Museu Campos Gerais\u00a0 Os alunos do 6\u00ba ano do Col\u00e9gio\u00a0Pontagrossense\u00a0Sepam\u00a0participaram,\u00a0na \u00faltima semana,\u00a0de uma\u00a0iniciativa\u00a0diferenciada do Museu Campos Gerais\u00a0(MCG). A atividade consistiu em uma aula especial de Literatura focada no curitibano Paulo Leminski, um dos principais poetas brasileiros,\u00a0que tamb\u00e9m atuou como compositor, jornalista, tradutor, roteirista [&hellip;]<\/p>\n","protected":false},"author":13,"featured_media":0,"comment_status":"open","ping_status":"open","sticky":false,"template":"","format":"standard","meta":{"footnotes":""},"categories":[21],"tags":[],"class_list":["post-7142","post","type-post","status-publish","format-standard","hentry","category-colegio-sepam"],"yoast_head":"<!-- This site is optimized with the Yoast SEO plugin v28.4 - https:\/\/yoast.com\/product\/yoast-seo-wordpress\/ -->\n<title>Alunos do Sepam t\u00eam aula especial sobre o artista paranaense Paulo Leminski<\/title>\n<meta name=\"description\" content=\"Os estudantes participaram de uma visita on-line \u00e0 exposi\u00e7\u00e3o M\u00faltiplo Leminski, do Museu Campos Gerais\u00a0 Os alunos do 6\u00ba ano do Col\u00e9gio\u00a0Pontagrossense\u00a0Sepam\u00a0participaram,\u00a0na \u00faltima semana,\u00a0de uma\u00a0iniciativa\u00a0diferenciada do Museu Campos Gerais\u00a0(MCG). A atividade consistiu em uma aula especial de Literatura focada no curitibano Paulo Leminski, um dos principais poetas brasileiros,\u00a0que tamb\u00e9m atuou como compositor, jornalista, tradutor, roteirista&hellip;\" \/>\n<meta name=\"robots\" content=\"index, follow, max-snippet:-1, max-image-preview:large, max-video-preview:-1\" \/>\n<link rel=\"canonical\" href=\"https:\/\/sepam.com.br\/en\/alunos-do-sepam-tem-aula-especial-sobre-o-artista-paranaense-paulo-leminski\/\" \/>\n<meta property=\"og:locale\" content=\"en_US\" \/>\n<meta property=\"og:type\" content=\"article\" \/>\n<meta property=\"og:title\" content=\"Alunos do Sepam t\u00eam aula especial sobre o artista paranaense Paulo Leminski\" \/>\n<meta property=\"og:description\" content=\"Os estudantes participaram de uma visita on-line \u00e0 exposi\u00e7\u00e3o M\u00faltiplo Leminski, do Museu Campos Gerais\u00a0 Os alunos do 6\u00ba ano do Col\u00e9gio\u00a0Pontagrossense\u00a0Sepam\u00a0participaram,\u00a0na \u00faltima semana,\u00a0de uma\u00a0iniciativa\u00a0diferenciada do Museu Campos Gerais\u00a0(MCG). A atividade consistiu em uma aula especial de Literatura focada no curitibano Paulo Leminski, um dos principais poetas brasileiros,\u00a0que tamb\u00e9m atuou como compositor, jornalista, tradutor, roteirista&hellip;\" \/>\n<meta property=\"og:url\" content=\"https:\/\/sepam.com.br\/en\/alunos-do-sepam-tem-aula-especial-sobre-o-artista-paranaense-paulo-leminski\/\" \/>\n<meta property=\"og:site_name\" content=\"Col\u00e9gio Sepam\" \/>\n<meta property=\"article:published_time\" content=\"2025-08-28T13:47:46+00:00\" \/>\n<meta property=\"article:modified_time\" content=\"2025-11-24T13:53:34+00:00\" \/>\n<meta name=\"author\" content=\"Sepam\" \/>\n<meta name=\"twitter:card\" content=\"summary_large_image\" \/>\n<meta name=\"twitter:label1\" content=\"Written by\" \/>\n\t<meta name=\"twitter:data1\" content=\"Sepam\" \/>\n\t<meta name=\"twitter:label2\" content=\"Est. reading time\" \/>\n\t<meta name=\"twitter:data2\" content=\"2 minutes\" \/>\n<script type=\"application\/ld+json\" class=\"yoast-schema-graph\">{\"@context\":\"https:\\\/\\\/schema.org\",\"@graph\":[{\"@type\":\"Article\",\"@id\":\"https:\\\/\\\/sepam.com.br\\\/en\\\/alunos-do-sepam-tem-aula-especial-sobre-o-artista-paranaense-paulo-leminski\\\/#article\",\"isPartOf\":{\"@id\":\"https:\\\/\\\/sepam.com.br\\\/en\\\/alunos-do-sepam-tem-aula-especial-sobre-o-artista-paranaense-paulo-leminski\\\/\"},\"author\":{\"name\":\"Sepam\",\"@id\":\"https:\\\/\\\/sepam.com.br\\\/#\\\/schema\\\/person\\\/bfa2996c649a5a6d822766f6e64eb7fd\"},\"headline\":\"Alunos do Sepam t\u00eam aula especial sobre o artista paranaense Paulo Leminski\",\"datePublished\":\"2025-08-28T13:47:46+00:00\",\"dateModified\":\"2025-11-24T13:53:34+00:00\",\"mainEntityOfPage\":{\"@id\":\"https:\\\/\\\/sepam.com.br\\\/en\\\/alunos-do-sepam-tem-aula-especial-sobre-o-artista-paranaense-paulo-leminski\\\/\"},\"wordCount\":478,\"commentCount\":0,\"publisher\":{\"@id\":\"https:\\\/\\\/sepam.com.br\\\/#organization\"},\"articleSection\":[\"Colegio Sepam\"],\"inLanguage\":\"en-US\",\"potentialAction\":[{\"@type\":\"CommentAction\",\"name\":\"Comment\",\"target\":[\"https:\\\/\\\/sepam.com.br\\\/en\\\/alunos-do-sepam-tem-aula-especial-sobre-o-artista-paranaense-paulo-leminski\\\/#respond\"]}]},{\"@type\":\"WebPage\",\"@id\":\"https:\\\/\\\/sepam.com.br\\\/en\\\/alunos-do-sepam-tem-aula-especial-sobre-o-artista-paranaense-paulo-leminski\\\/\",\"url\":\"https:\\\/\\\/sepam.com.br\\\/en\\\/alunos-do-sepam-tem-aula-especial-sobre-o-artista-paranaense-paulo-leminski\\\/\",\"name\":\"Alunos do Sepam t\u00eam aula especial sobre o artista paranaense Paulo Leminski - Col\u00e9gio Sepam\",\"isPartOf\":{\"@id\":\"https:\\\/\\\/sepam.com.br\\\/#website\"},\"datePublished\":\"2025-08-28T13:47:46+00:00\",\"dateModified\":\"2025-11-24T13:53:34+00:00\",\"breadcrumb\":{\"@id\":\"https:\\\/\\\/sepam.com.br\\\/en\\\/alunos-do-sepam-tem-aula-especial-sobre-o-artista-paranaense-paulo-leminski\\\/#breadcrumb\"},\"inLanguage\":\"en-US\",\"potentialAction\":[{\"@type\":\"ReadAction\",\"target\":[\"https:\\\/\\\/sepam.com.br\\\/en\\\/alunos-do-sepam-tem-aula-especial-sobre-o-artista-paranaense-paulo-leminski\\\/\"]}]},{\"@type\":\"BreadcrumbList\",\"@id\":\"https:\\\/\\\/sepam.com.br\\\/en\\\/alunos-do-sepam-tem-aula-especial-sobre-o-artista-paranaense-paulo-leminski\\\/#breadcrumb\",\"itemListElement\":[{\"@type\":\"ListItem\",\"position\":1,\"name\":\"Boas Vindas\",\"item\":\"https:\\\/\\\/sepam.com.br\\\/\"},{\"@type\":\"ListItem\",\"position\":2,\"name\":\"Alunos do Sepam t\u00eam aula especial sobre o artista paranaense Paulo Leminski\"}]},{\"@type\":\"WebSite\",\"@id\":\"https:\\\/\\\/sepam.com.br\\\/en\\\/#website\",\"url\":\"https:\\\/\\\/sepam.com.br\\\/en\\\/\",\"name\":\"Col\u00e9gio Sepam\",\"description\":\"Ensino Incompar\u00e1vel\",\"publisher\":{\"@id\":\"https:\\\/\\\/sepam.com.br\\\/en\\\/#organization\"},\"potentialAction\":[{\"@type\":\"SearchAction\",\"target\":{\"@type\":\"EntryPoint\",\"urlTemplate\":\"https:\\\/\\\/sepam.com.br\\\/en\\\/?s={search_term_string}\"},\"query-input\":{\"@type\":\"PropertyValueSpecification\",\"valueRequired\":true,\"valueName\":\"search_term_string\"}}],\"inLanguage\":\"en-US\"},{\"@type\":\"Organization\",\"@id\":\"https:\\\/\\\/sepam.com.br\\\/en\\\/#organization\",\"name\":\"Col\u00e9gio Sepam\",\"url\":\"https:\\\/\\\/sepam.com.br\\\/en\\\/\",\"logo\":{\"@type\":\"ImageObject\",\"inLanguage\":\"en-US\",\"@id\":\"https:\\\/\\\/sepam.com.br\\\/en\\\/#\\\/schema\\\/logo\\\/image\\\/\",\"url\":\"https:\\\/\\\/sepam.com.br\\\/wp-content\\\/uploads\\\/2025\\\/02\\\/Ativo-2.png\",\"contentUrl\":\"https:\\\/\\\/sepam.com.br\\\/wp-content\\\/uploads\\\/2025\\\/02\\\/Ativo-2.png\",\"width\":595,\"height\":525,\"caption\":\"Col\u00e9gio Sepam\"},\"image\":{\"@id\":\"https:\\\/\\\/sepam.com.br\\\/en\\\/#\\\/schema\\\/logo\\\/image\\\/\"}},{\"@type\":\"Person\",\"@id\":\"https:\\\/\\\/sepam.com.br\\\/#\\\/schema\\\/person\\\/bfa2996c649a5a6d822766f6e64eb7fd\",\"name\":\"Sepam\",\"image\":{\"@type\":\"ImageObject\",\"inLanguage\":\"en-US\",\"@id\":\"https:\\\/\\\/secure.gravatar.com\\\/avatar\\\/0219e64664f5861998ad57a3432eb4bd5fd99a34c7cc9bc44b3c59dfb830db85?s=96&d=mm&r=g\",\"url\":\"https:\\\/\\\/secure.gravatar.com\\\/avatar\\\/0219e64664f5861998ad57a3432eb4bd5fd99a34c7cc9bc44b3c59dfb830db85?s=96&d=mm&r=g\",\"contentUrl\":\"https:\\\/\\\/secure.gravatar.com\\\/avatar\\\/0219e64664f5861998ad57a3432eb4bd5fd99a34c7cc9bc44b3c59dfb830db85?s=96&d=mm&r=g\",\"caption\":\"Sepam\"},\"url\":\"https:\\\/\\\/sepam.com.br\\\/en\\\/author\\\/sepam\\\/\"}]}<\/script>\n<!-- \/ Yoast SEO plugin. -->","yoast_head_json":{"title":"Alunos do Sepam t\u00eam aula especial sobre o artista paranaense Paulo Leminski","description":"Os estudantes participaram de uma visita on-line \u00e0 exposi\u00e7\u00e3o M\u00faltiplo Leminski, do Museu Campos Gerais\u00a0 Os alunos do 6\u00ba ano do Col\u00e9gio\u00a0Pontagrossense\u00a0Sepam\u00a0participaram,\u00a0na \u00faltima semana,\u00a0de uma\u00a0iniciativa\u00a0diferenciada do Museu Campos Gerais\u00a0(MCG). A atividade consistiu em uma aula especial de Literatura focada no curitibano Paulo Leminski, um dos principais poetas brasileiros,\u00a0que tamb\u00e9m atuou como compositor, jornalista, tradutor, roteirista&hellip;","robots":{"index":"index","follow":"follow","max-snippet":"max-snippet:-1","max-image-preview":"max-image-preview:large","max-video-preview":"max-video-preview:-1"},"canonical":"https:\/\/sepam.com.br\/en\/alunos-do-sepam-tem-aula-especial-sobre-o-artista-paranaense-paulo-leminski\/","og_locale":"en_US","og_type":"article","og_title":"Alunos do Sepam t\u00eam aula especial sobre o artista paranaense Paulo Leminski","og_description":"Os estudantes participaram de uma visita on-line \u00e0 exposi\u00e7\u00e3o M\u00faltiplo Leminski, do Museu Campos Gerais\u00a0 Os alunos do 6\u00ba ano do Col\u00e9gio\u00a0Pontagrossense\u00a0Sepam\u00a0participaram,\u00a0na \u00faltima semana,\u00a0de uma\u00a0iniciativa\u00a0diferenciada do Museu Campos Gerais\u00a0(MCG). A atividade consistiu em uma aula especial de Literatura focada no curitibano Paulo Leminski, um dos principais poetas brasileiros,\u00a0que tamb\u00e9m atuou como compositor, jornalista, tradutor, roteirista&hellip;","og_url":"https:\/\/sepam.com.br\/en\/alunos-do-sepam-tem-aula-especial-sobre-o-artista-paranaense-paulo-leminski\/","og_site_name":"Col\u00e9gio Sepam","article_published_time":"2025-08-28T13:47:46+00:00","article_modified_time":"2025-11-24T13:53:34+00:00","author":"Sepam","twitter_card":"summary_large_image","twitter_misc":{"Written by":"Sepam","Est. reading time":"2 minutes"},"schema":{"@context":"https:\/\/schema.org","@graph":[{"@type":"Article","@id":"https:\/\/sepam.com.br\/en\/alunos-do-sepam-tem-aula-especial-sobre-o-artista-paranaense-paulo-leminski\/#article","isPartOf":{"@id":"https:\/\/sepam.com.br\/en\/alunos-do-sepam-tem-aula-especial-sobre-o-artista-paranaense-paulo-leminski\/"},"author":{"name":"Sepam","@id":"https:\/\/sepam.com.br\/#\/schema\/person\/bfa2996c649a5a6d822766f6e64eb7fd"},"headline":"Alunos do Sepam t\u00eam aula especial sobre o artista paranaense Paulo Leminski","datePublished":"2025-08-28T13:47:46+00:00","dateModified":"2025-11-24T13:53:34+00:00","mainEntityOfPage":{"@id":"https:\/\/sepam.com.br\/en\/alunos-do-sepam-tem-aula-especial-sobre-o-artista-paranaense-paulo-leminski\/"},"wordCount":478,"commentCount":0,"publisher":{"@id":"https:\/\/sepam.com.br\/#organization"},"articleSection":["Colegio Sepam"],"inLanguage":"en-US","potentialAction":[{"@type":"CommentAction","name":"Comment","target":["https:\/\/sepam.com.br\/en\/alunos-do-sepam-tem-aula-especial-sobre-o-artista-paranaense-paulo-leminski\/#respond"]}]},{"@type":"WebPage","@id":"https:\/\/sepam.com.br\/en\/alunos-do-sepam-tem-aula-especial-sobre-o-artista-paranaense-paulo-leminski\/","url":"https:\/\/sepam.com.br\/en\/alunos-do-sepam-tem-aula-especial-sobre-o-artista-paranaense-paulo-leminski\/","name":"Alunos do Sepam t\u00eam aula especial sobre o artista paranaense Paulo Leminski - Col\u00e9gio Sepam","isPartOf":{"@id":"https:\/\/sepam.com.br\/#website"},"datePublished":"2025-08-28T13:47:46+00:00","dateModified":"2025-11-24T13:53:34+00:00","breadcrumb":{"@id":"https:\/\/sepam.com.br\/en\/alunos-do-sepam-tem-aula-especial-sobre-o-artista-paranaense-paulo-leminski\/#breadcrumb"},"inLanguage":"en-US","potentialAction":[{"@type":"ReadAction","target":["https:\/\/sepam.com.br\/en\/alunos-do-sepam-tem-aula-especial-sobre-o-artista-paranaense-paulo-leminski\/"]}]},{"@type":"BreadcrumbList","@id":"https:\/\/sepam.com.br\/en\/alunos-do-sepam-tem-aula-especial-sobre-o-artista-paranaense-paulo-leminski\/#breadcrumb","itemListElement":[{"@type":"ListItem","position":1,"name":"Boas Vindas","item":"https:\/\/sepam.com.br\/"},{"@type":"ListItem","position":2,"name":"Alunos do Sepam t\u00eam aula especial sobre o artista paranaense Paulo Leminski"}]},{"@type":"WebSite","@id":"https:\/\/sepam.com.br\/en\/#website","url":"https:\/\/sepam.com.br\/en\/","name":"Col\u00e9gio Sepam","description":"Ensino Incompar\u00e1vel","publisher":{"@id":"https:\/\/sepam.com.br\/en\/#organization"},"potentialAction":[{"@type":"SearchAction","target":{"@type":"EntryPoint","urlTemplate":"https:\/\/sepam.com.br\/en\/?s={search_term_string}"},"query-input":{"@type":"PropertyValueSpecification","valueRequired":true,"valueName":"search_term_string"}}],"inLanguage":"en-US"},{"@type":"Organization","@id":"https:\/\/sepam.com.br\/en\/#organization","name":"Col\u00e9gio Sepam","url":"https:\/\/sepam.com.br\/en\/","logo":{"@type":"ImageObject","inLanguage":"en-US","@id":"https:\/\/sepam.com.br\/en\/#\/schema\/logo\/image\/","url":"https:\/\/sepam.com.br\/wp-content\/uploads\/2025\/02\/Ativo-2.png","contentUrl":"https:\/\/sepam.com.br\/wp-content\/uploads\/2025\/02\/Ativo-2.png","width":595,"height":525,"caption":"Col\u00e9gio Sepam"},"image":{"@id":"https:\/\/sepam.com.br\/en\/#\/schema\/logo\/image\/"}},{"@type":"Person","@id":"https:\/\/sepam.com.br\/#\/schema\/person\/bfa2996c649a5a6d822766f6e64eb7fd","name":"Sepam","image":{"@type":"ImageObject","inLanguage":"en-US","@id":"https:\/\/secure.gravatar.com\/avatar\/0219e64664f5861998ad57a3432eb4bd5fd99a34c7cc9bc44b3c59dfb830db85?s=96&d=mm&r=g","url":"https:\/\/secure.gravatar.com\/avatar\/0219e64664f5861998ad57a3432eb4bd5fd99a34c7cc9bc44b3c59dfb830db85?s=96&d=mm&r=g","contentUrl":"https:\/\/secure.gravatar.com\/avatar\/0219e64664f5861998ad57a3432eb4bd5fd99a34c7cc9bc44b3c59dfb830db85?s=96&d=mm&r=g","caption":"Sepam"},"url":"https:\/\/sepam.com.br\/en\/author\/sepam\/"}]}},"_links":{"self":[{"href":"https:\/\/sepam.com.br\/en\/wp-json\/wp\/v2\/posts\/7142","targetHints":{"allow":["GET"]}}],"collection":[{"href":"https:\/\/sepam.com.br\/en\/wp-json\/wp\/v2\/posts"}],"about":[{"href":"https:\/\/sepam.com.br\/en\/wp-json\/wp\/v2\/types\/post"}],"author":[{"embeddable":true,"href":"https:\/\/sepam.com.br\/en\/wp-json\/wp\/v2\/users\/13"}],"replies":[{"embeddable":true,"href":"https:\/\/sepam.com.br\/en\/wp-json\/wp\/v2\/comments?post=7142"}],"version-history":[{"count":1,"href":"https:\/\/sepam.com.br\/en\/wp-json\/wp\/v2\/posts\/7142\/revisions"}],"predecessor-version":[{"id":7206,"href":"https:\/\/sepam.com.br\/en\/wp-json\/wp\/v2\/posts\/7142\/revisions\/7206"}],"wp:attachment":[{"href":"https:\/\/sepam.com.br\/en\/wp-json\/wp\/v2\/media?parent=7142"}],"wp:term":[{"taxonomy":"category","embeddable":true,"href":"https:\/\/sepam.com.br\/en\/wp-json\/wp\/v2\/categories?post=7142"},{"taxonomy":"post_tag","embeddable":true,"href":"https:\/\/sepam.com.br\/en\/wp-json\/wp\/v2\/tags?post=7142"}],"curies":[{"name":"wp","href":"https:\/\/api.w.org\/{rel}","templated":true}]}}