{"id":7140,"date":"2025-08-28T10:47:46","date_gmt":"2025-08-28T13:47:46","guid":{"rendered":"https:\/\/dev.alisonandrei.com.br\/noticia\/atletas-de-pg-sao-convocadas-para-a-selecao-paranaense-de-basquete\/"},"modified":"2025-11-24T10:53:34","modified_gmt":"2025-11-24T13:53:34","slug":"atletas-de-pg-sao-convocadas-para-a-selecao-paranaense-de-basquete","status":"publish","type":"post","link":"https:\/\/sepam.com.br\/en\/atletas-de-pg-sao-convocadas-para-a-selecao-paranaense-de-basquete\/","title":{"rendered":"Atletas de PG s\u00e3o convocadas para a sele\u00e7\u00e3o paranaense de basquete"},"content":{"rendered":"<p><em>Maria Fernanda e Milena t\u00eam 13 anos e representam o Col\u00e9gio Sepam em competi\u00e7\u00f5es escolares<\/em><\/p>\n<p>&nbsp;<\/p>\n<p>As ponta-grossenses Maria Fernanda Misquelin Borba e Milena Eduarda de Rosso Branco foram convocadas, na \u00faltima semana, para integrar a sele\u00e7\u00e3o paranaense de basquete, na categoria sub-13. As duas atletas s\u00e3o estudantes do Col\u00e9gio Pontagrossense Sepam e representaram a institui\u00e7\u00e3o diversas vezes em competi\u00e7\u00f5es escolares, assim como o munic\u00edpio tamb\u00e9m.<\/p>\n<p>Maria Fernanda e Milena iniciaram a trajet\u00f3ria no esporte com o professor Luiz Antonio Rodrigues Neto (Passoka). Segundo o treinador, a convoca\u00e7\u00e3o para o principal time do estado representa um reconhecimento pela dedica\u00e7\u00e3o e pelo comprometimento das duas jogadoras.<\/p>\n<p>\u201cO Sepam disputou recentemente um campeonato estadual. Nesse torneio algumas garotas foram escolhidas por uma comiss\u00e3o t\u00e9cnica para participarem de uma fase de treinamento, que ser\u00e1 comandada pela Federa\u00e7\u00e3o Paranaense de Basquetebol. O intuito \u00e9 selecionar as atletas que participar\u00e3o dos pr\u00f3ximos campeonatos brasileiros\u201d, ressalta Luiz Antonio.<\/p>\n<p>As alunas come\u00e7aram a jogar basquete h\u00e1 tr\u00eas anos, quando j\u00e1 estudavam no Col\u00e9gio Sepam. O interesse pelo esporte aconteceu ap\u00f3s elas assistirem aos jogos pela televis\u00e3o e por saberem dos treinamentos na institui\u00e7\u00e3o. \u201cComecei a jogar e o treinador viu que eu tinha habilidade para o esporte. Ele sempre nos incentiva e enxerga l\u00e1 na frente. Por exemplo, ele viu que eu estava evoluindo e me colocou para treinar com as jogadoras mais velhas. Isso ajudou muito a melhorar o meu desempenho\u201d, destaca Milena.<\/p>\n<p>Maria Fernanda recebeu com muito entusiasmo a not\u00edcia e est\u00e1 animada para come\u00e7ar os treinos. \u201cQuando recebemos a not\u00edcia, eu e a Milena est\u00e1vamos em aula. O treinador nos chamou na porta da sala e comunicou sobre a convoca\u00e7\u00e3o. Fiquei muito feliz, dando pulos de alegria\u201d, comenta a atleta e estudante do Sepam.<\/p>\n<p>O treinamento inicial das meninas na equipe paranaense acontece entre os dias 27 e 29 de agosto, na cidade de Terra Rica, interior do estado.<\/p>\n","protected":false},"excerpt":{"rendered":"<p>Maria Fernanda e Milena t\u00eam 13 anos e representam o Col\u00e9gio Sepam em competi\u00e7\u00f5es escolares &nbsp; As ponta-grossenses Maria Fernanda Misquelin Borba e Milena Eduarda de Rosso Branco foram convocadas, na \u00faltima semana, para integrar a sele\u00e7\u00e3o paranaense de basquete, na categoria sub-13. As duas atletas s\u00e3o estudantes do Col\u00e9gio Pontagrossense Sepam e representaram a [&hellip;]<\/p>\n","protected":false},"author":13,"featured_media":0,"comment_status":"open","ping_status":"open","sticky":false,"template":"","format":"standard","meta":{"footnotes":""},"categories":[21],"tags":[],"class_list":["post-7140","post","type-post","status-publish","format-standard","hentry","category-colegio-sepam"],"yoast_head":"<!-- This site is optimized with the Yoast SEO plugin v28.4 - https:\/\/yoast.com\/product\/yoast-seo-wordpress\/ -->\n<title>Atletas de PG s\u00e3o convocadas para a sele\u00e7\u00e3o paranaense de basquete<\/title>\n<meta name=\"description\" content=\"Maria Fernanda e Milena t\u00eam 13 anos e representam o Col\u00e9gio Sepam em competi\u00e7\u00f5es escolares &nbsp; As ponta-grossenses Maria Fernanda Misquelin Borba e Milena Eduarda de Rosso Branco foram convocadas, na \u00faltima semana, para integrar a sele\u00e7\u00e3o paranaense de basquete, na categoria sub-13. As duas atletas s\u00e3o estudantes do Col\u00e9gio Pontagrossense Sepam e representaram a&hellip;\" \/>\n<meta name=\"robots\" content=\"index, follow, max-snippet:-1, max-image-preview:large, max-video-preview:-1\" \/>\n<link rel=\"canonical\" href=\"https:\/\/sepam.com.br\/en\/atletas-de-pg-sao-convocadas-para-a-selecao-paranaense-de-basquete\/\" \/>\n<meta property=\"og:locale\" content=\"en_US\" \/>\n<meta property=\"og:type\" content=\"article\" \/>\n<meta property=\"og:title\" content=\"Atletas de PG s\u00e3o convocadas para a sele\u00e7\u00e3o paranaense de basquete\" \/>\n<meta property=\"og:description\" content=\"Maria Fernanda e Milena t\u00eam 13 anos e representam o Col\u00e9gio Sepam em competi\u00e7\u00f5es escolares &nbsp; As ponta-grossenses Maria Fernanda Misquelin Borba e Milena Eduarda de Rosso Branco foram convocadas, na \u00faltima semana, para integrar a sele\u00e7\u00e3o paranaense de basquete, na categoria sub-13. As duas atletas s\u00e3o estudantes do Col\u00e9gio Pontagrossense Sepam e representaram a&hellip;\" \/>\n<meta property=\"og:url\" content=\"https:\/\/sepam.com.br\/en\/atletas-de-pg-sao-convocadas-para-a-selecao-paranaense-de-basquete\/\" \/>\n<meta property=\"og:site_name\" content=\"Col\u00e9gio Sepam\" \/>\n<meta property=\"article:published_time\" content=\"2025-08-28T13:47:46+00:00\" \/>\n<meta property=\"article:modified_time\" content=\"2025-11-24T13:53:34+00:00\" \/>\n<meta name=\"author\" content=\"Sepam\" \/>\n<meta name=\"twitter:card\" content=\"summary_large_image\" \/>\n<meta name=\"twitter:label1\" content=\"Written by\" \/>\n\t<meta name=\"twitter:data1\" content=\"Sepam\" \/>\n\t<meta name=\"twitter:label2\" content=\"Est. reading time\" \/>\n\t<meta name=\"twitter:data2\" content=\"2 minutes\" \/>\n<script type=\"application\/ld+json\" class=\"yoast-schema-graph\">{\"@context\":\"https:\\\/\\\/schema.org\",\"@graph\":[{\"@type\":\"Article\",\"@id\":\"https:\\\/\\\/sepam.com.br\\\/en\\\/atletas-de-pg-sao-convocadas-para-a-selecao-paranaense-de-basquete\\\/#article\",\"isPartOf\":{\"@id\":\"https:\\\/\\\/sepam.com.br\\\/en\\\/atletas-de-pg-sao-convocadas-para-a-selecao-paranaense-de-basquete\\\/\"},\"author\":{\"name\":\"Sepam\",\"@id\":\"https:\\\/\\\/sepam.com.br\\\/#\\\/schema\\\/person\\\/bfa2996c649a5a6d822766f6e64eb7fd\"},\"headline\":\"Atletas de PG s\u00e3o convocadas para a sele\u00e7\u00e3o paranaense de basquete\",\"datePublished\":\"2025-08-28T13:47:46+00:00\",\"dateModified\":\"2025-11-24T13:53:34+00:00\",\"mainEntityOfPage\":{\"@id\":\"https:\\\/\\\/sepam.com.br\\\/en\\\/atletas-de-pg-sao-convocadas-para-a-selecao-paranaense-de-basquete\\\/\"},\"wordCount\":353,\"commentCount\":0,\"publisher\":{\"@id\":\"https:\\\/\\\/sepam.com.br\\\/#organization\"},\"articleSection\":[\"Colegio Sepam\"],\"inLanguage\":\"en-US\",\"potentialAction\":[{\"@type\":\"CommentAction\",\"name\":\"Comment\",\"target\":[\"https:\\\/\\\/sepam.com.br\\\/en\\\/atletas-de-pg-sao-convocadas-para-a-selecao-paranaense-de-basquete\\\/#respond\"]}]},{\"@type\":\"WebPage\",\"@id\":\"https:\\\/\\\/sepam.com.br\\\/en\\\/atletas-de-pg-sao-convocadas-para-a-selecao-paranaense-de-basquete\\\/\",\"url\":\"https:\\\/\\\/sepam.com.br\\\/en\\\/atletas-de-pg-sao-convocadas-para-a-selecao-paranaense-de-basquete\\\/\",\"name\":\"Atletas de PG s\u00e3o convocadas para a sele\u00e7\u00e3o paranaense de basquete - Col\u00e9gio Sepam\",\"isPartOf\":{\"@id\":\"https:\\\/\\\/sepam.com.br\\\/#website\"},\"datePublished\":\"2025-08-28T13:47:46+00:00\",\"dateModified\":\"2025-11-24T13:53:34+00:00\",\"breadcrumb\":{\"@id\":\"https:\\\/\\\/sepam.com.br\\\/en\\\/atletas-de-pg-sao-convocadas-para-a-selecao-paranaense-de-basquete\\\/#breadcrumb\"},\"inLanguage\":\"en-US\",\"potentialAction\":[{\"@type\":\"ReadAction\",\"target\":[\"https:\\\/\\\/sepam.com.br\\\/en\\\/atletas-de-pg-sao-convocadas-para-a-selecao-paranaense-de-basquete\\\/\"]}]},{\"@type\":\"BreadcrumbList\",\"@id\":\"https:\\\/\\\/sepam.com.br\\\/en\\\/atletas-de-pg-sao-convocadas-para-a-selecao-paranaense-de-basquete\\\/#breadcrumb\",\"itemListElement\":[{\"@type\":\"ListItem\",\"position\":1,\"name\":\"Boas Vindas\",\"item\":\"https:\\\/\\\/sepam.com.br\\\/\"},{\"@type\":\"ListItem\",\"position\":2,\"name\":\"Atletas de PG s\u00e3o convocadas para a sele\u00e7\u00e3o paranaense de basquete\"}]},{\"@type\":\"WebSite\",\"@id\":\"https:\\\/\\\/sepam.com.br\\\/en\\\/#website\",\"url\":\"https:\\\/\\\/sepam.com.br\\\/en\\\/\",\"name\":\"Col\u00e9gio Sepam\",\"description\":\"Ensino Incompar\u00e1vel\",\"publisher\":{\"@id\":\"https:\\\/\\\/sepam.com.br\\\/en\\\/#organization\"},\"potentialAction\":[{\"@type\":\"SearchAction\",\"target\":{\"@type\":\"EntryPoint\",\"urlTemplate\":\"https:\\\/\\\/sepam.com.br\\\/en\\\/?s={search_term_string}\"},\"query-input\":{\"@type\":\"PropertyValueSpecification\",\"valueRequired\":true,\"valueName\":\"search_term_string\"}}],\"inLanguage\":\"en-US\"},{\"@type\":\"Organization\",\"@id\":\"https:\\\/\\\/sepam.com.br\\\/en\\\/#organization\",\"name\":\"Col\u00e9gio Sepam\",\"url\":\"https:\\\/\\\/sepam.com.br\\\/en\\\/\",\"logo\":{\"@type\":\"ImageObject\",\"inLanguage\":\"en-US\",\"@id\":\"https:\\\/\\\/sepam.com.br\\\/en\\\/#\\\/schema\\\/logo\\\/image\\\/\",\"url\":\"https:\\\/\\\/sepam.com.br\\\/wp-content\\\/uploads\\\/2025\\\/02\\\/Ativo-2.png\",\"contentUrl\":\"https:\\\/\\\/sepam.com.br\\\/wp-content\\\/uploads\\\/2025\\\/02\\\/Ativo-2.png\",\"width\":595,\"height\":525,\"caption\":\"Col\u00e9gio Sepam\"},\"image\":{\"@id\":\"https:\\\/\\\/sepam.com.br\\\/en\\\/#\\\/schema\\\/logo\\\/image\\\/\"}},{\"@type\":\"Person\",\"@id\":\"https:\\\/\\\/sepam.com.br\\\/#\\\/schema\\\/person\\\/bfa2996c649a5a6d822766f6e64eb7fd\",\"name\":\"Sepam\",\"image\":{\"@type\":\"ImageObject\",\"inLanguage\":\"en-US\",\"@id\":\"https:\\\/\\\/secure.gravatar.com\\\/avatar\\\/0219e64664f5861998ad57a3432eb4bd5fd99a34c7cc9bc44b3c59dfb830db85?s=96&d=mm&r=g\",\"url\":\"https:\\\/\\\/secure.gravatar.com\\\/avatar\\\/0219e64664f5861998ad57a3432eb4bd5fd99a34c7cc9bc44b3c59dfb830db85?s=96&d=mm&r=g\",\"contentUrl\":\"https:\\\/\\\/secure.gravatar.com\\\/avatar\\\/0219e64664f5861998ad57a3432eb4bd5fd99a34c7cc9bc44b3c59dfb830db85?s=96&d=mm&r=g\",\"caption\":\"Sepam\"},\"url\":\"https:\\\/\\\/sepam.com.br\\\/en\\\/author\\\/sepam\\\/\"}]}<\/script>\n<!-- \/ Yoast SEO plugin. -->","yoast_head_json":{"title":"Atletas de PG s\u00e3o convocadas para a sele\u00e7\u00e3o paranaense de basquete","description":"Maria Fernanda e Milena t\u00eam 13 anos e representam o Col\u00e9gio Sepam em competi\u00e7\u00f5es escolares &nbsp; As ponta-grossenses Maria Fernanda Misquelin Borba e Milena Eduarda de Rosso Branco foram convocadas, na \u00faltima semana, para integrar a sele\u00e7\u00e3o paranaense de basquete, na categoria sub-13. As duas atletas s\u00e3o estudantes do Col\u00e9gio Pontagrossense Sepam e representaram a&hellip;","robots":{"index":"index","follow":"follow","max-snippet":"max-snippet:-1","max-image-preview":"max-image-preview:large","max-video-preview":"max-video-preview:-1"},"canonical":"https:\/\/sepam.com.br\/en\/atletas-de-pg-sao-convocadas-para-a-selecao-paranaense-de-basquete\/","og_locale":"en_US","og_type":"article","og_title":"Atletas de PG s\u00e3o convocadas para a sele\u00e7\u00e3o paranaense de basquete","og_description":"Maria Fernanda e Milena t\u00eam 13 anos e representam o Col\u00e9gio Sepam em competi\u00e7\u00f5es escolares &nbsp; As ponta-grossenses Maria Fernanda Misquelin Borba e Milena Eduarda de Rosso Branco foram convocadas, na \u00faltima semana, para integrar a sele\u00e7\u00e3o paranaense de basquete, na categoria sub-13. As duas atletas s\u00e3o estudantes do Col\u00e9gio Pontagrossense Sepam e representaram a&hellip;","og_url":"https:\/\/sepam.com.br\/en\/atletas-de-pg-sao-convocadas-para-a-selecao-paranaense-de-basquete\/","og_site_name":"Col\u00e9gio Sepam","article_published_time":"2025-08-28T13:47:46+00:00","article_modified_time":"2025-11-24T13:53:34+00:00","author":"Sepam","twitter_card":"summary_large_image","twitter_misc":{"Written by":"Sepam","Est. reading time":"2 minutes"},"schema":{"@context":"https:\/\/schema.org","@graph":[{"@type":"Article","@id":"https:\/\/sepam.com.br\/en\/atletas-de-pg-sao-convocadas-para-a-selecao-paranaense-de-basquete\/#article","isPartOf":{"@id":"https:\/\/sepam.com.br\/en\/atletas-de-pg-sao-convocadas-para-a-selecao-paranaense-de-basquete\/"},"author":{"name":"Sepam","@id":"https:\/\/sepam.com.br\/#\/schema\/person\/bfa2996c649a5a6d822766f6e64eb7fd"},"headline":"Atletas de PG s\u00e3o convocadas para a sele\u00e7\u00e3o paranaense de basquete","datePublished":"2025-08-28T13:47:46+00:00","dateModified":"2025-11-24T13:53:34+00:00","mainEntityOfPage":{"@id":"https:\/\/sepam.com.br\/en\/atletas-de-pg-sao-convocadas-para-a-selecao-paranaense-de-basquete\/"},"wordCount":353,"commentCount":0,"publisher":{"@id":"https:\/\/sepam.com.br\/#organization"},"articleSection":["Colegio Sepam"],"inLanguage":"en-US","potentialAction":[{"@type":"CommentAction","name":"Comment","target":["https:\/\/sepam.com.br\/en\/atletas-de-pg-sao-convocadas-para-a-selecao-paranaense-de-basquete\/#respond"]}]},{"@type":"WebPage","@id":"https:\/\/sepam.com.br\/en\/atletas-de-pg-sao-convocadas-para-a-selecao-paranaense-de-basquete\/","url":"https:\/\/sepam.com.br\/en\/atletas-de-pg-sao-convocadas-para-a-selecao-paranaense-de-basquete\/","name":"Atletas de PG s\u00e3o convocadas para a sele\u00e7\u00e3o paranaense de basquete - Col\u00e9gio Sepam","isPartOf":{"@id":"https:\/\/sepam.com.br\/#website"},"datePublished":"2025-08-28T13:47:46+00:00","dateModified":"2025-11-24T13:53:34+00:00","breadcrumb":{"@id":"https:\/\/sepam.com.br\/en\/atletas-de-pg-sao-convocadas-para-a-selecao-paranaense-de-basquete\/#breadcrumb"},"inLanguage":"en-US","potentialAction":[{"@type":"ReadAction","target":["https:\/\/sepam.com.br\/en\/atletas-de-pg-sao-convocadas-para-a-selecao-paranaense-de-basquete\/"]}]},{"@type":"BreadcrumbList","@id":"https:\/\/sepam.com.br\/en\/atletas-de-pg-sao-convocadas-para-a-selecao-paranaense-de-basquete\/#breadcrumb","itemListElement":[{"@type":"ListItem","position":1,"name":"Boas Vindas","item":"https:\/\/sepam.com.br\/"},{"@type":"ListItem","position":2,"name":"Atletas de PG s\u00e3o convocadas para a sele\u00e7\u00e3o paranaense de basquete"}]},{"@type":"WebSite","@id":"https:\/\/sepam.com.br\/en\/#website","url":"https:\/\/sepam.com.br\/en\/","name":"Col\u00e9gio Sepam","description":"Ensino Incompar\u00e1vel","publisher":{"@id":"https:\/\/sepam.com.br\/en\/#organization"},"potentialAction":[{"@type":"SearchAction","target":{"@type":"EntryPoint","urlTemplate":"https:\/\/sepam.com.br\/en\/?s={search_term_string}"},"query-input":{"@type":"PropertyValueSpecification","valueRequired":true,"valueName":"search_term_string"}}],"inLanguage":"en-US"},{"@type":"Organization","@id":"https:\/\/sepam.com.br\/en\/#organization","name":"Col\u00e9gio Sepam","url":"https:\/\/sepam.com.br\/en\/","logo":{"@type":"ImageObject","inLanguage":"en-US","@id":"https:\/\/sepam.com.br\/en\/#\/schema\/logo\/image\/","url":"https:\/\/sepam.com.br\/wp-content\/uploads\/2025\/02\/Ativo-2.png","contentUrl":"https:\/\/sepam.com.br\/wp-content\/uploads\/2025\/02\/Ativo-2.png","width":595,"height":525,"caption":"Col\u00e9gio Sepam"},"image":{"@id":"https:\/\/sepam.com.br\/en\/#\/schema\/logo\/image\/"}},{"@type":"Person","@id":"https:\/\/sepam.com.br\/#\/schema\/person\/bfa2996c649a5a6d822766f6e64eb7fd","name":"Sepam","image":{"@type":"ImageObject","inLanguage":"en-US","@id":"https:\/\/secure.gravatar.com\/avatar\/0219e64664f5861998ad57a3432eb4bd5fd99a34c7cc9bc44b3c59dfb830db85?s=96&d=mm&r=g","url":"https:\/\/secure.gravatar.com\/avatar\/0219e64664f5861998ad57a3432eb4bd5fd99a34c7cc9bc44b3c59dfb830db85?s=96&d=mm&r=g","contentUrl":"https:\/\/secure.gravatar.com\/avatar\/0219e64664f5861998ad57a3432eb4bd5fd99a34c7cc9bc44b3c59dfb830db85?s=96&d=mm&r=g","caption":"Sepam"},"url":"https:\/\/sepam.com.br\/en\/author\/sepam\/"}]}},"_links":{"self":[{"href":"https:\/\/sepam.com.br\/en\/wp-json\/wp\/v2\/posts\/7140","targetHints":{"allow":["GET"]}}],"collection":[{"href":"https:\/\/sepam.com.br\/en\/wp-json\/wp\/v2\/posts"}],"about":[{"href":"https:\/\/sepam.com.br\/en\/wp-json\/wp\/v2\/types\/post"}],"author":[{"embeddable":true,"href":"https:\/\/sepam.com.br\/en\/wp-json\/wp\/v2\/users\/13"}],"replies":[{"embeddable":true,"href":"https:\/\/sepam.com.br\/en\/wp-json\/wp\/v2\/comments?post=7140"}],"version-history":[{"count":1,"href":"https:\/\/sepam.com.br\/en\/wp-json\/wp\/v2\/posts\/7140\/revisions"}],"predecessor-version":[{"id":7204,"href":"https:\/\/sepam.com.br\/en\/wp-json\/wp\/v2\/posts\/7140\/revisions\/7204"}],"wp:attachment":[{"href":"https:\/\/sepam.com.br\/en\/wp-json\/wp\/v2\/media?parent=7140"}],"wp:term":[{"taxonomy":"category","embeddable":true,"href":"https:\/\/sepam.com.br\/en\/wp-json\/wp\/v2\/categories?post=7140"},{"taxonomy":"post_tag","embeddable":true,"href":"https:\/\/sepam.com.br\/en\/wp-json\/wp\/v2\/tags?post=7140"}],"curies":[{"name":"wp","href":"https:\/\/api.w.org\/{rel}","templated":true}]}}