{"id":7137,"date":"2025-08-28T10:47:43","date_gmt":"2025-08-28T13:47:43","guid":{"rendered":"https:\/\/dev.alisonandrei.com.br\/noticia\/uso-de-telas-pode-ser-evitado-pelas-criancas-durante-as-ferias-escolares\/"},"modified":"2025-11-24T10:53:35","modified_gmt":"2025-11-24T13:53:35","slug":"uso-de-telas-pode-ser-evitado-pelas-criancas-durante-as-ferias-escolares","status":"publish","type":"post","link":"https:\/\/sepam.com.br\/en\/uso-de-telas-pode-ser-evitado-pelas-criancas-durante-as-ferias-escolares\/","title":{"rendered":"Uso de telas pode ser evitado pelas crian\u00e7as durante as f\u00e9rias escolares"},"content":{"rendered":"<p><em>A coordenadora pedag\u00f3gica do Col\u00e9gio Sepam, K\u00e1tia Costa, traz dicas de atividades que podem ser realizadas sem o uso das tecnologias<\/em><\/p>\n<p>Julho \u00e9 tempo de f\u00e9rias em v\u00e1rias institui\u00e7\u00f5es de ensino. E \u00e9 durante essa \u00e9poca do ano que muitos pais se veem aflitos sobre como conduzir atividades com os filhos, em casa. A coordenadora pedag\u00f3gica do Col\u00e9gio Pontagrossense Sepam, K\u00e1tia Costa, traz algumas dicas para auxiliar as fam\u00edlias. Ela sugere evitar o uso de telas e de tecnologia, que acabou se intensificando com a pandemia da Covid-19.<\/p>\n<p>\u201cAs crian\u00e7as j\u00e1 tiveram muito acesso \u00e0s telas no ano passado por conta das limita\u00e7\u00f5es impostas pela pandemia. A exposi\u00e7\u00e3o a essas tecnologias pode diminuir a intera\u00e7\u00e3o social e interferir no desenvolvimento de fun\u00e7\u00f5es executivas, que s\u00e3o importantes para a aprendizagem, como mem\u00f3ria e aten\u00e7\u00e3o, al\u00e9m de causar uma distra\u00e7\u00e3o ap\u00e1tica nas crian\u00e7as. Ent\u00e3o, a recomenda\u00e7\u00e3o \u00e9 propor atividades que dispensem as telas\u201d, recomenda K\u00e1tia.<\/p>\n<p>\u00c9 importante priorizar atividades de movimento, como as realizadas com bolas, em parques e quadras. \u201cA crian\u00e7a precisa gastar energia, pular, criar reflexos, se movimentar. Faz parte da caracter\u00edstica dela ser ativa. Se os pais n\u00e3o podem acompanhar essas a\u00e7\u00f5es, por conta de trabalho, podem dar indica\u00e7\u00f5es para os cuidadores fazerem\u201d, destaca a coordenadora pedag\u00f3gica do Sepam, que tamb\u00e9m \u00e9 mestre em Educa\u00e7\u00e3o.<\/p>\n<p>Outra recomenda\u00e7\u00e3o \u00e9 a utiliza\u00e7\u00e3o de jogos, como quebra-cabe\u00e7a, de tabuleiro, da mem\u00f3ria, domin\u00f3 e bolinhas de gude. \u201cAlguns jogos desenvolvem o racioc\u00ednio l\u00f3gico matem\u00e1tico das crian\u00e7as e at\u00e9 a escrita das palavras, como o soletrando, por exemplo. O quebra-cabe\u00e7a estimula a aten\u00e7\u00e3o e a paci\u00eancia. Essas atividades s\u00e3o diferentes das da rotina escolar, mas tamb\u00e9m contribuem para o aprendizado e para o desenvolvimento, al\u00e9m de favorecer a intera\u00e7\u00e3o da crian\u00e7a com o oponente no jogo\u201d, explica.<\/p>\n<p>Para as crian\u00e7as abaixo de quatro anos, K\u00e1tia sugere atividades sensoriais, como as que utilizam \u00e1gua, tintas, areia, bal\u00e3o e papel picado. \u201cAs crian\u00e7as menores aprendem muito com a experi\u00eancia sensorial, por meio de sabor, cheiro, textura. Elas adoram questionar sobre tudo o que est\u00e1 ao seu redor, e se al\u00e9m das respostas os pais conseguirem ofertar tamb\u00e9m experi\u00eancia t\u00e1til, elas conseguem aprender muito mais\u201d, afirma.<\/p>\n<p>Al\u00e9m disso, \u00e9 poss\u00edvel promover momentos de leitura ou conta\u00e7\u00e3o de hist\u00f3rias, que s\u00e3o pr\u00e1ticas que auxiliam no desenvolvimento do pensamento cr\u00edtico e na resolu\u00e7\u00e3o de conflitos internos.<\/p>\n","protected":false},"excerpt":{"rendered":"<p>A coordenadora pedag\u00f3gica do Col\u00e9gio Sepam, K\u00e1tia Costa, traz dicas de atividades que podem ser realizadas sem o uso das tecnologias Julho \u00e9 tempo de f\u00e9rias em v\u00e1rias institui\u00e7\u00f5es de ensino. E \u00e9 durante essa \u00e9poca do ano que muitos pais se veem aflitos sobre como conduzir atividades com os filhos, em casa. A coordenadora [&hellip;]<\/p>\n","protected":false},"author":13,"featured_media":0,"comment_status":"open","ping_status":"open","sticky":false,"template":"","format":"standard","meta":{"footnotes":""},"categories":[21],"tags":[],"class_list":["post-7137","post","type-post","status-publish","format-standard","hentry","category-colegio-sepam"],"yoast_head":"<!-- This site is optimized with the Yoast SEO plugin v28.4 - https:\/\/yoast.com\/product\/yoast-seo-wordpress\/ -->\n<title>Uso de telas pode ser evitado pelas crian\u00e7as durante as f\u00e9rias escolares<\/title>\n<meta name=\"description\" content=\"A coordenadora pedag\u00f3gica do Col\u00e9gio Sepam, K\u00e1tia Costa, traz dicas de atividades que podem ser realizadas sem o uso das tecnologias Julho \u00e9 tempo de f\u00e9rias em v\u00e1rias institui\u00e7\u00f5es de ensino. E \u00e9 durante essa \u00e9poca do ano que muitos pais se veem aflitos sobre como conduzir atividades com os filhos, em casa. A coordenadora&hellip;\" \/>\n<meta name=\"robots\" content=\"index, follow, max-snippet:-1, max-image-preview:large, max-video-preview:-1\" \/>\n<link rel=\"canonical\" href=\"https:\/\/sepam.com.br\/en\/uso-de-telas-pode-ser-evitado-pelas-criancas-durante-as-ferias-escolares\/\" \/>\n<meta property=\"og:locale\" content=\"en_US\" \/>\n<meta property=\"og:type\" content=\"article\" \/>\n<meta property=\"og:title\" content=\"Uso de telas pode ser evitado pelas crian\u00e7as durante as f\u00e9rias escolares\" \/>\n<meta property=\"og:description\" content=\"A coordenadora pedag\u00f3gica do Col\u00e9gio Sepam, K\u00e1tia Costa, traz dicas de atividades que podem ser realizadas sem o uso das tecnologias Julho \u00e9 tempo de f\u00e9rias em v\u00e1rias institui\u00e7\u00f5es de ensino. E \u00e9 durante essa \u00e9poca do ano que muitos pais se veem aflitos sobre como conduzir atividades com os filhos, em casa. A coordenadora&hellip;\" \/>\n<meta property=\"og:url\" content=\"https:\/\/sepam.com.br\/en\/uso-de-telas-pode-ser-evitado-pelas-criancas-durante-as-ferias-escolares\/\" \/>\n<meta property=\"og:site_name\" content=\"Col\u00e9gio Sepam\" \/>\n<meta property=\"article:published_time\" content=\"2025-08-28T13:47:43+00:00\" \/>\n<meta property=\"article:modified_time\" content=\"2025-11-24T13:53:35+00:00\" \/>\n<meta name=\"author\" content=\"Sepam\" \/>\n<meta name=\"twitter:card\" content=\"summary_large_image\" \/>\n<meta name=\"twitter:label1\" content=\"Written by\" \/>\n\t<meta name=\"twitter:data1\" content=\"Sepam\" \/>\n\t<meta name=\"twitter:label2\" content=\"Est. reading time\" \/>\n\t<meta name=\"twitter:data2\" content=\"2 minutes\" \/>\n<script type=\"application\/ld+json\" class=\"yoast-schema-graph\">{\"@context\":\"https:\\\/\\\/schema.org\",\"@graph\":[{\"@type\":\"Article\",\"@id\":\"https:\\\/\\\/sepam.com.br\\\/en\\\/uso-de-telas-pode-ser-evitado-pelas-criancas-durante-as-ferias-escolares\\\/#article\",\"isPartOf\":{\"@id\":\"https:\\\/\\\/sepam.com.br\\\/en\\\/uso-de-telas-pode-ser-evitado-pelas-criancas-durante-as-ferias-escolares\\\/\"},\"author\":{\"name\":\"Sepam\",\"@id\":\"https:\\\/\\\/sepam.com.br\\\/#\\\/schema\\\/person\\\/bfa2996c649a5a6d822766f6e64eb7fd\"},\"headline\":\"Uso de telas pode ser evitado pelas crian\u00e7as durante as f\u00e9rias escolares\",\"datePublished\":\"2025-08-28T13:47:43+00:00\",\"dateModified\":\"2025-11-24T13:53:35+00:00\",\"mainEntityOfPage\":{\"@id\":\"https:\\\/\\\/sepam.com.br\\\/en\\\/uso-de-telas-pode-ser-evitado-pelas-criancas-durante-as-ferias-escolares\\\/\"},\"wordCount\":460,\"commentCount\":0,\"publisher\":{\"@id\":\"https:\\\/\\\/sepam.com.br\\\/#organization\"},\"articleSection\":[\"Colegio Sepam\"],\"inLanguage\":\"en-US\",\"potentialAction\":[{\"@type\":\"CommentAction\",\"name\":\"Comment\",\"target\":[\"https:\\\/\\\/sepam.com.br\\\/en\\\/uso-de-telas-pode-ser-evitado-pelas-criancas-durante-as-ferias-escolares\\\/#respond\"]}]},{\"@type\":\"WebPage\",\"@id\":\"https:\\\/\\\/sepam.com.br\\\/en\\\/uso-de-telas-pode-ser-evitado-pelas-criancas-durante-as-ferias-escolares\\\/\",\"url\":\"https:\\\/\\\/sepam.com.br\\\/en\\\/uso-de-telas-pode-ser-evitado-pelas-criancas-durante-as-ferias-escolares\\\/\",\"name\":\"Uso de telas pode ser evitado pelas crian\u00e7as durante as f\u00e9rias escolares - Col\u00e9gio Sepam\",\"isPartOf\":{\"@id\":\"https:\\\/\\\/sepam.com.br\\\/#website\"},\"datePublished\":\"2025-08-28T13:47:43+00:00\",\"dateModified\":\"2025-11-24T13:53:35+00:00\",\"breadcrumb\":{\"@id\":\"https:\\\/\\\/sepam.com.br\\\/en\\\/uso-de-telas-pode-ser-evitado-pelas-criancas-durante-as-ferias-escolares\\\/#breadcrumb\"},\"inLanguage\":\"en-US\",\"potentialAction\":[{\"@type\":\"ReadAction\",\"target\":[\"https:\\\/\\\/sepam.com.br\\\/en\\\/uso-de-telas-pode-ser-evitado-pelas-criancas-durante-as-ferias-escolares\\\/\"]}]},{\"@type\":\"BreadcrumbList\",\"@id\":\"https:\\\/\\\/sepam.com.br\\\/en\\\/uso-de-telas-pode-ser-evitado-pelas-criancas-durante-as-ferias-escolares\\\/#breadcrumb\",\"itemListElement\":[{\"@type\":\"ListItem\",\"position\":1,\"name\":\"Boas Vindas\",\"item\":\"https:\\\/\\\/sepam.com.br\\\/\"},{\"@type\":\"ListItem\",\"position\":2,\"name\":\"Uso de telas pode ser evitado pelas crian\u00e7as durante as f\u00e9rias escolares\"}]},{\"@type\":\"WebSite\",\"@id\":\"https:\\\/\\\/sepam.com.br\\\/en\\\/#website\",\"url\":\"https:\\\/\\\/sepam.com.br\\\/en\\\/\",\"name\":\"Col\u00e9gio Sepam\",\"description\":\"Ensino Incompar\u00e1vel\",\"publisher\":{\"@id\":\"https:\\\/\\\/sepam.com.br\\\/en\\\/#organization\"},\"potentialAction\":[{\"@type\":\"SearchAction\",\"target\":{\"@type\":\"EntryPoint\",\"urlTemplate\":\"https:\\\/\\\/sepam.com.br\\\/en\\\/?s={search_term_string}\"},\"query-input\":{\"@type\":\"PropertyValueSpecification\",\"valueRequired\":true,\"valueName\":\"search_term_string\"}}],\"inLanguage\":\"en-US\"},{\"@type\":\"Organization\",\"@id\":\"https:\\\/\\\/sepam.com.br\\\/en\\\/#organization\",\"name\":\"Col\u00e9gio Sepam\",\"url\":\"https:\\\/\\\/sepam.com.br\\\/en\\\/\",\"logo\":{\"@type\":\"ImageObject\",\"inLanguage\":\"en-US\",\"@id\":\"https:\\\/\\\/sepam.com.br\\\/en\\\/#\\\/schema\\\/logo\\\/image\\\/\",\"url\":\"https:\\\/\\\/sepam.com.br\\\/wp-content\\\/uploads\\\/2025\\\/02\\\/Ativo-2.png\",\"contentUrl\":\"https:\\\/\\\/sepam.com.br\\\/wp-content\\\/uploads\\\/2025\\\/02\\\/Ativo-2.png\",\"width\":595,\"height\":525,\"caption\":\"Col\u00e9gio Sepam\"},\"image\":{\"@id\":\"https:\\\/\\\/sepam.com.br\\\/en\\\/#\\\/schema\\\/logo\\\/image\\\/\"}},{\"@type\":\"Person\",\"@id\":\"https:\\\/\\\/sepam.com.br\\\/#\\\/schema\\\/person\\\/bfa2996c649a5a6d822766f6e64eb7fd\",\"name\":\"Sepam\",\"image\":{\"@type\":\"ImageObject\",\"inLanguage\":\"en-US\",\"@id\":\"https:\\\/\\\/secure.gravatar.com\\\/avatar\\\/0219e64664f5861998ad57a3432eb4bd5fd99a34c7cc9bc44b3c59dfb830db85?s=96&d=mm&r=g\",\"url\":\"https:\\\/\\\/secure.gravatar.com\\\/avatar\\\/0219e64664f5861998ad57a3432eb4bd5fd99a34c7cc9bc44b3c59dfb830db85?s=96&d=mm&r=g\",\"contentUrl\":\"https:\\\/\\\/secure.gravatar.com\\\/avatar\\\/0219e64664f5861998ad57a3432eb4bd5fd99a34c7cc9bc44b3c59dfb830db85?s=96&d=mm&r=g\",\"caption\":\"Sepam\"},\"url\":\"https:\\\/\\\/sepam.com.br\\\/en\\\/author\\\/sepam\\\/\"}]}<\/script>\n<!-- \/ Yoast SEO plugin. -->","yoast_head_json":{"title":"Uso de telas pode ser evitado pelas crian\u00e7as durante as f\u00e9rias escolares","description":"A coordenadora pedag\u00f3gica do Col\u00e9gio Sepam, K\u00e1tia Costa, traz dicas de atividades que podem ser realizadas sem o uso das tecnologias Julho \u00e9 tempo de f\u00e9rias em v\u00e1rias institui\u00e7\u00f5es de ensino. E \u00e9 durante essa \u00e9poca do ano que muitos pais se veem aflitos sobre como conduzir atividades com os filhos, em casa. A coordenadora&hellip;","robots":{"index":"index","follow":"follow","max-snippet":"max-snippet:-1","max-image-preview":"max-image-preview:large","max-video-preview":"max-video-preview:-1"},"canonical":"https:\/\/sepam.com.br\/en\/uso-de-telas-pode-ser-evitado-pelas-criancas-durante-as-ferias-escolares\/","og_locale":"en_US","og_type":"article","og_title":"Uso de telas pode ser evitado pelas crian\u00e7as durante as f\u00e9rias escolares","og_description":"A coordenadora pedag\u00f3gica do Col\u00e9gio Sepam, K\u00e1tia Costa, traz dicas de atividades que podem ser realizadas sem o uso das tecnologias Julho \u00e9 tempo de f\u00e9rias em v\u00e1rias institui\u00e7\u00f5es de ensino. E \u00e9 durante essa \u00e9poca do ano que muitos pais se veem aflitos sobre como conduzir atividades com os filhos, em casa. A coordenadora&hellip;","og_url":"https:\/\/sepam.com.br\/en\/uso-de-telas-pode-ser-evitado-pelas-criancas-durante-as-ferias-escolares\/","og_site_name":"Col\u00e9gio Sepam","article_published_time":"2025-08-28T13:47:43+00:00","article_modified_time":"2025-11-24T13:53:35+00:00","author":"Sepam","twitter_card":"summary_large_image","twitter_misc":{"Written by":"Sepam","Est. reading time":"2 minutes"},"schema":{"@context":"https:\/\/schema.org","@graph":[{"@type":"Article","@id":"https:\/\/sepam.com.br\/en\/uso-de-telas-pode-ser-evitado-pelas-criancas-durante-as-ferias-escolares\/#article","isPartOf":{"@id":"https:\/\/sepam.com.br\/en\/uso-de-telas-pode-ser-evitado-pelas-criancas-durante-as-ferias-escolares\/"},"author":{"name":"Sepam","@id":"https:\/\/sepam.com.br\/#\/schema\/person\/bfa2996c649a5a6d822766f6e64eb7fd"},"headline":"Uso de telas pode ser evitado pelas crian\u00e7as durante as f\u00e9rias escolares","datePublished":"2025-08-28T13:47:43+00:00","dateModified":"2025-11-24T13:53:35+00:00","mainEntityOfPage":{"@id":"https:\/\/sepam.com.br\/en\/uso-de-telas-pode-ser-evitado-pelas-criancas-durante-as-ferias-escolares\/"},"wordCount":460,"commentCount":0,"publisher":{"@id":"https:\/\/sepam.com.br\/#organization"},"articleSection":["Colegio Sepam"],"inLanguage":"en-US","potentialAction":[{"@type":"CommentAction","name":"Comment","target":["https:\/\/sepam.com.br\/en\/uso-de-telas-pode-ser-evitado-pelas-criancas-durante-as-ferias-escolares\/#respond"]}]},{"@type":"WebPage","@id":"https:\/\/sepam.com.br\/en\/uso-de-telas-pode-ser-evitado-pelas-criancas-durante-as-ferias-escolares\/","url":"https:\/\/sepam.com.br\/en\/uso-de-telas-pode-ser-evitado-pelas-criancas-durante-as-ferias-escolares\/","name":"Uso de telas pode ser evitado pelas crian\u00e7as durante as f\u00e9rias escolares - Col\u00e9gio Sepam","isPartOf":{"@id":"https:\/\/sepam.com.br\/#website"},"datePublished":"2025-08-28T13:47:43+00:00","dateModified":"2025-11-24T13:53:35+00:00","breadcrumb":{"@id":"https:\/\/sepam.com.br\/en\/uso-de-telas-pode-ser-evitado-pelas-criancas-durante-as-ferias-escolares\/#breadcrumb"},"inLanguage":"en-US","potentialAction":[{"@type":"ReadAction","target":["https:\/\/sepam.com.br\/en\/uso-de-telas-pode-ser-evitado-pelas-criancas-durante-as-ferias-escolares\/"]}]},{"@type":"BreadcrumbList","@id":"https:\/\/sepam.com.br\/en\/uso-de-telas-pode-ser-evitado-pelas-criancas-durante-as-ferias-escolares\/#breadcrumb","itemListElement":[{"@type":"ListItem","position":1,"name":"Boas Vindas","item":"https:\/\/sepam.com.br\/"},{"@type":"ListItem","position":2,"name":"Uso de telas pode ser evitado pelas crian\u00e7as durante as f\u00e9rias escolares"}]},{"@type":"WebSite","@id":"https:\/\/sepam.com.br\/en\/#website","url":"https:\/\/sepam.com.br\/en\/","name":"Col\u00e9gio Sepam","description":"Ensino Incompar\u00e1vel","publisher":{"@id":"https:\/\/sepam.com.br\/en\/#organization"},"potentialAction":[{"@type":"SearchAction","target":{"@type":"EntryPoint","urlTemplate":"https:\/\/sepam.com.br\/en\/?s={search_term_string}"},"query-input":{"@type":"PropertyValueSpecification","valueRequired":true,"valueName":"search_term_string"}}],"inLanguage":"en-US"},{"@type":"Organization","@id":"https:\/\/sepam.com.br\/en\/#organization","name":"Col\u00e9gio Sepam","url":"https:\/\/sepam.com.br\/en\/","logo":{"@type":"ImageObject","inLanguage":"en-US","@id":"https:\/\/sepam.com.br\/en\/#\/schema\/logo\/image\/","url":"https:\/\/sepam.com.br\/wp-content\/uploads\/2025\/02\/Ativo-2.png","contentUrl":"https:\/\/sepam.com.br\/wp-content\/uploads\/2025\/02\/Ativo-2.png","width":595,"height":525,"caption":"Col\u00e9gio Sepam"},"image":{"@id":"https:\/\/sepam.com.br\/en\/#\/schema\/logo\/image\/"}},{"@type":"Person","@id":"https:\/\/sepam.com.br\/#\/schema\/person\/bfa2996c649a5a6d822766f6e64eb7fd","name":"Sepam","image":{"@type":"ImageObject","inLanguage":"en-US","@id":"https:\/\/secure.gravatar.com\/avatar\/0219e64664f5861998ad57a3432eb4bd5fd99a34c7cc9bc44b3c59dfb830db85?s=96&d=mm&r=g","url":"https:\/\/secure.gravatar.com\/avatar\/0219e64664f5861998ad57a3432eb4bd5fd99a34c7cc9bc44b3c59dfb830db85?s=96&d=mm&r=g","contentUrl":"https:\/\/secure.gravatar.com\/avatar\/0219e64664f5861998ad57a3432eb4bd5fd99a34c7cc9bc44b3c59dfb830db85?s=96&d=mm&r=g","caption":"Sepam"},"url":"https:\/\/sepam.com.br\/en\/author\/sepam\/"}]}},"_links":{"self":[{"href":"https:\/\/sepam.com.br\/en\/wp-json\/wp\/v2\/posts\/7137","targetHints":{"allow":["GET"]}}],"collection":[{"href":"https:\/\/sepam.com.br\/en\/wp-json\/wp\/v2\/posts"}],"about":[{"href":"https:\/\/sepam.com.br\/en\/wp-json\/wp\/v2\/types\/post"}],"author":[{"embeddable":true,"href":"https:\/\/sepam.com.br\/en\/wp-json\/wp\/v2\/users\/13"}],"replies":[{"embeddable":true,"href":"https:\/\/sepam.com.br\/en\/wp-json\/wp\/v2\/comments?post=7137"}],"version-history":[{"count":1,"href":"https:\/\/sepam.com.br\/en\/wp-json\/wp\/v2\/posts\/7137\/revisions"}],"predecessor-version":[{"id":7241,"href":"https:\/\/sepam.com.br\/en\/wp-json\/wp\/v2\/posts\/7137\/revisions\/7241"}],"wp:attachment":[{"href":"https:\/\/sepam.com.br\/en\/wp-json\/wp\/v2\/media?parent=7137"}],"wp:term":[{"taxonomy":"category","embeddable":true,"href":"https:\/\/sepam.com.br\/en\/wp-json\/wp\/v2\/categories?post=7137"},{"taxonomy":"post_tag","embeddable":true,"href":"https:\/\/sepam.com.br\/en\/wp-json\/wp\/v2\/tags?post=7137"}],"curies":[{"name":"wp","href":"https:\/\/api.w.org\/{rel}","templated":true}]}}