{"id":7134,"date":"2025-08-28T10:47:43","date_gmt":"2025-08-28T13:47:43","guid":{"rendered":"https:\/\/dev.alisonandrei.com.br\/noticia\/dinamica-no-sepam-incentiva-a-reflexao-sobre-atitudes\/"},"modified":"2025-11-24T10:53:35","modified_gmt":"2025-11-24T13:53:35","slug":"dinamica-no-sepam-incentiva-a-reflexao-sobre-atitudes","status":"publish","type":"post","link":"https:\/\/sepam.com.br\/en\/dinamica-no-sepam-incentiva-a-reflexao-sobre-atitudes\/","title":{"rendered":"Din\u00e2mica no Sepam incentiva a reflex\u00e3o sobre atitudes"},"content":{"rendered":"<p style=\"text-align: center;\"><em>Brincadeira \u2018c\u00edrculo de controle\u2019 foi conduzida com a turmas do segundo ano dentro do programa L\u00edder em mim, desenvolvido pelo Col\u00e9gio Pontagrossense<\/em><\/p>\n<p>&nbsp;<\/p>\n<p>O Col\u00e9gio Sepam possui como parte do curr\u00edculo o programa internacional L\u00edder em Mim, envolvendo todas as turmas do Ensino Fundamental (1\u00ba ao 9\u00ba ano). Na \u00faltima semana, as crian\u00e7as do 2\u00ba ano participaram de uma din\u00e2mica para refletir sobre atitudes e a\u00e7\u00f5es que podem ou n\u00e3o ser controladas.<\/p>\n<p>\u201cPrecisamos aprender a focar nas coisas que est\u00e3o dentro de nosso alcance, mudar ou melhorar. Um bom l\u00edder n\u00e3o desperdi\u00e7a energia e tempo com coisas que est\u00e3o fora de seu c\u00edrculo de controle\u201d, explica a professora Fl\u00e1via Vanessa Starke, que conduziu a din\u00e2mica com os alunos.<\/p>\n<p>A brincadeira foi pular dentro ou fora de um bambol\u00ea, que representava o limite do que pode ou n\u00e3o ser controlado; a professora colocou exemplos de a\u00e7\u00f5es, fatos ou atitudes para os alunos decidirem: 1. posso controlar &#8211; a\u00e7\u00e3o: pular dentro do bambol\u00ea; 2. n\u00e3o posso controlar &#8211; a\u00e7\u00e3o: pular fora do bambol\u00ea. As crian\u00e7as divertiram-se, dialogaram e refletiram sobre o tema, comparando com a\u00e7\u00f5es que podem ter no seu dia a dia. \u201cElas compreenderam que certas coisas n\u00e3o podemos mudar, mesmo que nos aborre\u00e7a, mas podemos escolher nosso pr\u00f3prio humor e focar em coisas positivas\u201d, destaca Fl\u00e1via.<\/p>\n<p>O programa L\u00edder em Mim foi desenvolvido nos Estados Unidos, baseado em estudos de doutorado de Stephen R. Covey, autor do livro best seller \u201cOs 7 H\u00e1bitos das Pessoas Altamente Eficazes\u201d, e adaptado \u00e0 realidade brasileira para escolas do n\u00edvel b\u00e1sico.<\/p>\n<hr \/>\n<p style=\"text-align: right;\"><em>A atividade tamb\u00e9m foi divulgada no <a href=\"https:\/\/d.arede.info\/vamos-ler\/383134\/dinamica-no-sepam-incentiva-a-reflexao-sobre-atitudes\" target=\"_blank\" rel=\"noopener\">Portal aRede<\/a>.<\/em><\/p>\n","protected":false},"excerpt":{"rendered":"<p>Brincadeira \u2018c\u00edrculo de controle\u2019 foi conduzida com a turmas do segundo ano dentro do programa L\u00edder em mim, desenvolvido pelo Col\u00e9gio Pontagrossense &nbsp; O Col\u00e9gio Sepam possui como parte do curr\u00edculo o programa internacional L\u00edder em Mim, envolvendo todas as turmas do Ensino Fundamental (1\u00ba ao 9\u00ba ano). Na \u00faltima semana, as crian\u00e7as do 2\u00ba [&hellip;]<\/p>\n","protected":false},"author":13,"featured_media":0,"comment_status":"open","ping_status":"open","sticky":false,"template":"","format":"standard","meta":{"footnotes":""},"categories":[21],"tags":[],"class_list":["post-7134","post","type-post","status-publish","format-standard","hentry","category-colegio-sepam"],"yoast_head":"<!-- This site is optimized with the Yoast SEO plugin v28.4 - https:\/\/yoast.com\/product\/yoast-seo-wordpress\/ -->\n<title>Din\u00e2mica no Sepam incentiva a reflex\u00e3o sobre atitudes<\/title>\n<meta name=\"description\" content=\"Brincadeira \u2018c\u00edrculo de controle\u2019 foi conduzida com a turmas do segundo ano dentro do programa L\u00edder em mim, desenvolvido pelo Col\u00e9gio Pontagrossense &nbsp; O Col\u00e9gio Sepam possui como parte do curr\u00edculo o programa internacional L\u00edder em Mim, envolvendo todas as turmas do Ensino Fundamental (1\u00ba ao 9\u00ba ano). Na \u00faltima semana, as crian\u00e7as do 2\u00ba&hellip;\" \/>\n<meta name=\"robots\" content=\"index, follow, max-snippet:-1, max-image-preview:large, max-video-preview:-1\" \/>\n<link rel=\"canonical\" href=\"https:\/\/sepam.com.br\/en\/dinamica-no-sepam-incentiva-a-reflexao-sobre-atitudes\/\" \/>\n<meta property=\"og:locale\" content=\"en_US\" \/>\n<meta property=\"og:type\" content=\"article\" \/>\n<meta property=\"og:title\" content=\"Din\u00e2mica no Sepam incentiva a reflex\u00e3o sobre atitudes\" \/>\n<meta property=\"og:description\" content=\"Brincadeira \u2018c\u00edrculo de controle\u2019 foi conduzida com a turmas do segundo ano dentro do programa L\u00edder em mim, desenvolvido pelo Col\u00e9gio Pontagrossense &nbsp; O Col\u00e9gio Sepam possui como parte do curr\u00edculo o programa internacional L\u00edder em Mim, envolvendo todas as turmas do Ensino Fundamental (1\u00ba ao 9\u00ba ano). Na \u00faltima semana, as crian\u00e7as do 2\u00ba&hellip;\" \/>\n<meta property=\"og:url\" content=\"https:\/\/sepam.com.br\/en\/dinamica-no-sepam-incentiva-a-reflexao-sobre-atitudes\/\" \/>\n<meta property=\"og:site_name\" content=\"Col\u00e9gio Sepam\" \/>\n<meta property=\"article:published_time\" content=\"2025-08-28T13:47:43+00:00\" \/>\n<meta property=\"article:modified_time\" content=\"2025-11-24T13:53:35+00:00\" \/>\n<meta name=\"author\" content=\"Sepam\" \/>\n<meta name=\"twitter:card\" content=\"summary_large_image\" \/>\n<meta name=\"twitter:label1\" content=\"Written by\" \/>\n\t<meta name=\"twitter:data1\" content=\"Sepam\" \/>\n\t<meta name=\"twitter:label2\" content=\"Est. reading time\" \/>\n\t<meta name=\"twitter:data2\" content=\"1 minute\" \/>\n<script type=\"application\/ld+json\" class=\"yoast-schema-graph\">{\"@context\":\"https:\\\/\\\/schema.org\",\"@graph\":[{\"@type\":\"Article\",\"@id\":\"https:\\\/\\\/sepam.com.br\\\/en\\\/dinamica-no-sepam-incentiva-a-reflexao-sobre-atitudes\\\/#article\",\"isPartOf\":{\"@id\":\"https:\\\/\\\/sepam.com.br\\\/en\\\/dinamica-no-sepam-incentiva-a-reflexao-sobre-atitudes\\\/\"},\"author\":{\"name\":\"Sepam\",\"@id\":\"https:\\\/\\\/sepam.com.br\\\/#\\\/schema\\\/person\\\/bfa2996c649a5a6d822766f6e64eb7fd\"},\"headline\":\"Din\u00e2mica no Sepam incentiva a reflex\u00e3o sobre atitudes\",\"datePublished\":\"2025-08-28T13:47:43+00:00\",\"dateModified\":\"2025-11-24T13:53:35+00:00\",\"mainEntityOfPage\":{\"@id\":\"https:\\\/\\\/sepam.com.br\\\/en\\\/dinamica-no-sepam-incentiva-a-reflexao-sobre-atitudes\\\/\"},\"wordCount\":302,\"commentCount\":0,\"publisher\":{\"@id\":\"https:\\\/\\\/sepam.com.br\\\/#organization\"},\"articleSection\":[\"Colegio Sepam\"],\"inLanguage\":\"en-US\",\"potentialAction\":[{\"@type\":\"CommentAction\",\"name\":\"Comment\",\"target\":[\"https:\\\/\\\/sepam.com.br\\\/en\\\/dinamica-no-sepam-incentiva-a-reflexao-sobre-atitudes\\\/#respond\"]}]},{\"@type\":\"WebPage\",\"@id\":\"https:\\\/\\\/sepam.com.br\\\/en\\\/dinamica-no-sepam-incentiva-a-reflexao-sobre-atitudes\\\/\",\"url\":\"https:\\\/\\\/sepam.com.br\\\/en\\\/dinamica-no-sepam-incentiva-a-reflexao-sobre-atitudes\\\/\",\"name\":\"Din\u00e2mica no Sepam incentiva a reflex\u00e3o sobre atitudes - Col\u00e9gio Sepam\",\"isPartOf\":{\"@id\":\"https:\\\/\\\/sepam.com.br\\\/#website\"},\"datePublished\":\"2025-08-28T13:47:43+00:00\",\"dateModified\":\"2025-11-24T13:53:35+00:00\",\"breadcrumb\":{\"@id\":\"https:\\\/\\\/sepam.com.br\\\/en\\\/dinamica-no-sepam-incentiva-a-reflexao-sobre-atitudes\\\/#breadcrumb\"},\"inLanguage\":\"en-US\",\"potentialAction\":[{\"@type\":\"ReadAction\",\"target\":[\"https:\\\/\\\/sepam.com.br\\\/en\\\/dinamica-no-sepam-incentiva-a-reflexao-sobre-atitudes\\\/\"]}]},{\"@type\":\"BreadcrumbList\",\"@id\":\"https:\\\/\\\/sepam.com.br\\\/en\\\/dinamica-no-sepam-incentiva-a-reflexao-sobre-atitudes\\\/#breadcrumb\",\"itemListElement\":[{\"@type\":\"ListItem\",\"position\":1,\"name\":\"Boas Vindas\",\"item\":\"https:\\\/\\\/sepam.com.br\\\/\"},{\"@type\":\"ListItem\",\"position\":2,\"name\":\"Din\u00e2mica no Sepam incentiva a reflex\u00e3o sobre atitudes\"}]},{\"@type\":\"WebSite\",\"@id\":\"https:\\\/\\\/sepam.com.br\\\/en\\\/#website\",\"url\":\"https:\\\/\\\/sepam.com.br\\\/en\\\/\",\"name\":\"Col\u00e9gio Sepam\",\"description\":\"Ensino Incompar\u00e1vel\",\"publisher\":{\"@id\":\"https:\\\/\\\/sepam.com.br\\\/en\\\/#organization\"},\"potentialAction\":[{\"@type\":\"SearchAction\",\"target\":{\"@type\":\"EntryPoint\",\"urlTemplate\":\"https:\\\/\\\/sepam.com.br\\\/en\\\/?s={search_term_string}\"},\"query-input\":{\"@type\":\"PropertyValueSpecification\",\"valueRequired\":true,\"valueName\":\"search_term_string\"}}],\"inLanguage\":\"en-US\"},{\"@type\":\"Organization\",\"@id\":\"https:\\\/\\\/sepam.com.br\\\/en\\\/#organization\",\"name\":\"Col\u00e9gio Sepam\",\"url\":\"https:\\\/\\\/sepam.com.br\\\/en\\\/\",\"logo\":{\"@type\":\"ImageObject\",\"inLanguage\":\"en-US\",\"@id\":\"https:\\\/\\\/sepam.com.br\\\/en\\\/#\\\/schema\\\/logo\\\/image\\\/\",\"url\":\"https:\\\/\\\/sepam.com.br\\\/wp-content\\\/uploads\\\/2025\\\/02\\\/Ativo-2.png\",\"contentUrl\":\"https:\\\/\\\/sepam.com.br\\\/wp-content\\\/uploads\\\/2025\\\/02\\\/Ativo-2.png\",\"width\":595,\"height\":525,\"caption\":\"Col\u00e9gio Sepam\"},\"image\":{\"@id\":\"https:\\\/\\\/sepam.com.br\\\/en\\\/#\\\/schema\\\/logo\\\/image\\\/\"}},{\"@type\":\"Person\",\"@id\":\"https:\\\/\\\/sepam.com.br\\\/#\\\/schema\\\/person\\\/bfa2996c649a5a6d822766f6e64eb7fd\",\"name\":\"Sepam\",\"image\":{\"@type\":\"ImageObject\",\"inLanguage\":\"en-US\",\"@id\":\"https:\\\/\\\/secure.gravatar.com\\\/avatar\\\/0219e64664f5861998ad57a3432eb4bd5fd99a34c7cc9bc44b3c59dfb830db85?s=96&d=mm&r=g\",\"url\":\"https:\\\/\\\/secure.gravatar.com\\\/avatar\\\/0219e64664f5861998ad57a3432eb4bd5fd99a34c7cc9bc44b3c59dfb830db85?s=96&d=mm&r=g\",\"contentUrl\":\"https:\\\/\\\/secure.gravatar.com\\\/avatar\\\/0219e64664f5861998ad57a3432eb4bd5fd99a34c7cc9bc44b3c59dfb830db85?s=96&d=mm&r=g\",\"caption\":\"Sepam\"},\"url\":\"https:\\\/\\\/sepam.com.br\\\/en\\\/author\\\/sepam\\\/\"}]}<\/script>\n<!-- \/ Yoast SEO plugin. -->","yoast_head_json":{"title":"Din\u00e2mica no Sepam incentiva a reflex\u00e3o sobre atitudes","description":"Brincadeira \u2018c\u00edrculo de controle\u2019 foi conduzida com a turmas do segundo ano dentro do programa L\u00edder em mim, desenvolvido pelo Col\u00e9gio Pontagrossense &nbsp; O Col\u00e9gio Sepam possui como parte do curr\u00edculo o programa internacional L\u00edder em Mim, envolvendo todas as turmas do Ensino Fundamental (1\u00ba ao 9\u00ba ano). Na \u00faltima semana, as crian\u00e7as do 2\u00ba&hellip;","robots":{"index":"index","follow":"follow","max-snippet":"max-snippet:-1","max-image-preview":"max-image-preview:large","max-video-preview":"max-video-preview:-1"},"canonical":"https:\/\/sepam.com.br\/en\/dinamica-no-sepam-incentiva-a-reflexao-sobre-atitudes\/","og_locale":"en_US","og_type":"article","og_title":"Din\u00e2mica no Sepam incentiva a reflex\u00e3o sobre atitudes","og_description":"Brincadeira \u2018c\u00edrculo de controle\u2019 foi conduzida com a turmas do segundo ano dentro do programa L\u00edder em mim, desenvolvido pelo Col\u00e9gio Pontagrossense &nbsp; O Col\u00e9gio Sepam possui como parte do curr\u00edculo o programa internacional L\u00edder em Mim, envolvendo todas as turmas do Ensino Fundamental (1\u00ba ao 9\u00ba ano). Na \u00faltima semana, as crian\u00e7as do 2\u00ba&hellip;","og_url":"https:\/\/sepam.com.br\/en\/dinamica-no-sepam-incentiva-a-reflexao-sobre-atitudes\/","og_site_name":"Col\u00e9gio Sepam","article_published_time":"2025-08-28T13:47:43+00:00","article_modified_time":"2025-11-24T13:53:35+00:00","author":"Sepam","twitter_card":"summary_large_image","twitter_misc":{"Written by":"Sepam","Est. reading time":"1 minute"},"schema":{"@context":"https:\/\/schema.org","@graph":[{"@type":"Article","@id":"https:\/\/sepam.com.br\/en\/dinamica-no-sepam-incentiva-a-reflexao-sobre-atitudes\/#article","isPartOf":{"@id":"https:\/\/sepam.com.br\/en\/dinamica-no-sepam-incentiva-a-reflexao-sobre-atitudes\/"},"author":{"name":"Sepam","@id":"https:\/\/sepam.com.br\/#\/schema\/person\/bfa2996c649a5a6d822766f6e64eb7fd"},"headline":"Din\u00e2mica no Sepam incentiva a reflex\u00e3o sobre atitudes","datePublished":"2025-08-28T13:47:43+00:00","dateModified":"2025-11-24T13:53:35+00:00","mainEntityOfPage":{"@id":"https:\/\/sepam.com.br\/en\/dinamica-no-sepam-incentiva-a-reflexao-sobre-atitudes\/"},"wordCount":302,"commentCount":0,"publisher":{"@id":"https:\/\/sepam.com.br\/#organization"},"articleSection":["Colegio Sepam"],"inLanguage":"en-US","potentialAction":[{"@type":"CommentAction","name":"Comment","target":["https:\/\/sepam.com.br\/en\/dinamica-no-sepam-incentiva-a-reflexao-sobre-atitudes\/#respond"]}]},{"@type":"WebPage","@id":"https:\/\/sepam.com.br\/en\/dinamica-no-sepam-incentiva-a-reflexao-sobre-atitudes\/","url":"https:\/\/sepam.com.br\/en\/dinamica-no-sepam-incentiva-a-reflexao-sobre-atitudes\/","name":"Din\u00e2mica no Sepam incentiva a reflex\u00e3o sobre atitudes - Col\u00e9gio Sepam","isPartOf":{"@id":"https:\/\/sepam.com.br\/#website"},"datePublished":"2025-08-28T13:47:43+00:00","dateModified":"2025-11-24T13:53:35+00:00","breadcrumb":{"@id":"https:\/\/sepam.com.br\/en\/dinamica-no-sepam-incentiva-a-reflexao-sobre-atitudes\/#breadcrumb"},"inLanguage":"en-US","potentialAction":[{"@type":"ReadAction","target":["https:\/\/sepam.com.br\/en\/dinamica-no-sepam-incentiva-a-reflexao-sobre-atitudes\/"]}]},{"@type":"BreadcrumbList","@id":"https:\/\/sepam.com.br\/en\/dinamica-no-sepam-incentiva-a-reflexao-sobre-atitudes\/#breadcrumb","itemListElement":[{"@type":"ListItem","position":1,"name":"Boas Vindas","item":"https:\/\/sepam.com.br\/"},{"@type":"ListItem","position":2,"name":"Din\u00e2mica no Sepam incentiva a reflex\u00e3o sobre atitudes"}]},{"@type":"WebSite","@id":"https:\/\/sepam.com.br\/en\/#website","url":"https:\/\/sepam.com.br\/en\/","name":"Col\u00e9gio Sepam","description":"Ensino Incompar\u00e1vel","publisher":{"@id":"https:\/\/sepam.com.br\/en\/#organization"},"potentialAction":[{"@type":"SearchAction","target":{"@type":"EntryPoint","urlTemplate":"https:\/\/sepam.com.br\/en\/?s={search_term_string}"},"query-input":{"@type":"PropertyValueSpecification","valueRequired":true,"valueName":"search_term_string"}}],"inLanguage":"en-US"},{"@type":"Organization","@id":"https:\/\/sepam.com.br\/en\/#organization","name":"Col\u00e9gio Sepam","url":"https:\/\/sepam.com.br\/en\/","logo":{"@type":"ImageObject","inLanguage":"en-US","@id":"https:\/\/sepam.com.br\/en\/#\/schema\/logo\/image\/","url":"https:\/\/sepam.com.br\/wp-content\/uploads\/2025\/02\/Ativo-2.png","contentUrl":"https:\/\/sepam.com.br\/wp-content\/uploads\/2025\/02\/Ativo-2.png","width":595,"height":525,"caption":"Col\u00e9gio Sepam"},"image":{"@id":"https:\/\/sepam.com.br\/en\/#\/schema\/logo\/image\/"}},{"@type":"Person","@id":"https:\/\/sepam.com.br\/#\/schema\/person\/bfa2996c649a5a6d822766f6e64eb7fd","name":"Sepam","image":{"@type":"ImageObject","inLanguage":"en-US","@id":"https:\/\/secure.gravatar.com\/avatar\/0219e64664f5861998ad57a3432eb4bd5fd99a34c7cc9bc44b3c59dfb830db85?s=96&d=mm&r=g","url":"https:\/\/secure.gravatar.com\/avatar\/0219e64664f5861998ad57a3432eb4bd5fd99a34c7cc9bc44b3c59dfb830db85?s=96&d=mm&r=g","contentUrl":"https:\/\/secure.gravatar.com\/avatar\/0219e64664f5861998ad57a3432eb4bd5fd99a34c7cc9bc44b3c59dfb830db85?s=96&d=mm&r=g","caption":"Sepam"},"url":"https:\/\/sepam.com.br\/en\/author\/sepam\/"}]}},"_links":{"self":[{"href":"https:\/\/sepam.com.br\/en\/wp-json\/wp\/v2\/posts\/7134","targetHints":{"allow":["GET"]}}],"collection":[{"href":"https:\/\/sepam.com.br\/en\/wp-json\/wp\/v2\/posts"}],"about":[{"href":"https:\/\/sepam.com.br\/en\/wp-json\/wp\/v2\/types\/post"}],"author":[{"embeddable":true,"href":"https:\/\/sepam.com.br\/en\/wp-json\/wp\/v2\/users\/13"}],"replies":[{"embeddable":true,"href":"https:\/\/sepam.com.br\/en\/wp-json\/wp\/v2\/comments?post=7134"}],"version-history":[{"count":1,"href":"https:\/\/sepam.com.br\/en\/wp-json\/wp\/v2\/posts\/7134\/revisions"}],"predecessor-version":[{"id":7238,"href":"https:\/\/sepam.com.br\/en\/wp-json\/wp\/v2\/posts\/7134\/revisions\/7238"}],"wp:attachment":[{"href":"https:\/\/sepam.com.br\/en\/wp-json\/wp\/v2\/media?parent=7134"}],"wp:term":[{"taxonomy":"category","embeddable":true,"href":"https:\/\/sepam.com.br\/en\/wp-json\/wp\/v2\/categories?post=7134"},{"taxonomy":"post_tag","embeddable":true,"href":"https:\/\/sepam.com.br\/en\/wp-json\/wp\/v2\/tags?post=7134"}],"curies":[{"name":"wp","href":"https:\/\/api.w.org\/{rel}","templated":true}]}}