{"id":7086,"date":"2025-08-28T10:47:37","date_gmt":"2025-08-28T13:47:37","guid":{"rendered":"https:\/\/dev.alisonandrei.com.br\/noticia\/sepam-recebe-mencao-honrosa-da-assembleia-legislativa-do-estado-do-parana\/"},"modified":"2025-11-24T10:53:35","modified_gmt":"2025-11-24T13:53:35","slug":"sepam-recebe-mencao-honrosa-da-assembleia-legislativa-do-estado-do-parana","status":"publish","type":"post","link":"https:\/\/sepam.com.br\/en\/sepam-recebe-mencao-honrosa-da-assembleia-legislativa-do-estado-do-parana\/","title":{"rendered":"Sepam recebe Men\u00e7\u00e3o Honrosa da Assembleia Legislativa do Estado do Paran\u00e1"},"content":{"rendered":"<p>O Col\u00e9gio Pontagrossense Sepam recebeu Men\u00e7\u00e3o Honrosa da Assembleia Legislativa do Estado do Paran\u00e1 por seus 80 anos completados no dia 30 de outubro de 2019. A honraria foi solicitada pela deputada estadual Mabel Canto.<\/p>\n<p>Em sua justificativa Mabel destacou que o Col\u00e9gio oferece ensino nos n\u00edveis de Educa\u00e7\u00e3o Infantil, Ensino Fundamental e M\u00e9dio e Pr\u00e9-Vestibular, al\u00e9m de ser o \u00fanico na regi\u00e3o a oferecer o programa High School, com certifica\u00e7\u00e3o norte-americana.<\/p>\n","protected":false},"excerpt":{"rendered":"<p>O Col\u00e9gio Pontagrossense Sepam recebeu Men\u00e7\u00e3o Honrosa da Assembleia Legislativa do Estado do Paran\u00e1 por seus 80 anos completados no dia 30 de outubro de 2019. A honraria foi solicitada pela deputada estadual Mabel Canto. Em sua justificativa Mabel destacou que o Col\u00e9gio oferece ensino nos n\u00edveis de Educa\u00e7\u00e3o Infantil, Ensino Fundamental e M\u00e9dio e [&hellip;]<\/p>\n","protected":false},"author":13,"featured_media":0,"comment_status":"open","ping_status":"open","sticky":false,"template":"","format":"standard","meta":{"footnotes":""},"categories":[21],"tags":[],"class_list":["post-7086","post","type-post","status-publish","format-standard","hentry","category-colegio-sepam"],"yoast_head":"<!-- This site is optimized with the Yoast SEO plugin v28.4 - https:\/\/yoast.com\/product\/yoast-seo-wordpress\/ -->\n<title>Sepam recebe Men\u00e7\u00e3o Honrosa da Assembleia Legislativa do Estado do Paran\u00e1<\/title>\n<meta name=\"description\" content=\"O Col\u00e9gio Pontagrossense Sepam recebeu Men\u00e7\u00e3o Honrosa da Assembleia Legislativa do Estado do Paran\u00e1 por seus 80 anos completados no dia 30 de outubro de 2019. A honraria foi solicitada pela deputada estadual Mabel Canto. Em sua justificativa Mabel destacou que o Col\u00e9gio oferece ensino nos n\u00edveis de Educa\u00e7\u00e3o Infantil, Ensino Fundamental e M\u00e9dio e&hellip;\" \/>\n<meta name=\"robots\" content=\"index, follow, max-snippet:-1, max-image-preview:large, max-video-preview:-1\" \/>\n<link rel=\"canonical\" href=\"https:\/\/sepam.com.br\/en\/sepam-recebe-mencao-honrosa-da-assembleia-legislativa-do-estado-do-parana\/\" \/>\n<meta property=\"og:locale\" content=\"en_US\" \/>\n<meta property=\"og:type\" content=\"article\" \/>\n<meta property=\"og:title\" content=\"Sepam recebe Men\u00e7\u00e3o Honrosa da Assembleia Legislativa do Estado do Paran\u00e1\" \/>\n<meta property=\"og:description\" content=\"O Col\u00e9gio Pontagrossense Sepam recebeu Men\u00e7\u00e3o Honrosa da Assembleia Legislativa do Estado do Paran\u00e1 por seus 80 anos completados no dia 30 de outubro de 2019. A honraria foi solicitada pela deputada estadual Mabel Canto. Em sua justificativa Mabel destacou que o Col\u00e9gio oferece ensino nos n\u00edveis de Educa\u00e7\u00e3o Infantil, Ensino Fundamental e M\u00e9dio e&hellip;\" \/>\n<meta property=\"og:url\" content=\"https:\/\/sepam.com.br\/en\/sepam-recebe-mencao-honrosa-da-assembleia-legislativa-do-estado-do-parana\/\" \/>\n<meta property=\"og:site_name\" content=\"Col\u00e9gio Sepam\" \/>\n<meta property=\"article:published_time\" content=\"2025-08-28T13:47:37+00:00\" \/>\n<meta property=\"article:modified_time\" content=\"2025-11-24T13:53:35+00:00\" \/>\n<meta name=\"author\" content=\"Sepam\" \/>\n<meta name=\"twitter:card\" content=\"summary_large_image\" \/>\n<meta name=\"twitter:label1\" content=\"Written by\" \/>\n\t<meta name=\"twitter:data1\" content=\"Sepam\" \/>\n<script type=\"application\/ld+json\" class=\"yoast-schema-graph\">{\"@context\":\"https:\\\/\\\/schema.org\",\"@graph\":[{\"@type\":\"Article\",\"@id\":\"https:\\\/\\\/sepam.com.br\\\/en\\\/sepam-recebe-mencao-honrosa-da-assembleia-legislativa-do-estado-do-parana\\\/#article\",\"isPartOf\":{\"@id\":\"https:\\\/\\\/sepam.com.br\\\/en\\\/sepam-recebe-mencao-honrosa-da-assembleia-legislativa-do-estado-do-parana\\\/\"},\"author\":{\"name\":\"Sepam\",\"@id\":\"https:\\\/\\\/sepam.com.br\\\/#\\\/schema\\\/person\\\/bfa2996c649a5a6d822766f6e64eb7fd\"},\"headline\":\"Sepam recebe Men\u00e7\u00e3o Honrosa da Assembleia Legislativa do Estado do Paran\u00e1\",\"datePublished\":\"2025-08-28T13:47:37+00:00\",\"dateModified\":\"2025-11-24T13:53:35+00:00\",\"mainEntityOfPage\":{\"@id\":\"https:\\\/\\\/sepam.com.br\\\/en\\\/sepam-recebe-mencao-honrosa-da-assembleia-legislativa-do-estado-do-parana\\\/\"},\"wordCount\":91,\"commentCount\":0,\"publisher\":{\"@id\":\"https:\\\/\\\/sepam.com.br\\\/#organization\"},\"articleSection\":[\"Colegio Sepam\"],\"inLanguage\":\"en-US\",\"potentialAction\":[{\"@type\":\"CommentAction\",\"name\":\"Comment\",\"target\":[\"https:\\\/\\\/sepam.com.br\\\/en\\\/sepam-recebe-mencao-honrosa-da-assembleia-legislativa-do-estado-do-parana\\\/#respond\"]}]},{\"@type\":\"WebPage\",\"@id\":\"https:\\\/\\\/sepam.com.br\\\/en\\\/sepam-recebe-mencao-honrosa-da-assembleia-legislativa-do-estado-do-parana\\\/\",\"url\":\"https:\\\/\\\/sepam.com.br\\\/en\\\/sepam-recebe-mencao-honrosa-da-assembleia-legislativa-do-estado-do-parana\\\/\",\"name\":\"Sepam recebe Men\u00e7\u00e3o Honrosa da Assembleia Legislativa do Estado do Paran\u00e1 - Col\u00e9gio Sepam\",\"isPartOf\":{\"@id\":\"https:\\\/\\\/sepam.com.br\\\/#website\"},\"datePublished\":\"2025-08-28T13:47:37+00:00\",\"dateModified\":\"2025-11-24T13:53:35+00:00\",\"breadcrumb\":{\"@id\":\"https:\\\/\\\/sepam.com.br\\\/en\\\/sepam-recebe-mencao-honrosa-da-assembleia-legislativa-do-estado-do-parana\\\/#breadcrumb\"},\"inLanguage\":\"en-US\",\"potentialAction\":[{\"@type\":\"ReadAction\",\"target\":[\"https:\\\/\\\/sepam.com.br\\\/en\\\/sepam-recebe-mencao-honrosa-da-assembleia-legislativa-do-estado-do-parana\\\/\"]}]},{\"@type\":\"BreadcrumbList\",\"@id\":\"https:\\\/\\\/sepam.com.br\\\/en\\\/sepam-recebe-mencao-honrosa-da-assembleia-legislativa-do-estado-do-parana\\\/#breadcrumb\",\"itemListElement\":[{\"@type\":\"ListItem\",\"position\":1,\"name\":\"Boas Vindas\",\"item\":\"https:\\\/\\\/sepam.com.br\\\/\"},{\"@type\":\"ListItem\",\"position\":2,\"name\":\"Sepam recebe Men\u00e7\u00e3o Honrosa da Assembleia Legislativa do Estado do Paran\u00e1\"}]},{\"@type\":\"WebSite\",\"@id\":\"https:\\\/\\\/sepam.com.br\\\/en\\\/#website\",\"url\":\"https:\\\/\\\/sepam.com.br\\\/en\\\/\",\"name\":\"Col\u00e9gio Sepam\",\"description\":\"Ensino Incompar\u00e1vel\",\"publisher\":{\"@id\":\"https:\\\/\\\/sepam.com.br\\\/en\\\/#organization\"},\"potentialAction\":[{\"@type\":\"SearchAction\",\"target\":{\"@type\":\"EntryPoint\",\"urlTemplate\":\"https:\\\/\\\/sepam.com.br\\\/en\\\/?s={search_term_string}\"},\"query-input\":{\"@type\":\"PropertyValueSpecification\",\"valueRequired\":true,\"valueName\":\"search_term_string\"}}],\"inLanguage\":\"en-US\"},{\"@type\":\"Organization\",\"@id\":\"https:\\\/\\\/sepam.com.br\\\/en\\\/#organization\",\"name\":\"Col\u00e9gio Sepam\",\"url\":\"https:\\\/\\\/sepam.com.br\\\/en\\\/\",\"logo\":{\"@type\":\"ImageObject\",\"inLanguage\":\"en-US\",\"@id\":\"https:\\\/\\\/sepam.com.br\\\/en\\\/#\\\/schema\\\/logo\\\/image\\\/\",\"url\":\"https:\\\/\\\/sepam.com.br\\\/wp-content\\\/uploads\\\/2025\\\/02\\\/Ativo-2.png\",\"contentUrl\":\"https:\\\/\\\/sepam.com.br\\\/wp-content\\\/uploads\\\/2025\\\/02\\\/Ativo-2.png\",\"width\":595,\"height\":525,\"caption\":\"Col\u00e9gio Sepam\"},\"image\":{\"@id\":\"https:\\\/\\\/sepam.com.br\\\/en\\\/#\\\/schema\\\/logo\\\/image\\\/\"}},{\"@type\":\"Person\",\"@id\":\"https:\\\/\\\/sepam.com.br\\\/#\\\/schema\\\/person\\\/bfa2996c649a5a6d822766f6e64eb7fd\",\"name\":\"Sepam\",\"image\":{\"@type\":\"ImageObject\",\"inLanguage\":\"en-US\",\"@id\":\"https:\\\/\\\/secure.gravatar.com\\\/avatar\\\/0219e64664f5861998ad57a3432eb4bd5fd99a34c7cc9bc44b3c59dfb830db85?s=96&d=mm&r=g\",\"url\":\"https:\\\/\\\/secure.gravatar.com\\\/avatar\\\/0219e64664f5861998ad57a3432eb4bd5fd99a34c7cc9bc44b3c59dfb830db85?s=96&d=mm&r=g\",\"contentUrl\":\"https:\\\/\\\/secure.gravatar.com\\\/avatar\\\/0219e64664f5861998ad57a3432eb4bd5fd99a34c7cc9bc44b3c59dfb830db85?s=96&d=mm&r=g\",\"caption\":\"Sepam\"},\"url\":\"https:\\\/\\\/sepam.com.br\\\/en\\\/author\\\/sepam\\\/\"}]}<\/script>\n<!-- \/ Yoast SEO plugin. -->","yoast_head_json":{"title":"Sepam recebe Men\u00e7\u00e3o Honrosa da Assembleia Legislativa do Estado do Paran\u00e1","description":"O Col\u00e9gio Pontagrossense Sepam recebeu Men\u00e7\u00e3o Honrosa da Assembleia Legislativa do Estado do Paran\u00e1 por seus 80 anos completados no dia 30 de outubro de 2019. A honraria foi solicitada pela deputada estadual Mabel Canto. Em sua justificativa Mabel destacou que o Col\u00e9gio oferece ensino nos n\u00edveis de Educa\u00e7\u00e3o Infantil, Ensino Fundamental e M\u00e9dio e&hellip;","robots":{"index":"index","follow":"follow","max-snippet":"max-snippet:-1","max-image-preview":"max-image-preview:large","max-video-preview":"max-video-preview:-1"},"canonical":"https:\/\/sepam.com.br\/en\/sepam-recebe-mencao-honrosa-da-assembleia-legislativa-do-estado-do-parana\/","og_locale":"en_US","og_type":"article","og_title":"Sepam recebe Men\u00e7\u00e3o Honrosa da Assembleia Legislativa do Estado do Paran\u00e1","og_description":"O Col\u00e9gio Pontagrossense Sepam recebeu Men\u00e7\u00e3o Honrosa da Assembleia Legislativa do Estado do Paran\u00e1 por seus 80 anos completados no dia 30 de outubro de 2019. A honraria foi solicitada pela deputada estadual Mabel Canto. Em sua justificativa Mabel destacou que o Col\u00e9gio oferece ensino nos n\u00edveis de Educa\u00e7\u00e3o Infantil, Ensino Fundamental e M\u00e9dio e&hellip;","og_url":"https:\/\/sepam.com.br\/en\/sepam-recebe-mencao-honrosa-da-assembleia-legislativa-do-estado-do-parana\/","og_site_name":"Col\u00e9gio Sepam","article_published_time":"2025-08-28T13:47:37+00:00","article_modified_time":"2025-11-24T13:53:35+00:00","author":"Sepam","twitter_card":"summary_large_image","twitter_misc":{"Written by":"Sepam"},"schema":{"@context":"https:\/\/schema.org","@graph":[{"@type":"Article","@id":"https:\/\/sepam.com.br\/en\/sepam-recebe-mencao-honrosa-da-assembleia-legislativa-do-estado-do-parana\/#article","isPartOf":{"@id":"https:\/\/sepam.com.br\/en\/sepam-recebe-mencao-honrosa-da-assembleia-legislativa-do-estado-do-parana\/"},"author":{"name":"Sepam","@id":"https:\/\/sepam.com.br\/#\/schema\/person\/bfa2996c649a5a6d822766f6e64eb7fd"},"headline":"Sepam recebe Men\u00e7\u00e3o Honrosa da Assembleia Legislativa do Estado do Paran\u00e1","datePublished":"2025-08-28T13:47:37+00:00","dateModified":"2025-11-24T13:53:35+00:00","mainEntityOfPage":{"@id":"https:\/\/sepam.com.br\/en\/sepam-recebe-mencao-honrosa-da-assembleia-legislativa-do-estado-do-parana\/"},"wordCount":91,"commentCount":0,"publisher":{"@id":"https:\/\/sepam.com.br\/#organization"},"articleSection":["Colegio Sepam"],"inLanguage":"en-US","potentialAction":[{"@type":"CommentAction","name":"Comment","target":["https:\/\/sepam.com.br\/en\/sepam-recebe-mencao-honrosa-da-assembleia-legislativa-do-estado-do-parana\/#respond"]}]},{"@type":"WebPage","@id":"https:\/\/sepam.com.br\/en\/sepam-recebe-mencao-honrosa-da-assembleia-legislativa-do-estado-do-parana\/","url":"https:\/\/sepam.com.br\/en\/sepam-recebe-mencao-honrosa-da-assembleia-legislativa-do-estado-do-parana\/","name":"Sepam recebe Men\u00e7\u00e3o Honrosa da Assembleia Legislativa do Estado do Paran\u00e1 - Col\u00e9gio Sepam","isPartOf":{"@id":"https:\/\/sepam.com.br\/#website"},"datePublished":"2025-08-28T13:47:37+00:00","dateModified":"2025-11-24T13:53:35+00:00","breadcrumb":{"@id":"https:\/\/sepam.com.br\/en\/sepam-recebe-mencao-honrosa-da-assembleia-legislativa-do-estado-do-parana\/#breadcrumb"},"inLanguage":"en-US","potentialAction":[{"@type":"ReadAction","target":["https:\/\/sepam.com.br\/en\/sepam-recebe-mencao-honrosa-da-assembleia-legislativa-do-estado-do-parana\/"]}]},{"@type":"BreadcrumbList","@id":"https:\/\/sepam.com.br\/en\/sepam-recebe-mencao-honrosa-da-assembleia-legislativa-do-estado-do-parana\/#breadcrumb","itemListElement":[{"@type":"ListItem","position":1,"name":"Boas Vindas","item":"https:\/\/sepam.com.br\/"},{"@type":"ListItem","position":2,"name":"Sepam recebe Men\u00e7\u00e3o Honrosa da Assembleia Legislativa do Estado do Paran\u00e1"}]},{"@type":"WebSite","@id":"https:\/\/sepam.com.br\/en\/#website","url":"https:\/\/sepam.com.br\/en\/","name":"Col\u00e9gio Sepam","description":"Ensino Incompar\u00e1vel","publisher":{"@id":"https:\/\/sepam.com.br\/en\/#organization"},"potentialAction":[{"@type":"SearchAction","target":{"@type":"EntryPoint","urlTemplate":"https:\/\/sepam.com.br\/en\/?s={search_term_string}"},"query-input":{"@type":"PropertyValueSpecification","valueRequired":true,"valueName":"search_term_string"}}],"inLanguage":"en-US"},{"@type":"Organization","@id":"https:\/\/sepam.com.br\/en\/#organization","name":"Col\u00e9gio Sepam","url":"https:\/\/sepam.com.br\/en\/","logo":{"@type":"ImageObject","inLanguage":"en-US","@id":"https:\/\/sepam.com.br\/en\/#\/schema\/logo\/image\/","url":"https:\/\/sepam.com.br\/wp-content\/uploads\/2025\/02\/Ativo-2.png","contentUrl":"https:\/\/sepam.com.br\/wp-content\/uploads\/2025\/02\/Ativo-2.png","width":595,"height":525,"caption":"Col\u00e9gio Sepam"},"image":{"@id":"https:\/\/sepam.com.br\/en\/#\/schema\/logo\/image\/"}},{"@type":"Person","@id":"https:\/\/sepam.com.br\/#\/schema\/person\/bfa2996c649a5a6d822766f6e64eb7fd","name":"Sepam","image":{"@type":"ImageObject","inLanguage":"en-US","@id":"https:\/\/secure.gravatar.com\/avatar\/0219e64664f5861998ad57a3432eb4bd5fd99a34c7cc9bc44b3c59dfb830db85?s=96&d=mm&r=g","url":"https:\/\/secure.gravatar.com\/avatar\/0219e64664f5861998ad57a3432eb4bd5fd99a34c7cc9bc44b3c59dfb830db85?s=96&d=mm&r=g","contentUrl":"https:\/\/secure.gravatar.com\/avatar\/0219e64664f5861998ad57a3432eb4bd5fd99a34c7cc9bc44b3c59dfb830db85?s=96&d=mm&r=g","caption":"Sepam"},"url":"https:\/\/sepam.com.br\/en\/author\/sepam\/"}]}},"_links":{"self":[{"href":"https:\/\/sepam.com.br\/en\/wp-json\/wp\/v2\/posts\/7086","targetHints":{"allow":["GET"]}}],"collection":[{"href":"https:\/\/sepam.com.br\/en\/wp-json\/wp\/v2\/posts"}],"about":[{"href":"https:\/\/sepam.com.br\/en\/wp-json\/wp\/v2\/types\/post"}],"author":[{"embeddable":true,"href":"https:\/\/sepam.com.br\/en\/wp-json\/wp\/v2\/users\/13"}],"replies":[{"embeddable":true,"href":"https:\/\/sepam.com.br\/en\/wp-json\/wp\/v2\/comments?post=7086"}],"version-history":[{"count":1,"href":"https:\/\/sepam.com.br\/en\/wp-json\/wp\/v2\/posts\/7086\/revisions"}],"predecessor-version":[{"id":7270,"href":"https:\/\/sepam.com.br\/en\/wp-json\/wp\/v2\/posts\/7086\/revisions\/7270"}],"wp:attachment":[{"href":"https:\/\/sepam.com.br\/en\/wp-json\/wp\/v2\/media?parent=7086"}],"wp:term":[{"taxonomy":"category","embeddable":true,"href":"https:\/\/sepam.com.br\/en\/wp-json\/wp\/v2\/categories?post=7086"},{"taxonomy":"post_tag","embeddable":true,"href":"https:\/\/sepam.com.br\/en\/wp-json\/wp\/v2\/tags?post=7086"}],"curies":[{"name":"wp","href":"https:\/\/api.w.org\/{rel}","templated":true}]}}