{"id":7058,"date":"2025-08-28T10:47:34","date_gmt":"2025-08-28T13:47:34","guid":{"rendered":"https:\/\/dev.alisonandrei.com.br\/noticia\/sepam-participa-da-modalidade-de-danca-dos-jeps-2019-com-equipes-de-ponta-grossa-e-castro\/"},"modified":"2025-11-24T10:53:35","modified_gmt":"2025-11-24T13:53:35","slug":"sepam-participa-da-modalidade-de-danca-dos-jeps-2019-com-equipes-de-ponta-grossa-e-castro","status":"publish","type":"post","link":"https:\/\/sepam.com.br\/en\/sepam-participa-da-modalidade-de-danca-dos-jeps-2019-com-equipes-de-ponta-grossa-e-castro\/","title":{"rendered":"Sepam participa da modalidade de Dan\u00e7a dos JEPs 2019 com equipes de Ponta Grossa e Castro"},"content":{"rendered":"<p>No pr\u00f3ximo domingo, 6, as equipes da Express\u00e3o Corporal do Col\u00e9gio Sepam de Ponta Grossa e de Castro participar\u00e3o da competi\u00e7\u00e3o de dan\u00e7a na 64\u00aa edi\u00e7\u00e3o dos Jogos Estudantis da Primavera (JEPs). A modalidade foi inclu\u00edda este ano com o objetivo de divulgar a cultura da dan\u00e7a e estimular o interc\u00e2mbio de produ\u00e7\u00f5es na \u00e1rea entre as institui\u00e7\u00f5es participantes.<\/p>\n<p>Para a professora de dan\u00e7a do Sepam, Verg\u00ednia Uliana, trata-se de um reconhecimento da import\u00e2ncia dessa forma de express\u00e3o art\u00edstica e torna-se uma motiva\u00e7\u00e3o para quem pratica. \u201cPara n\u00f3s, professores, as apresenta\u00e7\u00f5es sempre s\u00e3o uma oportunidade de colocar em pr\u00e1tica tudo o que foi trabalhado em aula. As alunas substituem a rotina dos ensaios em uma sala com espelhos pela din\u00e2mica de se apresentar para uma plateia diversa. A experi\u00eancia \u00e9 sempre gratificante e auxilia na evolu\u00e7\u00e3o do grupo\u201d, diz.<\/p>\n<p>A Competi\u00e7\u00e3o de Dan\u00e7a dos 64\u00ba JEPs ser\u00e1 no Cine Teatro Pax, a partir das 19 horas. A Express\u00e3o Corporal de Ponta Grossa compete com 23 alunas e a de Castro com 12, na categoria conjunto, com coreografias do estilo jazz.<\/p>\n","protected":false},"excerpt":{"rendered":"<p>No pr\u00f3ximo domingo, 6, as equipes da Express\u00e3o Corporal do Col\u00e9gio Sepam de Ponta Grossa e de Castro participar\u00e3o da competi\u00e7\u00e3o de dan\u00e7a na 64\u00aa edi\u00e7\u00e3o dos Jogos Estudantis da Primavera (JEPs). A modalidade foi inclu\u00edda este ano com o objetivo de divulgar a cultura da dan\u00e7a e estimular o interc\u00e2mbio de produ\u00e7\u00f5es na \u00e1rea [&hellip;]<\/p>\n","protected":false},"author":13,"featured_media":0,"comment_status":"open","ping_status":"open","sticky":false,"template":"","format":"standard","meta":{"footnotes":""},"categories":[21],"tags":[],"class_list":["post-7058","post","type-post","status-publish","format-standard","hentry","category-colegio-sepam"],"yoast_head":"<!-- This site is optimized with the Yoast SEO plugin v28.4 - https:\/\/yoast.com\/product\/yoast-seo-wordpress\/ -->\n<title>Sepam participa da modalidade de Dan\u00e7a dos JEPs 2019 com equipes de Ponta Grossa e Castro<\/title>\n<meta name=\"description\" content=\"No pr\u00f3ximo domingo, 6, as equipes da Express\u00e3o Corporal do Col\u00e9gio Sepam de Ponta Grossa e de Castro participar\u00e3o da competi\u00e7\u00e3o de dan\u00e7a na 64\u00aa edi\u00e7\u00e3o dos Jogos Estudantis da Primavera (JEPs). A modalidade foi inclu\u00edda este ano com o objetivo de divulgar a cultura da dan\u00e7a e estimular o interc\u00e2mbio de produ\u00e7\u00f5es na \u00e1rea&hellip;\" \/>\n<meta name=\"robots\" content=\"index, follow, max-snippet:-1, max-image-preview:large, max-video-preview:-1\" \/>\n<link rel=\"canonical\" href=\"https:\/\/sepam.com.br\/en\/sepam-participa-da-modalidade-de-danca-dos-jeps-2019-com-equipes-de-ponta-grossa-e-castro\/\" \/>\n<meta property=\"og:locale\" content=\"en_US\" \/>\n<meta property=\"og:type\" content=\"article\" \/>\n<meta property=\"og:title\" content=\"Sepam participa da modalidade de Dan\u00e7a dos JEPs 2019 com equipes de Ponta Grossa e Castro\" \/>\n<meta property=\"og:description\" content=\"No pr\u00f3ximo domingo, 6, as equipes da Express\u00e3o Corporal do Col\u00e9gio Sepam de Ponta Grossa e de Castro participar\u00e3o da competi\u00e7\u00e3o de dan\u00e7a na 64\u00aa edi\u00e7\u00e3o dos Jogos Estudantis da Primavera (JEPs). A modalidade foi inclu\u00edda este ano com o objetivo de divulgar a cultura da dan\u00e7a e estimular o interc\u00e2mbio de produ\u00e7\u00f5es na \u00e1rea&hellip;\" \/>\n<meta property=\"og:url\" content=\"https:\/\/sepam.com.br\/en\/sepam-participa-da-modalidade-de-danca-dos-jeps-2019-com-equipes-de-ponta-grossa-e-castro\/\" \/>\n<meta property=\"og:site_name\" content=\"Col\u00e9gio Sepam\" \/>\n<meta property=\"article:published_time\" content=\"2025-08-28T13:47:34+00:00\" \/>\n<meta property=\"article:modified_time\" content=\"2025-11-24T13:53:35+00:00\" \/>\n<meta name=\"author\" content=\"Sepam\" \/>\n<meta name=\"twitter:card\" content=\"summary_large_image\" \/>\n<meta name=\"twitter:label1\" content=\"Written by\" \/>\n\t<meta name=\"twitter:data1\" content=\"Sepam\" \/>\n\t<meta name=\"twitter:label2\" content=\"Est. reading time\" \/>\n\t<meta name=\"twitter:data2\" content=\"1 minute\" \/>\n<script type=\"application\/ld+json\" class=\"yoast-schema-graph\">{\"@context\":\"https:\\\/\\\/schema.org\",\"@graph\":[{\"@type\":\"Article\",\"@id\":\"https:\\\/\\\/sepam.com.br\\\/en\\\/sepam-participa-da-modalidade-de-danca-dos-jeps-2019-com-equipes-de-ponta-grossa-e-castro\\\/#article\",\"isPartOf\":{\"@id\":\"https:\\\/\\\/sepam.com.br\\\/en\\\/sepam-participa-da-modalidade-de-danca-dos-jeps-2019-com-equipes-de-ponta-grossa-e-castro\\\/\"},\"author\":{\"name\":\"Sepam\",\"@id\":\"https:\\\/\\\/sepam.com.br\\\/#\\\/schema\\\/person\\\/bfa2996c649a5a6d822766f6e64eb7fd\"},\"headline\":\"Sepam participa da modalidade de Dan\u00e7a dos JEPs 2019 com equipes de Ponta Grossa e Castro\",\"datePublished\":\"2025-08-28T13:47:34+00:00\",\"dateModified\":\"2025-11-24T13:53:35+00:00\",\"mainEntityOfPage\":{\"@id\":\"https:\\\/\\\/sepam.com.br\\\/en\\\/sepam-participa-da-modalidade-de-danca-dos-jeps-2019-com-equipes-de-ponta-grossa-e-castro\\\/\"},\"wordCount\":217,\"commentCount\":0,\"publisher\":{\"@id\":\"https:\\\/\\\/sepam.com.br\\\/#organization\"},\"articleSection\":[\"Colegio Sepam\"],\"inLanguage\":\"en-US\",\"potentialAction\":[{\"@type\":\"CommentAction\",\"name\":\"Comment\",\"target\":[\"https:\\\/\\\/sepam.com.br\\\/en\\\/sepam-participa-da-modalidade-de-danca-dos-jeps-2019-com-equipes-de-ponta-grossa-e-castro\\\/#respond\"]}]},{\"@type\":\"WebPage\",\"@id\":\"https:\\\/\\\/sepam.com.br\\\/en\\\/sepam-participa-da-modalidade-de-danca-dos-jeps-2019-com-equipes-de-ponta-grossa-e-castro\\\/\",\"url\":\"https:\\\/\\\/sepam.com.br\\\/en\\\/sepam-participa-da-modalidade-de-danca-dos-jeps-2019-com-equipes-de-ponta-grossa-e-castro\\\/\",\"name\":\"Sepam participa da modalidade de Dan\u00e7a dos JEPs 2019 com equipes de Ponta Grossa e Castro - Col\u00e9gio Sepam\",\"isPartOf\":{\"@id\":\"https:\\\/\\\/sepam.com.br\\\/#website\"},\"datePublished\":\"2025-08-28T13:47:34+00:00\",\"dateModified\":\"2025-11-24T13:53:35+00:00\",\"breadcrumb\":{\"@id\":\"https:\\\/\\\/sepam.com.br\\\/en\\\/sepam-participa-da-modalidade-de-danca-dos-jeps-2019-com-equipes-de-ponta-grossa-e-castro\\\/#breadcrumb\"},\"inLanguage\":\"en-US\",\"potentialAction\":[{\"@type\":\"ReadAction\",\"target\":[\"https:\\\/\\\/sepam.com.br\\\/en\\\/sepam-participa-da-modalidade-de-danca-dos-jeps-2019-com-equipes-de-ponta-grossa-e-castro\\\/\"]}]},{\"@type\":\"BreadcrumbList\",\"@id\":\"https:\\\/\\\/sepam.com.br\\\/en\\\/sepam-participa-da-modalidade-de-danca-dos-jeps-2019-com-equipes-de-ponta-grossa-e-castro\\\/#breadcrumb\",\"itemListElement\":[{\"@type\":\"ListItem\",\"position\":1,\"name\":\"Boas Vindas\",\"item\":\"https:\\\/\\\/sepam.com.br\\\/\"},{\"@type\":\"ListItem\",\"position\":2,\"name\":\"Sepam participa da modalidade de Dan\u00e7a dos JEPs 2019 com equipes de Ponta Grossa e Castro\"}]},{\"@type\":\"WebSite\",\"@id\":\"https:\\\/\\\/sepam.com.br\\\/en\\\/#website\",\"url\":\"https:\\\/\\\/sepam.com.br\\\/en\\\/\",\"name\":\"Col\u00e9gio Sepam\",\"description\":\"Ensino Incompar\u00e1vel\",\"publisher\":{\"@id\":\"https:\\\/\\\/sepam.com.br\\\/en\\\/#organization\"},\"potentialAction\":[{\"@type\":\"SearchAction\",\"target\":{\"@type\":\"EntryPoint\",\"urlTemplate\":\"https:\\\/\\\/sepam.com.br\\\/en\\\/?s={search_term_string}\"},\"query-input\":{\"@type\":\"PropertyValueSpecification\",\"valueRequired\":true,\"valueName\":\"search_term_string\"}}],\"inLanguage\":\"en-US\"},{\"@type\":\"Organization\",\"@id\":\"https:\\\/\\\/sepam.com.br\\\/en\\\/#organization\",\"name\":\"Col\u00e9gio Sepam\",\"url\":\"https:\\\/\\\/sepam.com.br\\\/en\\\/\",\"logo\":{\"@type\":\"ImageObject\",\"inLanguage\":\"en-US\",\"@id\":\"https:\\\/\\\/sepam.com.br\\\/en\\\/#\\\/schema\\\/logo\\\/image\\\/\",\"url\":\"https:\\\/\\\/sepam.com.br\\\/wp-content\\\/uploads\\\/2025\\\/02\\\/Ativo-2.png\",\"contentUrl\":\"https:\\\/\\\/sepam.com.br\\\/wp-content\\\/uploads\\\/2025\\\/02\\\/Ativo-2.png\",\"width\":595,\"height\":525,\"caption\":\"Col\u00e9gio Sepam\"},\"image\":{\"@id\":\"https:\\\/\\\/sepam.com.br\\\/en\\\/#\\\/schema\\\/logo\\\/image\\\/\"}},{\"@type\":\"Person\",\"@id\":\"https:\\\/\\\/sepam.com.br\\\/#\\\/schema\\\/person\\\/bfa2996c649a5a6d822766f6e64eb7fd\",\"name\":\"Sepam\",\"image\":{\"@type\":\"ImageObject\",\"inLanguage\":\"en-US\",\"@id\":\"https:\\\/\\\/secure.gravatar.com\\\/avatar\\\/0219e64664f5861998ad57a3432eb4bd5fd99a34c7cc9bc44b3c59dfb830db85?s=96&d=mm&r=g\",\"url\":\"https:\\\/\\\/secure.gravatar.com\\\/avatar\\\/0219e64664f5861998ad57a3432eb4bd5fd99a34c7cc9bc44b3c59dfb830db85?s=96&d=mm&r=g\",\"contentUrl\":\"https:\\\/\\\/secure.gravatar.com\\\/avatar\\\/0219e64664f5861998ad57a3432eb4bd5fd99a34c7cc9bc44b3c59dfb830db85?s=96&d=mm&r=g\",\"caption\":\"Sepam\"},\"url\":\"https:\\\/\\\/sepam.com.br\\\/en\\\/author\\\/sepam\\\/\"}]}<\/script>\n<!-- \/ Yoast SEO plugin. -->","yoast_head_json":{"title":"Sepam participa da modalidade de Dan\u00e7a dos JEPs 2019 com equipes de Ponta Grossa e Castro","description":"No pr\u00f3ximo domingo, 6, as equipes da Express\u00e3o Corporal do Col\u00e9gio Sepam de Ponta Grossa e de Castro participar\u00e3o da competi\u00e7\u00e3o de dan\u00e7a na 64\u00aa edi\u00e7\u00e3o dos Jogos Estudantis da Primavera (JEPs). A modalidade foi inclu\u00edda este ano com o objetivo de divulgar a cultura da dan\u00e7a e estimular o interc\u00e2mbio de produ\u00e7\u00f5es na \u00e1rea&hellip;","robots":{"index":"index","follow":"follow","max-snippet":"max-snippet:-1","max-image-preview":"max-image-preview:large","max-video-preview":"max-video-preview:-1"},"canonical":"https:\/\/sepam.com.br\/en\/sepam-participa-da-modalidade-de-danca-dos-jeps-2019-com-equipes-de-ponta-grossa-e-castro\/","og_locale":"en_US","og_type":"article","og_title":"Sepam participa da modalidade de Dan\u00e7a dos JEPs 2019 com equipes de Ponta Grossa e Castro","og_description":"No pr\u00f3ximo domingo, 6, as equipes da Express\u00e3o Corporal do Col\u00e9gio Sepam de Ponta Grossa e de Castro participar\u00e3o da competi\u00e7\u00e3o de dan\u00e7a na 64\u00aa edi\u00e7\u00e3o dos Jogos Estudantis da Primavera (JEPs). A modalidade foi inclu\u00edda este ano com o objetivo de divulgar a cultura da dan\u00e7a e estimular o interc\u00e2mbio de produ\u00e7\u00f5es na \u00e1rea&hellip;","og_url":"https:\/\/sepam.com.br\/en\/sepam-participa-da-modalidade-de-danca-dos-jeps-2019-com-equipes-de-ponta-grossa-e-castro\/","og_site_name":"Col\u00e9gio Sepam","article_published_time":"2025-08-28T13:47:34+00:00","article_modified_time":"2025-11-24T13:53:35+00:00","author":"Sepam","twitter_card":"summary_large_image","twitter_misc":{"Written by":"Sepam","Est. reading time":"1 minute"},"schema":{"@context":"https:\/\/schema.org","@graph":[{"@type":"Article","@id":"https:\/\/sepam.com.br\/en\/sepam-participa-da-modalidade-de-danca-dos-jeps-2019-com-equipes-de-ponta-grossa-e-castro\/#article","isPartOf":{"@id":"https:\/\/sepam.com.br\/en\/sepam-participa-da-modalidade-de-danca-dos-jeps-2019-com-equipes-de-ponta-grossa-e-castro\/"},"author":{"name":"Sepam","@id":"https:\/\/sepam.com.br\/#\/schema\/person\/bfa2996c649a5a6d822766f6e64eb7fd"},"headline":"Sepam participa da modalidade de Dan\u00e7a dos JEPs 2019 com equipes de Ponta Grossa e Castro","datePublished":"2025-08-28T13:47:34+00:00","dateModified":"2025-11-24T13:53:35+00:00","mainEntityOfPage":{"@id":"https:\/\/sepam.com.br\/en\/sepam-participa-da-modalidade-de-danca-dos-jeps-2019-com-equipes-de-ponta-grossa-e-castro\/"},"wordCount":217,"commentCount":0,"publisher":{"@id":"https:\/\/sepam.com.br\/#organization"},"articleSection":["Colegio Sepam"],"inLanguage":"en-US","potentialAction":[{"@type":"CommentAction","name":"Comment","target":["https:\/\/sepam.com.br\/en\/sepam-participa-da-modalidade-de-danca-dos-jeps-2019-com-equipes-de-ponta-grossa-e-castro\/#respond"]}]},{"@type":"WebPage","@id":"https:\/\/sepam.com.br\/en\/sepam-participa-da-modalidade-de-danca-dos-jeps-2019-com-equipes-de-ponta-grossa-e-castro\/","url":"https:\/\/sepam.com.br\/en\/sepam-participa-da-modalidade-de-danca-dos-jeps-2019-com-equipes-de-ponta-grossa-e-castro\/","name":"Sepam participa da modalidade de Dan\u00e7a dos JEPs 2019 com equipes de Ponta Grossa e Castro - Col\u00e9gio Sepam","isPartOf":{"@id":"https:\/\/sepam.com.br\/#website"},"datePublished":"2025-08-28T13:47:34+00:00","dateModified":"2025-11-24T13:53:35+00:00","breadcrumb":{"@id":"https:\/\/sepam.com.br\/en\/sepam-participa-da-modalidade-de-danca-dos-jeps-2019-com-equipes-de-ponta-grossa-e-castro\/#breadcrumb"},"inLanguage":"en-US","potentialAction":[{"@type":"ReadAction","target":["https:\/\/sepam.com.br\/en\/sepam-participa-da-modalidade-de-danca-dos-jeps-2019-com-equipes-de-ponta-grossa-e-castro\/"]}]},{"@type":"BreadcrumbList","@id":"https:\/\/sepam.com.br\/en\/sepam-participa-da-modalidade-de-danca-dos-jeps-2019-com-equipes-de-ponta-grossa-e-castro\/#breadcrumb","itemListElement":[{"@type":"ListItem","position":1,"name":"Boas Vindas","item":"https:\/\/sepam.com.br\/"},{"@type":"ListItem","position":2,"name":"Sepam participa da modalidade de Dan\u00e7a dos JEPs 2019 com equipes de Ponta Grossa e Castro"}]},{"@type":"WebSite","@id":"https:\/\/sepam.com.br\/en\/#website","url":"https:\/\/sepam.com.br\/en\/","name":"Col\u00e9gio Sepam","description":"Ensino Incompar\u00e1vel","publisher":{"@id":"https:\/\/sepam.com.br\/en\/#organization"},"potentialAction":[{"@type":"SearchAction","target":{"@type":"EntryPoint","urlTemplate":"https:\/\/sepam.com.br\/en\/?s={search_term_string}"},"query-input":{"@type":"PropertyValueSpecification","valueRequired":true,"valueName":"search_term_string"}}],"inLanguage":"en-US"},{"@type":"Organization","@id":"https:\/\/sepam.com.br\/en\/#organization","name":"Col\u00e9gio Sepam","url":"https:\/\/sepam.com.br\/en\/","logo":{"@type":"ImageObject","inLanguage":"en-US","@id":"https:\/\/sepam.com.br\/en\/#\/schema\/logo\/image\/","url":"https:\/\/sepam.com.br\/wp-content\/uploads\/2025\/02\/Ativo-2.png","contentUrl":"https:\/\/sepam.com.br\/wp-content\/uploads\/2025\/02\/Ativo-2.png","width":595,"height":525,"caption":"Col\u00e9gio Sepam"},"image":{"@id":"https:\/\/sepam.com.br\/en\/#\/schema\/logo\/image\/"}},{"@type":"Person","@id":"https:\/\/sepam.com.br\/#\/schema\/person\/bfa2996c649a5a6d822766f6e64eb7fd","name":"Sepam","image":{"@type":"ImageObject","inLanguage":"en-US","@id":"https:\/\/secure.gravatar.com\/avatar\/0219e64664f5861998ad57a3432eb4bd5fd99a34c7cc9bc44b3c59dfb830db85?s=96&d=mm&r=g","url":"https:\/\/secure.gravatar.com\/avatar\/0219e64664f5861998ad57a3432eb4bd5fd99a34c7cc9bc44b3c59dfb830db85?s=96&d=mm&r=g","contentUrl":"https:\/\/secure.gravatar.com\/avatar\/0219e64664f5861998ad57a3432eb4bd5fd99a34c7cc9bc44b3c59dfb830db85?s=96&d=mm&r=g","caption":"Sepam"},"url":"https:\/\/sepam.com.br\/en\/author\/sepam\/"}]}},"_links":{"self":[{"href":"https:\/\/sepam.com.br\/en\/wp-json\/wp\/v2\/posts\/7058","targetHints":{"allow":["GET"]}}],"collection":[{"href":"https:\/\/sepam.com.br\/en\/wp-json\/wp\/v2\/posts"}],"about":[{"href":"https:\/\/sepam.com.br\/en\/wp-json\/wp\/v2\/types\/post"}],"author":[{"embeddable":true,"href":"https:\/\/sepam.com.br\/en\/wp-json\/wp\/v2\/users\/13"}],"replies":[{"embeddable":true,"href":"https:\/\/sepam.com.br\/en\/wp-json\/wp\/v2\/comments?post=7058"}],"version-history":[{"count":1,"href":"https:\/\/sepam.com.br\/en\/wp-json\/wp\/v2\/posts\/7058\/revisions"}],"predecessor-version":[{"id":7282,"href":"https:\/\/sepam.com.br\/en\/wp-json\/wp\/v2\/posts\/7058\/revisions\/7282"}],"wp:attachment":[{"href":"https:\/\/sepam.com.br\/en\/wp-json\/wp\/v2\/media?parent=7058"}],"wp:term":[{"taxonomy":"category","embeddable":true,"href":"https:\/\/sepam.com.br\/en\/wp-json\/wp\/v2\/categories?post=7058"},{"taxonomy":"post_tag","embeddable":true,"href":"https:\/\/sepam.com.br\/en\/wp-json\/wp\/v2\/tags?post=7058"}],"curies":[{"name":"wp","href":"https:\/\/api.w.org\/{rel}","templated":true}]}}