{"id":7044,"date":"2025-08-28T10:47:31","date_gmt":"2025-08-28T13:47:31","guid":{"rendered":"https:\/\/dev.alisonandrei.com.br\/noticia\/gerente-de-tecnologia-educacional-do-sepam-participa-de-evento-em-curitiba\/"},"modified":"2025-11-24T10:53:35","modified_gmt":"2025-11-24T13:53:35","slug":"gerente-de-tecnologia-educacional-do-sepam-participa-de-evento-em-curitiba","status":"publish","type":"post","link":"https:\/\/sepam.com.br\/en\/gerente-de-tecnologia-educacional-do-sepam-participa-de-evento-em-curitiba\/","title":{"rendered":"Gerente de Tecnologia Educacional do Sepam participa de evento em Curitiba"},"content":{"rendered":"<p><em>O Let\u2019s Go Festival aborda educa\u00e7\u00e3o e inova\u00e7\u00e3o no formato de descongresso<\/em><\/p>\n<p>A gerente de tecnologia educacional do Col\u00e9gio Sepam Ponta Grossa, Talita Moretto, est\u00e1 presente no maior festival de inova\u00e7\u00e3o educacional da Am\u00e9rica Latina, o Let\u2019s Go Festival, onde realizou, na manh\u00e3 de hoje, uma sess\u00e3o de Let\u2019s Talk. Ela foi indicada por uma das antenas do evento, que s\u00e3o pessoas de refer\u00eancia em educa\u00e7\u00e3o que indicam iniciativas de sucesso que incentivam e inspiram educadores a inovar.<\/p>\n<p>Talita est\u00e1 \u00e0 frente do setor de tecnologia do Sepam h\u00e1 dois anos, \u00e9 jornalista especialista em educa\u00e7\u00e3o e em tecnologia digitais na aprendizagem, atuando h\u00e1 dez anos na \u00e1rea. \u201cA indica\u00e7\u00e3o para participar de um evento desse porte reflete o trabalho desenvolvido ao longo desses anos. Vamos compartilhar nossas experi\u00eancias quanto ao uso de tecnologia dentro da escola e tamb\u00e9m aprender com quem estiver presente, por meio de bate-papos e de palestras e oficinas que o Festival oferece\u201d, destaca Talita, que tamb\u00e9m \u00e9 a idealizadora do Sala Aberta \u2013 Criatividade, Liberdade e Inova\u00e7\u00e3o, que j\u00e1 ganhou pr\u00eamios como melhor blog de educa\u00e7\u00e3o.<\/p>\n<p>O coordenador pedag\u00f3gico do Col\u00e9gio, Jacob Cavagnari, e o professor Matheus Frare tamb\u00e9m participam das palestras e oficinas do Let\u2019s Go. \u201cEste tipo de evento oportuniza aos nossos professores a atualiza\u00e7\u00e3o de pr\u00e1ticas de uma forma bastante din\u00e2mica, por meio do contato com especialistas em educa\u00e7\u00e3o\u201d, comenta o diretor do Sepam, Osni Mongruel J\u00fanior.<\/p>\n<p>No formato de descongresso, o Festival, que acontece hoje (3) e amanh\u00e3 (4) no Campus da Federa\u00e7\u00e3o das Ind\u00fastrias do Estado do Paran\u00e1 (Fiep), em Curitiba (PR), discute temas atuais, como Educa\u00e7\u00e3o 4.0, Metodologias Ativas, Mindfulness e Desenvolvimento Socioemocional. Na programa\u00e7\u00e3o, al\u00e9m de palestras magnas com nomes, como Todd Ensign \u2013 Diretor do Centro de Recurso de Educadores da NASA e Gareth Stockdale \u2013 CEO na BBC Micro:bit Foundation h\u00e1 ainda:\u00a0 Workshops, Exposi\u00e7\u00e3o de Projetos, Meetups, Festival de Curtas, Sof\u00e1 Talk e Rodas de Conversa, al\u00e9m das sess\u00f5es de Let\u2019s Talk.<\/p>\n","protected":false},"excerpt":{"rendered":"<p>O Let\u2019s Go Festival aborda educa\u00e7\u00e3o e inova\u00e7\u00e3o no formato de descongresso A gerente de tecnologia educacional do Col\u00e9gio Sepam Ponta Grossa, Talita Moretto, est\u00e1 presente no maior festival de inova\u00e7\u00e3o educacional da Am\u00e9rica Latina, o Let\u2019s Go Festival, onde realizou, na manh\u00e3 de hoje, uma sess\u00e3o de Let\u2019s Talk. Ela foi indicada por uma [&hellip;]<\/p>\n","protected":false},"author":13,"featured_media":0,"comment_status":"open","ping_status":"open","sticky":false,"template":"","format":"standard","meta":{"footnotes":""},"categories":[21],"tags":[],"class_list":["post-7044","post","type-post","status-publish","format-standard","hentry","category-colegio-sepam"],"yoast_head":"<!-- This site is optimized with the Yoast SEO plugin v28.4 - https:\/\/yoast.com\/product\/yoast-seo-wordpress\/ -->\n<title>Gerente de Tecnologia Educacional do Sepam participa de evento em Curitiba<\/title>\n<meta name=\"description\" content=\"O Let\u2019s Go Festival aborda educa\u00e7\u00e3o e inova\u00e7\u00e3o no formato de descongresso A gerente de tecnologia educacional do Col\u00e9gio Sepam Ponta Grossa, Talita Moretto, est\u00e1 presente no maior festival de inova\u00e7\u00e3o educacional da Am\u00e9rica Latina, o Let\u2019s Go Festival, onde realizou, na manh\u00e3 de hoje, uma sess\u00e3o de Let\u2019s Talk. Ela foi indicada por uma&hellip;\" \/>\n<meta name=\"robots\" content=\"index, follow, max-snippet:-1, max-image-preview:large, max-video-preview:-1\" \/>\n<link rel=\"canonical\" href=\"https:\/\/sepam.com.br\/en\/gerente-de-tecnologia-educacional-do-sepam-participa-de-evento-em-curitiba\/\" \/>\n<meta property=\"og:locale\" content=\"en_US\" \/>\n<meta property=\"og:type\" content=\"article\" \/>\n<meta property=\"og:title\" content=\"Gerente de Tecnologia Educacional do Sepam participa de evento em Curitiba\" \/>\n<meta property=\"og:description\" content=\"O Let\u2019s Go Festival aborda educa\u00e7\u00e3o e inova\u00e7\u00e3o no formato de descongresso A gerente de tecnologia educacional do Col\u00e9gio Sepam Ponta Grossa, Talita Moretto, est\u00e1 presente no maior festival de inova\u00e7\u00e3o educacional da Am\u00e9rica Latina, o Let\u2019s Go Festival, onde realizou, na manh\u00e3 de hoje, uma sess\u00e3o de Let\u2019s Talk. Ela foi indicada por uma&hellip;\" \/>\n<meta property=\"og:url\" content=\"https:\/\/sepam.com.br\/en\/gerente-de-tecnologia-educacional-do-sepam-participa-de-evento-em-curitiba\/\" \/>\n<meta property=\"og:site_name\" content=\"Col\u00e9gio Sepam\" \/>\n<meta property=\"article:published_time\" content=\"2025-08-28T13:47:31+00:00\" \/>\n<meta property=\"article:modified_time\" content=\"2025-11-24T13:53:35+00:00\" \/>\n<meta name=\"author\" content=\"Sepam\" \/>\n<meta name=\"twitter:card\" content=\"summary_large_image\" \/>\n<meta name=\"twitter:label1\" content=\"Written by\" \/>\n\t<meta name=\"twitter:data1\" content=\"Sepam\" \/>\n\t<meta name=\"twitter:label2\" content=\"Est. reading time\" \/>\n\t<meta name=\"twitter:data2\" content=\"2 minutes\" \/>\n<script type=\"application\/ld+json\" class=\"yoast-schema-graph\">{\"@context\":\"https:\\\/\\\/schema.org\",\"@graph\":[{\"@type\":\"Article\",\"@id\":\"https:\\\/\\\/sepam.com.br\\\/en\\\/gerente-de-tecnologia-educacional-do-sepam-participa-de-evento-em-curitiba\\\/#article\",\"isPartOf\":{\"@id\":\"https:\\\/\\\/sepam.com.br\\\/en\\\/gerente-de-tecnologia-educacional-do-sepam-participa-de-evento-em-curitiba\\\/\"},\"author\":{\"name\":\"Sepam\",\"@id\":\"https:\\\/\\\/sepam.com.br\\\/#\\\/schema\\\/person\\\/bfa2996c649a5a6d822766f6e64eb7fd\"},\"headline\":\"Gerente de Tecnologia Educacional do Sepam participa de evento em Curitiba\",\"datePublished\":\"2025-08-28T13:47:31+00:00\",\"dateModified\":\"2025-11-24T13:53:35+00:00\",\"mainEntityOfPage\":{\"@id\":\"https:\\\/\\\/sepam.com.br\\\/en\\\/gerente-de-tecnologia-educacional-do-sepam-participa-de-evento-em-curitiba\\\/\"},\"wordCount\":367,\"commentCount\":0,\"publisher\":{\"@id\":\"https:\\\/\\\/sepam.com.br\\\/#organization\"},\"articleSection\":[\"Colegio Sepam\"],\"inLanguage\":\"en-US\",\"potentialAction\":[{\"@type\":\"CommentAction\",\"name\":\"Comment\",\"target\":[\"https:\\\/\\\/sepam.com.br\\\/en\\\/gerente-de-tecnologia-educacional-do-sepam-participa-de-evento-em-curitiba\\\/#respond\"]}]},{\"@type\":\"WebPage\",\"@id\":\"https:\\\/\\\/sepam.com.br\\\/en\\\/gerente-de-tecnologia-educacional-do-sepam-participa-de-evento-em-curitiba\\\/\",\"url\":\"https:\\\/\\\/sepam.com.br\\\/en\\\/gerente-de-tecnologia-educacional-do-sepam-participa-de-evento-em-curitiba\\\/\",\"name\":\"Gerente de Tecnologia Educacional do Sepam participa de evento em Curitiba - Col\u00e9gio Sepam\",\"isPartOf\":{\"@id\":\"https:\\\/\\\/sepam.com.br\\\/#website\"},\"datePublished\":\"2025-08-28T13:47:31+00:00\",\"dateModified\":\"2025-11-24T13:53:35+00:00\",\"breadcrumb\":{\"@id\":\"https:\\\/\\\/sepam.com.br\\\/en\\\/gerente-de-tecnologia-educacional-do-sepam-participa-de-evento-em-curitiba\\\/#breadcrumb\"},\"inLanguage\":\"en-US\",\"potentialAction\":[{\"@type\":\"ReadAction\",\"target\":[\"https:\\\/\\\/sepam.com.br\\\/en\\\/gerente-de-tecnologia-educacional-do-sepam-participa-de-evento-em-curitiba\\\/\"]}]},{\"@type\":\"BreadcrumbList\",\"@id\":\"https:\\\/\\\/sepam.com.br\\\/en\\\/gerente-de-tecnologia-educacional-do-sepam-participa-de-evento-em-curitiba\\\/#breadcrumb\",\"itemListElement\":[{\"@type\":\"ListItem\",\"position\":1,\"name\":\"Boas Vindas\",\"item\":\"https:\\\/\\\/sepam.com.br\\\/\"},{\"@type\":\"ListItem\",\"position\":2,\"name\":\"Gerente de Tecnologia Educacional do Sepam participa de evento em Curitiba\"}]},{\"@type\":\"WebSite\",\"@id\":\"https:\\\/\\\/sepam.com.br\\\/en\\\/#website\",\"url\":\"https:\\\/\\\/sepam.com.br\\\/en\\\/\",\"name\":\"Col\u00e9gio Sepam\",\"description\":\"Ensino Incompar\u00e1vel\",\"publisher\":{\"@id\":\"https:\\\/\\\/sepam.com.br\\\/en\\\/#organization\"},\"potentialAction\":[{\"@type\":\"SearchAction\",\"target\":{\"@type\":\"EntryPoint\",\"urlTemplate\":\"https:\\\/\\\/sepam.com.br\\\/en\\\/?s={search_term_string}\"},\"query-input\":{\"@type\":\"PropertyValueSpecification\",\"valueRequired\":true,\"valueName\":\"search_term_string\"}}],\"inLanguage\":\"en-US\"},{\"@type\":\"Organization\",\"@id\":\"https:\\\/\\\/sepam.com.br\\\/en\\\/#organization\",\"name\":\"Col\u00e9gio Sepam\",\"url\":\"https:\\\/\\\/sepam.com.br\\\/en\\\/\",\"logo\":{\"@type\":\"ImageObject\",\"inLanguage\":\"en-US\",\"@id\":\"https:\\\/\\\/sepam.com.br\\\/en\\\/#\\\/schema\\\/logo\\\/image\\\/\",\"url\":\"https:\\\/\\\/sepam.com.br\\\/wp-content\\\/uploads\\\/2025\\\/02\\\/Ativo-2.png\",\"contentUrl\":\"https:\\\/\\\/sepam.com.br\\\/wp-content\\\/uploads\\\/2025\\\/02\\\/Ativo-2.png\",\"width\":595,\"height\":525,\"caption\":\"Col\u00e9gio Sepam\"},\"image\":{\"@id\":\"https:\\\/\\\/sepam.com.br\\\/en\\\/#\\\/schema\\\/logo\\\/image\\\/\"}},{\"@type\":\"Person\",\"@id\":\"https:\\\/\\\/sepam.com.br\\\/#\\\/schema\\\/person\\\/bfa2996c649a5a6d822766f6e64eb7fd\",\"name\":\"Sepam\",\"image\":{\"@type\":\"ImageObject\",\"inLanguage\":\"en-US\",\"@id\":\"https:\\\/\\\/secure.gravatar.com\\\/avatar\\\/0219e64664f5861998ad57a3432eb4bd5fd99a34c7cc9bc44b3c59dfb830db85?s=96&d=mm&r=g\",\"url\":\"https:\\\/\\\/secure.gravatar.com\\\/avatar\\\/0219e64664f5861998ad57a3432eb4bd5fd99a34c7cc9bc44b3c59dfb830db85?s=96&d=mm&r=g\",\"contentUrl\":\"https:\\\/\\\/secure.gravatar.com\\\/avatar\\\/0219e64664f5861998ad57a3432eb4bd5fd99a34c7cc9bc44b3c59dfb830db85?s=96&d=mm&r=g\",\"caption\":\"Sepam\"},\"url\":\"https:\\\/\\\/sepam.com.br\\\/en\\\/author\\\/sepam\\\/\"}]}<\/script>\n<!-- \/ Yoast SEO plugin. -->","yoast_head_json":{"title":"Gerente de Tecnologia Educacional do Sepam participa de evento em Curitiba","description":"O Let\u2019s Go Festival aborda educa\u00e7\u00e3o e inova\u00e7\u00e3o no formato de descongresso A gerente de tecnologia educacional do Col\u00e9gio Sepam Ponta Grossa, Talita Moretto, est\u00e1 presente no maior festival de inova\u00e7\u00e3o educacional da Am\u00e9rica Latina, o Let\u2019s Go Festival, onde realizou, na manh\u00e3 de hoje, uma sess\u00e3o de Let\u2019s Talk. Ela foi indicada por uma&hellip;","robots":{"index":"index","follow":"follow","max-snippet":"max-snippet:-1","max-image-preview":"max-image-preview:large","max-video-preview":"max-video-preview:-1"},"canonical":"https:\/\/sepam.com.br\/en\/gerente-de-tecnologia-educacional-do-sepam-participa-de-evento-em-curitiba\/","og_locale":"en_US","og_type":"article","og_title":"Gerente de Tecnologia Educacional do Sepam participa de evento em Curitiba","og_description":"O Let\u2019s Go Festival aborda educa\u00e7\u00e3o e inova\u00e7\u00e3o no formato de descongresso A gerente de tecnologia educacional do Col\u00e9gio Sepam Ponta Grossa, Talita Moretto, est\u00e1 presente no maior festival de inova\u00e7\u00e3o educacional da Am\u00e9rica Latina, o Let\u2019s Go Festival, onde realizou, na manh\u00e3 de hoje, uma sess\u00e3o de Let\u2019s Talk. Ela foi indicada por uma&hellip;","og_url":"https:\/\/sepam.com.br\/en\/gerente-de-tecnologia-educacional-do-sepam-participa-de-evento-em-curitiba\/","og_site_name":"Col\u00e9gio Sepam","article_published_time":"2025-08-28T13:47:31+00:00","article_modified_time":"2025-11-24T13:53:35+00:00","author":"Sepam","twitter_card":"summary_large_image","twitter_misc":{"Written by":"Sepam","Est. reading time":"2 minutes"},"schema":{"@context":"https:\/\/schema.org","@graph":[{"@type":"Article","@id":"https:\/\/sepam.com.br\/en\/gerente-de-tecnologia-educacional-do-sepam-participa-de-evento-em-curitiba\/#article","isPartOf":{"@id":"https:\/\/sepam.com.br\/en\/gerente-de-tecnologia-educacional-do-sepam-participa-de-evento-em-curitiba\/"},"author":{"name":"Sepam","@id":"https:\/\/sepam.com.br\/#\/schema\/person\/bfa2996c649a5a6d822766f6e64eb7fd"},"headline":"Gerente de Tecnologia Educacional do Sepam participa de evento em Curitiba","datePublished":"2025-08-28T13:47:31+00:00","dateModified":"2025-11-24T13:53:35+00:00","mainEntityOfPage":{"@id":"https:\/\/sepam.com.br\/en\/gerente-de-tecnologia-educacional-do-sepam-participa-de-evento-em-curitiba\/"},"wordCount":367,"commentCount":0,"publisher":{"@id":"https:\/\/sepam.com.br\/#organization"},"articleSection":["Colegio Sepam"],"inLanguage":"en-US","potentialAction":[{"@type":"CommentAction","name":"Comment","target":["https:\/\/sepam.com.br\/en\/gerente-de-tecnologia-educacional-do-sepam-participa-de-evento-em-curitiba\/#respond"]}]},{"@type":"WebPage","@id":"https:\/\/sepam.com.br\/en\/gerente-de-tecnologia-educacional-do-sepam-participa-de-evento-em-curitiba\/","url":"https:\/\/sepam.com.br\/en\/gerente-de-tecnologia-educacional-do-sepam-participa-de-evento-em-curitiba\/","name":"Gerente de Tecnologia Educacional do Sepam participa de evento em Curitiba - Col\u00e9gio Sepam","isPartOf":{"@id":"https:\/\/sepam.com.br\/#website"},"datePublished":"2025-08-28T13:47:31+00:00","dateModified":"2025-11-24T13:53:35+00:00","breadcrumb":{"@id":"https:\/\/sepam.com.br\/en\/gerente-de-tecnologia-educacional-do-sepam-participa-de-evento-em-curitiba\/#breadcrumb"},"inLanguage":"en-US","potentialAction":[{"@type":"ReadAction","target":["https:\/\/sepam.com.br\/en\/gerente-de-tecnologia-educacional-do-sepam-participa-de-evento-em-curitiba\/"]}]},{"@type":"BreadcrumbList","@id":"https:\/\/sepam.com.br\/en\/gerente-de-tecnologia-educacional-do-sepam-participa-de-evento-em-curitiba\/#breadcrumb","itemListElement":[{"@type":"ListItem","position":1,"name":"Boas Vindas","item":"https:\/\/sepam.com.br\/"},{"@type":"ListItem","position":2,"name":"Gerente de Tecnologia Educacional do Sepam participa de evento em Curitiba"}]},{"@type":"WebSite","@id":"https:\/\/sepam.com.br\/en\/#website","url":"https:\/\/sepam.com.br\/en\/","name":"Col\u00e9gio Sepam","description":"Ensino Incompar\u00e1vel","publisher":{"@id":"https:\/\/sepam.com.br\/en\/#organization"},"potentialAction":[{"@type":"SearchAction","target":{"@type":"EntryPoint","urlTemplate":"https:\/\/sepam.com.br\/en\/?s={search_term_string}"},"query-input":{"@type":"PropertyValueSpecification","valueRequired":true,"valueName":"search_term_string"}}],"inLanguage":"en-US"},{"@type":"Organization","@id":"https:\/\/sepam.com.br\/en\/#organization","name":"Col\u00e9gio Sepam","url":"https:\/\/sepam.com.br\/en\/","logo":{"@type":"ImageObject","inLanguage":"en-US","@id":"https:\/\/sepam.com.br\/en\/#\/schema\/logo\/image\/","url":"https:\/\/sepam.com.br\/wp-content\/uploads\/2025\/02\/Ativo-2.png","contentUrl":"https:\/\/sepam.com.br\/wp-content\/uploads\/2025\/02\/Ativo-2.png","width":595,"height":525,"caption":"Col\u00e9gio Sepam"},"image":{"@id":"https:\/\/sepam.com.br\/en\/#\/schema\/logo\/image\/"}},{"@type":"Person","@id":"https:\/\/sepam.com.br\/#\/schema\/person\/bfa2996c649a5a6d822766f6e64eb7fd","name":"Sepam","image":{"@type":"ImageObject","inLanguage":"en-US","@id":"https:\/\/secure.gravatar.com\/avatar\/0219e64664f5861998ad57a3432eb4bd5fd99a34c7cc9bc44b3c59dfb830db85?s=96&d=mm&r=g","url":"https:\/\/secure.gravatar.com\/avatar\/0219e64664f5861998ad57a3432eb4bd5fd99a34c7cc9bc44b3c59dfb830db85?s=96&d=mm&r=g","contentUrl":"https:\/\/secure.gravatar.com\/avatar\/0219e64664f5861998ad57a3432eb4bd5fd99a34c7cc9bc44b3c59dfb830db85?s=96&d=mm&r=g","caption":"Sepam"},"url":"https:\/\/sepam.com.br\/en\/author\/sepam\/"}]}},"_links":{"self":[{"href":"https:\/\/sepam.com.br\/en\/wp-json\/wp\/v2\/posts\/7044","targetHints":{"allow":["GET"]}}],"collection":[{"href":"https:\/\/sepam.com.br\/en\/wp-json\/wp\/v2\/posts"}],"about":[{"href":"https:\/\/sepam.com.br\/en\/wp-json\/wp\/v2\/types\/post"}],"author":[{"embeddable":true,"href":"https:\/\/sepam.com.br\/en\/wp-json\/wp\/v2\/users\/13"}],"replies":[{"embeddable":true,"href":"https:\/\/sepam.com.br\/en\/wp-json\/wp\/v2\/comments?post=7044"}],"version-history":[{"count":1,"href":"https:\/\/sepam.com.br\/en\/wp-json\/wp\/v2\/posts\/7044\/revisions"}],"predecessor-version":[{"id":7308,"href":"https:\/\/sepam.com.br\/en\/wp-json\/wp\/v2\/posts\/7044\/revisions\/7308"}],"wp:attachment":[{"href":"https:\/\/sepam.com.br\/en\/wp-json\/wp\/v2\/media?parent=7044"}],"wp:term":[{"taxonomy":"category","embeddable":true,"href":"https:\/\/sepam.com.br\/en\/wp-json\/wp\/v2\/categories?post=7044"},{"taxonomy":"post_tag","embeddable":true,"href":"https:\/\/sepam.com.br\/en\/wp-json\/wp\/v2\/tags?post=7044"}],"curies":[{"name":"wp","href":"https:\/\/api.w.org\/{rel}","templated":true}]}}