{"id":7036,"date":"2025-08-28T10:47:28","date_gmt":"2025-08-28T13:47:28","guid":{"rendered":"https:\/\/dev.alisonandrei.com.br\/noticia\/alunos-do-1o-ano-identificam-pontos-de-referencia-no-entorno-do-colegio\/"},"modified":"2025-11-24T10:53:36","modified_gmt":"2025-11-24T13:53:36","slug":"alunos-do-1o-ano-identificam-pontos-de-referencia-no-entorno-do-colegio","status":"publish","type":"post","link":"https:\/\/sepam.com.br\/en\/alunos-do-1o-ano-identificam-pontos-de-referencia-no-entorno-do-colegio\/","title":{"rendered":"Alunos do 1\u00ba ano identificam pontos de refer\u00eancia no entorno do Col\u00e9gio"},"content":{"rendered":"<p>A partir do tema \u201cPontos de Refer\u00eancia\u201d, que est\u00e1 sendo trabalhado no terceiro bimestre na disciplina de Geografia, os alunos do 1\u00ba ano do Ensino Fundamental fizeram um passeio ao redor do Col\u00e9gio Sepam a fim de observar o que existe nesse trajeto que possa servir como ponto de refer\u00eancia. A atividade foi conduzida pelas professoras Darlene Bueno dos Santos, Marilda Lauber, Patricia Martins e Suelen Pinheiro Ribeiro.<\/p>\n<p>\u201cPor mais que eles tenham contato com esses ambientes no dia a dia, \u00e0s vezes algumas coisas passam despercebidas, como, por exemplo, o parque, que \u00e9 um espa\u00e7o comum para eles. Desta forma, o passeio possibilitou aos alunos observarem melhor o que existe ao seu redor\u201d, explica a professora Darlene (1\u00baC).<\/p>\n<p>O objetivo principal do passeio foi possibilitar \u00e0s crian\u00e7as conhecerem quais s\u00e3o as refer\u00eancias espaciais presentes no seu cotidiano. Na avalia\u00e7\u00e3o das professoras, \u00e9 importante realizar esse tipo de pr\u00e1tica para que as crian\u00e7as se localizem dentro e fora do Col\u00e9gio. Tamb\u00e9m fez parte do conte\u00fado o tema lateralidade, onde eles aprenderam como se localizar dentro da sala de aula.<\/p>\n","protected":false},"excerpt":{"rendered":"<p>A partir do tema \u201cPontos de Refer\u00eancia\u201d, que est\u00e1 sendo trabalhado no terceiro bimestre na disciplina de Geografia, os alunos do 1\u00ba ano do Ensino Fundamental fizeram um passeio ao redor do Col\u00e9gio Sepam a fim de observar o que existe nesse trajeto que possa servir como ponto de refer\u00eancia. A atividade foi conduzida pelas [&hellip;]<\/p>\n","protected":false},"author":13,"featured_media":0,"comment_status":"open","ping_status":"open","sticky":false,"template":"","format":"standard","meta":{"footnotes":""},"categories":[21],"tags":[],"class_list":["post-7036","post","type-post","status-publish","format-standard","hentry","category-colegio-sepam"],"yoast_head":"<!-- This site is optimized with the Yoast SEO plugin v28.4 - https:\/\/yoast.com\/product\/yoast-seo-wordpress\/ -->\n<title>Alunos do 1\u00ba ano identificam pontos de refer\u00eancia no entorno do Col\u00e9gio<\/title>\n<meta name=\"description\" content=\"A partir do tema \u201cPontos de Refer\u00eancia\u201d, que est\u00e1 sendo trabalhado no terceiro bimestre na disciplina de Geografia, os alunos do 1\u00ba ano do Ensino Fundamental fizeram um passeio ao redor do Col\u00e9gio Sepam a fim de observar o que existe nesse trajeto que possa servir como ponto de refer\u00eancia. A atividade foi conduzida pelas&hellip;\" \/>\n<meta name=\"robots\" content=\"index, follow, max-snippet:-1, max-image-preview:large, max-video-preview:-1\" \/>\n<link rel=\"canonical\" href=\"https:\/\/sepam.com.br\/en\/alunos-do-1o-ano-identificam-pontos-de-referencia-no-entorno-do-colegio\/\" \/>\n<meta property=\"og:locale\" content=\"en_US\" \/>\n<meta property=\"og:type\" content=\"article\" \/>\n<meta property=\"og:title\" content=\"Alunos do 1\u00ba ano identificam pontos de refer\u00eancia no entorno do Col\u00e9gio\" \/>\n<meta property=\"og:description\" content=\"A partir do tema \u201cPontos de Refer\u00eancia\u201d, que est\u00e1 sendo trabalhado no terceiro bimestre na disciplina de Geografia, os alunos do 1\u00ba ano do Ensino Fundamental fizeram um passeio ao redor do Col\u00e9gio Sepam a fim de observar o que existe nesse trajeto que possa servir como ponto de refer\u00eancia. A atividade foi conduzida pelas&hellip;\" \/>\n<meta property=\"og:url\" content=\"https:\/\/sepam.com.br\/en\/alunos-do-1o-ano-identificam-pontos-de-referencia-no-entorno-do-colegio\/\" \/>\n<meta property=\"og:site_name\" content=\"Col\u00e9gio Sepam\" \/>\n<meta property=\"article:published_time\" content=\"2025-08-28T13:47:28+00:00\" \/>\n<meta property=\"article:modified_time\" content=\"2025-11-24T13:53:36+00:00\" \/>\n<meta name=\"author\" content=\"Sepam\" \/>\n<meta name=\"twitter:card\" content=\"summary_large_image\" \/>\n<meta name=\"twitter:label1\" content=\"Written by\" \/>\n\t<meta name=\"twitter:data1\" content=\"Sepam\" \/>\n\t<meta name=\"twitter:label2\" content=\"Est. reading time\" \/>\n\t<meta name=\"twitter:data2\" content=\"1 minute\" \/>\n<script type=\"application\/ld+json\" class=\"yoast-schema-graph\">{\"@context\":\"https:\\\/\\\/schema.org\",\"@graph\":[{\"@type\":\"Article\",\"@id\":\"https:\\\/\\\/sepam.com.br\\\/en\\\/alunos-do-1o-ano-identificam-pontos-de-referencia-no-entorno-do-colegio\\\/#article\",\"isPartOf\":{\"@id\":\"https:\\\/\\\/sepam.com.br\\\/en\\\/alunos-do-1o-ano-identificam-pontos-de-referencia-no-entorno-do-colegio\\\/\"},\"author\":{\"name\":\"Sepam\",\"@id\":\"https:\\\/\\\/sepam.com.br\\\/#\\\/schema\\\/person\\\/bfa2996c649a5a6d822766f6e64eb7fd\"},\"headline\":\"Alunos do 1\u00ba ano identificam pontos de refer\u00eancia no entorno do Col\u00e9gio\",\"datePublished\":\"2025-08-28T13:47:28+00:00\",\"dateModified\":\"2025-11-24T13:53:36+00:00\",\"mainEntityOfPage\":{\"@id\":\"https:\\\/\\\/sepam.com.br\\\/en\\\/alunos-do-1o-ano-identificam-pontos-de-referencia-no-entorno-do-colegio\\\/\"},\"wordCount\":202,\"commentCount\":0,\"publisher\":{\"@id\":\"https:\\\/\\\/sepam.com.br\\\/#organization\"},\"articleSection\":[\"Colegio Sepam\"],\"inLanguage\":\"en-US\",\"potentialAction\":[{\"@type\":\"CommentAction\",\"name\":\"Comment\",\"target\":[\"https:\\\/\\\/sepam.com.br\\\/en\\\/alunos-do-1o-ano-identificam-pontos-de-referencia-no-entorno-do-colegio\\\/#respond\"]}]},{\"@type\":\"WebPage\",\"@id\":\"https:\\\/\\\/sepam.com.br\\\/en\\\/alunos-do-1o-ano-identificam-pontos-de-referencia-no-entorno-do-colegio\\\/\",\"url\":\"https:\\\/\\\/sepam.com.br\\\/en\\\/alunos-do-1o-ano-identificam-pontos-de-referencia-no-entorno-do-colegio\\\/\",\"name\":\"Alunos do 1\u00ba ano identificam pontos de refer\u00eancia no entorno do Col\u00e9gio - Col\u00e9gio Sepam\",\"isPartOf\":{\"@id\":\"https:\\\/\\\/sepam.com.br\\\/#website\"},\"datePublished\":\"2025-08-28T13:47:28+00:00\",\"dateModified\":\"2025-11-24T13:53:36+00:00\",\"breadcrumb\":{\"@id\":\"https:\\\/\\\/sepam.com.br\\\/en\\\/alunos-do-1o-ano-identificam-pontos-de-referencia-no-entorno-do-colegio\\\/#breadcrumb\"},\"inLanguage\":\"en-US\",\"potentialAction\":[{\"@type\":\"ReadAction\",\"target\":[\"https:\\\/\\\/sepam.com.br\\\/en\\\/alunos-do-1o-ano-identificam-pontos-de-referencia-no-entorno-do-colegio\\\/\"]}]},{\"@type\":\"BreadcrumbList\",\"@id\":\"https:\\\/\\\/sepam.com.br\\\/en\\\/alunos-do-1o-ano-identificam-pontos-de-referencia-no-entorno-do-colegio\\\/#breadcrumb\",\"itemListElement\":[{\"@type\":\"ListItem\",\"position\":1,\"name\":\"Boas Vindas\",\"item\":\"https:\\\/\\\/sepam.com.br\\\/\"},{\"@type\":\"ListItem\",\"position\":2,\"name\":\"Alunos do 1\u00ba ano identificam pontos de refer\u00eancia no entorno do Col\u00e9gio\"}]},{\"@type\":\"WebSite\",\"@id\":\"https:\\\/\\\/sepam.com.br\\\/en\\\/#website\",\"url\":\"https:\\\/\\\/sepam.com.br\\\/en\\\/\",\"name\":\"Col\u00e9gio Sepam\",\"description\":\"Ensino Incompar\u00e1vel\",\"publisher\":{\"@id\":\"https:\\\/\\\/sepam.com.br\\\/en\\\/#organization\"},\"potentialAction\":[{\"@type\":\"SearchAction\",\"target\":{\"@type\":\"EntryPoint\",\"urlTemplate\":\"https:\\\/\\\/sepam.com.br\\\/en\\\/?s={search_term_string}\"},\"query-input\":{\"@type\":\"PropertyValueSpecification\",\"valueRequired\":true,\"valueName\":\"search_term_string\"}}],\"inLanguage\":\"en-US\"},{\"@type\":\"Organization\",\"@id\":\"https:\\\/\\\/sepam.com.br\\\/en\\\/#organization\",\"name\":\"Col\u00e9gio Sepam\",\"url\":\"https:\\\/\\\/sepam.com.br\\\/en\\\/\",\"logo\":{\"@type\":\"ImageObject\",\"inLanguage\":\"en-US\",\"@id\":\"https:\\\/\\\/sepam.com.br\\\/en\\\/#\\\/schema\\\/logo\\\/image\\\/\",\"url\":\"https:\\\/\\\/sepam.com.br\\\/wp-content\\\/uploads\\\/2025\\\/02\\\/Ativo-2.png\",\"contentUrl\":\"https:\\\/\\\/sepam.com.br\\\/wp-content\\\/uploads\\\/2025\\\/02\\\/Ativo-2.png\",\"width\":595,\"height\":525,\"caption\":\"Col\u00e9gio Sepam\"},\"image\":{\"@id\":\"https:\\\/\\\/sepam.com.br\\\/en\\\/#\\\/schema\\\/logo\\\/image\\\/\"}},{\"@type\":\"Person\",\"@id\":\"https:\\\/\\\/sepam.com.br\\\/#\\\/schema\\\/person\\\/bfa2996c649a5a6d822766f6e64eb7fd\",\"name\":\"Sepam\",\"image\":{\"@type\":\"ImageObject\",\"inLanguage\":\"en-US\",\"@id\":\"https:\\\/\\\/secure.gravatar.com\\\/avatar\\\/0219e64664f5861998ad57a3432eb4bd5fd99a34c7cc9bc44b3c59dfb830db85?s=96&d=mm&r=g\",\"url\":\"https:\\\/\\\/secure.gravatar.com\\\/avatar\\\/0219e64664f5861998ad57a3432eb4bd5fd99a34c7cc9bc44b3c59dfb830db85?s=96&d=mm&r=g\",\"contentUrl\":\"https:\\\/\\\/secure.gravatar.com\\\/avatar\\\/0219e64664f5861998ad57a3432eb4bd5fd99a34c7cc9bc44b3c59dfb830db85?s=96&d=mm&r=g\",\"caption\":\"Sepam\"},\"url\":\"https:\\\/\\\/sepam.com.br\\\/en\\\/author\\\/sepam\\\/\"}]}<\/script>\n<!-- \/ Yoast SEO plugin. -->","yoast_head_json":{"title":"Alunos do 1\u00ba ano identificam pontos de refer\u00eancia no entorno do Col\u00e9gio","description":"A partir do tema \u201cPontos de Refer\u00eancia\u201d, que est\u00e1 sendo trabalhado no terceiro bimestre na disciplina de Geografia, os alunos do 1\u00ba ano do Ensino Fundamental fizeram um passeio ao redor do Col\u00e9gio Sepam a fim de observar o que existe nesse trajeto que possa servir como ponto de refer\u00eancia. A atividade foi conduzida pelas&hellip;","robots":{"index":"index","follow":"follow","max-snippet":"max-snippet:-1","max-image-preview":"max-image-preview:large","max-video-preview":"max-video-preview:-1"},"canonical":"https:\/\/sepam.com.br\/en\/alunos-do-1o-ano-identificam-pontos-de-referencia-no-entorno-do-colegio\/","og_locale":"en_US","og_type":"article","og_title":"Alunos do 1\u00ba ano identificam pontos de refer\u00eancia no entorno do Col\u00e9gio","og_description":"A partir do tema \u201cPontos de Refer\u00eancia\u201d, que est\u00e1 sendo trabalhado no terceiro bimestre na disciplina de Geografia, os alunos do 1\u00ba ano do Ensino Fundamental fizeram um passeio ao redor do Col\u00e9gio Sepam a fim de observar o que existe nesse trajeto que possa servir como ponto de refer\u00eancia. A atividade foi conduzida pelas&hellip;","og_url":"https:\/\/sepam.com.br\/en\/alunos-do-1o-ano-identificam-pontos-de-referencia-no-entorno-do-colegio\/","og_site_name":"Col\u00e9gio Sepam","article_published_time":"2025-08-28T13:47:28+00:00","article_modified_time":"2025-11-24T13:53:36+00:00","author":"Sepam","twitter_card":"summary_large_image","twitter_misc":{"Written by":"Sepam","Est. reading time":"1 minute"},"schema":{"@context":"https:\/\/schema.org","@graph":[{"@type":"Article","@id":"https:\/\/sepam.com.br\/en\/alunos-do-1o-ano-identificam-pontos-de-referencia-no-entorno-do-colegio\/#article","isPartOf":{"@id":"https:\/\/sepam.com.br\/en\/alunos-do-1o-ano-identificam-pontos-de-referencia-no-entorno-do-colegio\/"},"author":{"name":"Sepam","@id":"https:\/\/sepam.com.br\/#\/schema\/person\/bfa2996c649a5a6d822766f6e64eb7fd"},"headline":"Alunos do 1\u00ba ano identificam pontos de refer\u00eancia no entorno do Col\u00e9gio","datePublished":"2025-08-28T13:47:28+00:00","dateModified":"2025-11-24T13:53:36+00:00","mainEntityOfPage":{"@id":"https:\/\/sepam.com.br\/en\/alunos-do-1o-ano-identificam-pontos-de-referencia-no-entorno-do-colegio\/"},"wordCount":202,"commentCount":0,"publisher":{"@id":"https:\/\/sepam.com.br\/#organization"},"articleSection":["Colegio Sepam"],"inLanguage":"en-US","potentialAction":[{"@type":"CommentAction","name":"Comment","target":["https:\/\/sepam.com.br\/en\/alunos-do-1o-ano-identificam-pontos-de-referencia-no-entorno-do-colegio\/#respond"]}]},{"@type":"WebPage","@id":"https:\/\/sepam.com.br\/en\/alunos-do-1o-ano-identificam-pontos-de-referencia-no-entorno-do-colegio\/","url":"https:\/\/sepam.com.br\/en\/alunos-do-1o-ano-identificam-pontos-de-referencia-no-entorno-do-colegio\/","name":"Alunos do 1\u00ba ano identificam pontos de refer\u00eancia no entorno do Col\u00e9gio - Col\u00e9gio Sepam","isPartOf":{"@id":"https:\/\/sepam.com.br\/#website"},"datePublished":"2025-08-28T13:47:28+00:00","dateModified":"2025-11-24T13:53:36+00:00","breadcrumb":{"@id":"https:\/\/sepam.com.br\/en\/alunos-do-1o-ano-identificam-pontos-de-referencia-no-entorno-do-colegio\/#breadcrumb"},"inLanguage":"en-US","potentialAction":[{"@type":"ReadAction","target":["https:\/\/sepam.com.br\/en\/alunos-do-1o-ano-identificam-pontos-de-referencia-no-entorno-do-colegio\/"]}]},{"@type":"BreadcrumbList","@id":"https:\/\/sepam.com.br\/en\/alunos-do-1o-ano-identificam-pontos-de-referencia-no-entorno-do-colegio\/#breadcrumb","itemListElement":[{"@type":"ListItem","position":1,"name":"Boas Vindas","item":"https:\/\/sepam.com.br\/"},{"@type":"ListItem","position":2,"name":"Alunos do 1\u00ba ano identificam pontos de refer\u00eancia no entorno do Col\u00e9gio"}]},{"@type":"WebSite","@id":"https:\/\/sepam.com.br\/en\/#website","url":"https:\/\/sepam.com.br\/en\/","name":"Col\u00e9gio Sepam","description":"Ensino Incompar\u00e1vel","publisher":{"@id":"https:\/\/sepam.com.br\/en\/#organization"},"potentialAction":[{"@type":"SearchAction","target":{"@type":"EntryPoint","urlTemplate":"https:\/\/sepam.com.br\/en\/?s={search_term_string}"},"query-input":{"@type":"PropertyValueSpecification","valueRequired":true,"valueName":"search_term_string"}}],"inLanguage":"en-US"},{"@type":"Organization","@id":"https:\/\/sepam.com.br\/en\/#organization","name":"Col\u00e9gio Sepam","url":"https:\/\/sepam.com.br\/en\/","logo":{"@type":"ImageObject","inLanguage":"en-US","@id":"https:\/\/sepam.com.br\/en\/#\/schema\/logo\/image\/","url":"https:\/\/sepam.com.br\/wp-content\/uploads\/2025\/02\/Ativo-2.png","contentUrl":"https:\/\/sepam.com.br\/wp-content\/uploads\/2025\/02\/Ativo-2.png","width":595,"height":525,"caption":"Col\u00e9gio Sepam"},"image":{"@id":"https:\/\/sepam.com.br\/en\/#\/schema\/logo\/image\/"}},{"@type":"Person","@id":"https:\/\/sepam.com.br\/#\/schema\/person\/bfa2996c649a5a6d822766f6e64eb7fd","name":"Sepam","image":{"@type":"ImageObject","inLanguage":"en-US","@id":"https:\/\/secure.gravatar.com\/avatar\/0219e64664f5861998ad57a3432eb4bd5fd99a34c7cc9bc44b3c59dfb830db85?s=96&d=mm&r=g","url":"https:\/\/secure.gravatar.com\/avatar\/0219e64664f5861998ad57a3432eb4bd5fd99a34c7cc9bc44b3c59dfb830db85?s=96&d=mm&r=g","contentUrl":"https:\/\/secure.gravatar.com\/avatar\/0219e64664f5861998ad57a3432eb4bd5fd99a34c7cc9bc44b3c59dfb830db85?s=96&d=mm&r=g","caption":"Sepam"},"url":"https:\/\/sepam.com.br\/en\/author\/sepam\/"}]}},"_links":{"self":[{"href":"https:\/\/sepam.com.br\/en\/wp-json\/wp\/v2\/posts\/7036","targetHints":{"allow":["GET"]}}],"collection":[{"href":"https:\/\/sepam.com.br\/en\/wp-json\/wp\/v2\/posts"}],"about":[{"href":"https:\/\/sepam.com.br\/en\/wp-json\/wp\/v2\/types\/post"}],"author":[{"embeddable":true,"href":"https:\/\/sepam.com.br\/en\/wp-json\/wp\/v2\/users\/13"}],"replies":[{"embeddable":true,"href":"https:\/\/sepam.com.br\/en\/wp-json\/wp\/v2\/comments?post=7036"}],"version-history":[{"count":1,"href":"https:\/\/sepam.com.br\/en\/wp-json\/wp\/v2\/posts\/7036\/revisions"}],"predecessor-version":[{"id":7340,"href":"https:\/\/sepam.com.br\/en\/wp-json\/wp\/v2\/posts\/7036\/revisions\/7340"}],"wp:attachment":[{"href":"https:\/\/sepam.com.br\/en\/wp-json\/wp\/v2\/media?parent=7036"}],"wp:term":[{"taxonomy":"category","embeddable":true,"href":"https:\/\/sepam.com.br\/en\/wp-json\/wp\/v2\/categories?post=7036"},{"taxonomy":"post_tag","embeddable":true,"href":"https:\/\/sepam.com.br\/en\/wp-json\/wp\/v2\/tags?post=7036"}],"curies":[{"name":"wp","href":"https:\/\/api.w.org\/{rel}","templated":true}]}}