{"id":7006,"date":"2025-08-28T10:47:25","date_gmt":"2025-08-28T13:47:25","guid":{"rendered":"https:\/\/dev.alisonandrei.com.br\/noticia\/sepam-disputara-fase-regional-dos-jogos-escolares-do-parana\/"},"modified":"2025-11-24T10:53:36","modified_gmt":"2025-11-24T13:53:36","slug":"sepam-disputara-fase-regional-dos-jogos-escolares-do-parana","status":"publish","type":"post","link":"https:\/\/sepam.com.br\/en\/sepam-disputara-fase-regional-dos-jogos-escolares-do-parana\/","title":{"rendered":"Sepam disputar\u00e1 fase regional dos Jogos Escolares do Paran\u00e1"},"content":{"rendered":"<p><em>Atletas de xadrez, basquete e t\u00eanis de mesa seguem para Pira\u00ed do Sul em busca de medalhas <\/em><\/p>\n<p>No pr\u00f3ximo s\u00e1bado (15), o Col\u00e9gio Sepam participar\u00e1 da fase regional dos Jogos Escolares do Paran\u00e1. As disputas envolver\u00e3o atletas de xadrez e t\u00eanis de mesa, masculino e feminino, e basquete masculino. A delega\u00e7\u00e3o \u00e9 composta por 33 atletas e 3 t\u00e9cnicos. Os jogos acontecer\u00e3o em Pira\u00ed do Sul.<\/p>\n<p>Os enxadristas das classes A (15 a 17 anos de idade) e B (12 a 14 anos)\u00a0 jogar\u00e3o no s\u00e1bado. Na segunda-feira, 17, ser\u00e1 a vez do basquete classe B entrar em quadra em busca de medalhas.<\/p>\n<p>Os atletas do t\u00eanis de mesa competir\u00e3o na ter\u00e7a e quarta-feira (18 e 19) pelas primeiras coloca\u00e7\u00f5es.<\/p>\n<p>Segundo o professor e coordenador de esportes do Sepam, Ben Hur Chiconato, o campe\u00e3o e o vice-campe\u00e3o da fase regional se classificar\u00e1 para a fase mcrorregional, em S\u00e3o Mateus do Sul, entre os dias 25 e 30 de junho. Ben Hur explica ainda que como a equipe de handebol masculino classe B foi campe\u00e3o paranaense em 2018 a presen\u00e7a na etapa final da competi\u00e7\u00e3o est\u00e1 garantida, e acontecer\u00e1 em Apucarana, de 12 a 20 de julho pr\u00f3ximo.<\/p>\n","protected":false},"excerpt":{"rendered":"<p>Atletas de xadrez, basquete e t\u00eanis de mesa seguem para Pira\u00ed do Sul em busca de medalhas No pr\u00f3ximo s\u00e1bado (15), o Col\u00e9gio Sepam participar\u00e1 da fase regional dos Jogos Escolares do Paran\u00e1. As disputas envolver\u00e3o atletas de xadrez e t\u00eanis de mesa, masculino e feminino, e basquete masculino. A delega\u00e7\u00e3o \u00e9 composta por 33 [&hellip;]<\/p>\n","protected":false},"author":13,"featured_media":0,"comment_status":"open","ping_status":"open","sticky":false,"template":"","format":"standard","meta":{"footnotes":""},"categories":[21],"tags":[],"class_list":["post-7006","post","type-post","status-publish","format-standard","hentry","category-colegio-sepam"],"yoast_head":"<!-- This site is optimized with the Yoast SEO plugin v28.4 - https:\/\/yoast.com\/product\/yoast-seo-wordpress\/ -->\n<title>Sepam disputar\u00e1 fase regional dos Jogos Escolares do Paran\u00e1<\/title>\n<meta name=\"description\" content=\"Atletas de xadrez, basquete e t\u00eanis de mesa seguem para Pira\u00ed do Sul em busca de medalhas No pr\u00f3ximo s\u00e1bado (15), o Col\u00e9gio Sepam participar\u00e1 da fase regional dos Jogos Escolares do Paran\u00e1. As disputas envolver\u00e3o atletas de xadrez e t\u00eanis de mesa, masculino e feminino, e basquete masculino. A delega\u00e7\u00e3o \u00e9 composta por 33&hellip;\" \/>\n<meta name=\"robots\" content=\"index, follow, max-snippet:-1, max-image-preview:large, max-video-preview:-1\" \/>\n<link rel=\"canonical\" href=\"https:\/\/sepam.com.br\/en\/sepam-disputara-fase-regional-dos-jogos-escolares-do-parana\/\" \/>\n<meta property=\"og:locale\" content=\"en_US\" \/>\n<meta property=\"og:type\" content=\"article\" \/>\n<meta property=\"og:title\" content=\"Sepam disputar\u00e1 fase regional dos Jogos Escolares do Paran\u00e1\" \/>\n<meta property=\"og:description\" content=\"Atletas de xadrez, basquete e t\u00eanis de mesa seguem para Pira\u00ed do Sul em busca de medalhas No pr\u00f3ximo s\u00e1bado (15), o Col\u00e9gio Sepam participar\u00e1 da fase regional dos Jogos Escolares do Paran\u00e1. As disputas envolver\u00e3o atletas de xadrez e t\u00eanis de mesa, masculino e feminino, e basquete masculino. A delega\u00e7\u00e3o \u00e9 composta por 33&hellip;\" \/>\n<meta property=\"og:url\" content=\"https:\/\/sepam.com.br\/en\/sepam-disputara-fase-regional-dos-jogos-escolares-do-parana\/\" \/>\n<meta property=\"og:site_name\" content=\"Col\u00e9gio Sepam\" \/>\n<meta property=\"article:published_time\" content=\"2025-08-28T13:47:25+00:00\" \/>\n<meta property=\"article:modified_time\" content=\"2025-11-24T13:53:36+00:00\" \/>\n<meta name=\"author\" content=\"Sepam\" \/>\n<meta name=\"twitter:card\" content=\"summary_large_image\" \/>\n<meta name=\"twitter:label1\" content=\"Written by\" \/>\n\t<meta name=\"twitter:data1\" content=\"Sepam\" \/>\n\t<meta name=\"twitter:label2\" content=\"Est. reading time\" \/>\n\t<meta name=\"twitter:data2\" content=\"1 minute\" \/>\n<script type=\"application\/ld+json\" class=\"yoast-schema-graph\">{\"@context\":\"https:\\\/\\\/schema.org\",\"@graph\":[{\"@type\":\"Article\",\"@id\":\"https:\\\/\\\/sepam.com.br\\\/en\\\/sepam-disputara-fase-regional-dos-jogos-escolares-do-parana\\\/#article\",\"isPartOf\":{\"@id\":\"https:\\\/\\\/sepam.com.br\\\/en\\\/sepam-disputara-fase-regional-dos-jogos-escolares-do-parana\\\/\"},\"author\":{\"name\":\"Sepam\",\"@id\":\"https:\\\/\\\/sepam.com.br\\\/#\\\/schema\\\/person\\\/bfa2996c649a5a6d822766f6e64eb7fd\"},\"headline\":\"Sepam disputar\u00e1 fase regional dos Jogos Escolares do Paran\u00e1\",\"datePublished\":\"2025-08-28T13:47:25+00:00\",\"dateModified\":\"2025-11-24T13:53:36+00:00\",\"mainEntityOfPage\":{\"@id\":\"https:\\\/\\\/sepam.com.br\\\/en\\\/sepam-disputara-fase-regional-dos-jogos-escolares-do-parana\\\/\"},\"wordCount\":212,\"commentCount\":0,\"publisher\":{\"@id\":\"https:\\\/\\\/sepam.com.br\\\/#organization\"},\"articleSection\":[\"Colegio Sepam\"],\"inLanguage\":\"en-US\",\"potentialAction\":[{\"@type\":\"CommentAction\",\"name\":\"Comment\",\"target\":[\"https:\\\/\\\/sepam.com.br\\\/en\\\/sepam-disputara-fase-regional-dos-jogos-escolares-do-parana\\\/#respond\"]}]},{\"@type\":\"WebPage\",\"@id\":\"https:\\\/\\\/sepam.com.br\\\/en\\\/sepam-disputara-fase-regional-dos-jogos-escolares-do-parana\\\/\",\"url\":\"https:\\\/\\\/sepam.com.br\\\/en\\\/sepam-disputara-fase-regional-dos-jogos-escolares-do-parana\\\/\",\"name\":\"Sepam disputar\u00e1 fase regional dos Jogos Escolares do Paran\u00e1 - Col\u00e9gio Sepam\",\"isPartOf\":{\"@id\":\"https:\\\/\\\/sepam.com.br\\\/#website\"},\"datePublished\":\"2025-08-28T13:47:25+00:00\",\"dateModified\":\"2025-11-24T13:53:36+00:00\",\"breadcrumb\":{\"@id\":\"https:\\\/\\\/sepam.com.br\\\/en\\\/sepam-disputara-fase-regional-dos-jogos-escolares-do-parana\\\/#breadcrumb\"},\"inLanguage\":\"en-US\",\"potentialAction\":[{\"@type\":\"ReadAction\",\"target\":[\"https:\\\/\\\/sepam.com.br\\\/en\\\/sepam-disputara-fase-regional-dos-jogos-escolares-do-parana\\\/\"]}]},{\"@type\":\"BreadcrumbList\",\"@id\":\"https:\\\/\\\/sepam.com.br\\\/en\\\/sepam-disputara-fase-regional-dos-jogos-escolares-do-parana\\\/#breadcrumb\",\"itemListElement\":[{\"@type\":\"ListItem\",\"position\":1,\"name\":\"Boas Vindas\",\"item\":\"https:\\\/\\\/sepam.com.br\\\/\"},{\"@type\":\"ListItem\",\"position\":2,\"name\":\"Sepam disputar\u00e1 fase regional dos Jogos Escolares do Paran\u00e1\"}]},{\"@type\":\"WebSite\",\"@id\":\"https:\\\/\\\/sepam.com.br\\\/en\\\/#website\",\"url\":\"https:\\\/\\\/sepam.com.br\\\/en\\\/\",\"name\":\"Col\u00e9gio Sepam\",\"description\":\"Ensino Incompar\u00e1vel\",\"publisher\":{\"@id\":\"https:\\\/\\\/sepam.com.br\\\/en\\\/#organization\"},\"potentialAction\":[{\"@type\":\"SearchAction\",\"target\":{\"@type\":\"EntryPoint\",\"urlTemplate\":\"https:\\\/\\\/sepam.com.br\\\/en\\\/?s={search_term_string}\"},\"query-input\":{\"@type\":\"PropertyValueSpecification\",\"valueRequired\":true,\"valueName\":\"search_term_string\"}}],\"inLanguage\":\"en-US\"},{\"@type\":\"Organization\",\"@id\":\"https:\\\/\\\/sepam.com.br\\\/en\\\/#organization\",\"name\":\"Col\u00e9gio Sepam\",\"url\":\"https:\\\/\\\/sepam.com.br\\\/en\\\/\",\"logo\":{\"@type\":\"ImageObject\",\"inLanguage\":\"en-US\",\"@id\":\"https:\\\/\\\/sepam.com.br\\\/en\\\/#\\\/schema\\\/logo\\\/image\\\/\",\"url\":\"https:\\\/\\\/sepam.com.br\\\/wp-content\\\/uploads\\\/2025\\\/02\\\/Ativo-2.png\",\"contentUrl\":\"https:\\\/\\\/sepam.com.br\\\/wp-content\\\/uploads\\\/2025\\\/02\\\/Ativo-2.png\",\"width\":595,\"height\":525,\"caption\":\"Col\u00e9gio Sepam\"},\"image\":{\"@id\":\"https:\\\/\\\/sepam.com.br\\\/en\\\/#\\\/schema\\\/logo\\\/image\\\/\"}},{\"@type\":\"Person\",\"@id\":\"https:\\\/\\\/sepam.com.br\\\/#\\\/schema\\\/person\\\/bfa2996c649a5a6d822766f6e64eb7fd\",\"name\":\"Sepam\",\"image\":{\"@type\":\"ImageObject\",\"inLanguage\":\"en-US\",\"@id\":\"https:\\\/\\\/secure.gravatar.com\\\/avatar\\\/0219e64664f5861998ad57a3432eb4bd5fd99a34c7cc9bc44b3c59dfb830db85?s=96&d=mm&r=g\",\"url\":\"https:\\\/\\\/secure.gravatar.com\\\/avatar\\\/0219e64664f5861998ad57a3432eb4bd5fd99a34c7cc9bc44b3c59dfb830db85?s=96&d=mm&r=g\",\"contentUrl\":\"https:\\\/\\\/secure.gravatar.com\\\/avatar\\\/0219e64664f5861998ad57a3432eb4bd5fd99a34c7cc9bc44b3c59dfb830db85?s=96&d=mm&r=g\",\"caption\":\"Sepam\"},\"url\":\"https:\\\/\\\/sepam.com.br\\\/en\\\/author\\\/sepam\\\/\"}]}<\/script>\n<!-- \/ Yoast SEO plugin. -->","yoast_head_json":{"title":"Sepam disputar\u00e1 fase regional dos Jogos Escolares do Paran\u00e1","description":"Atletas de xadrez, basquete e t\u00eanis de mesa seguem para Pira\u00ed do Sul em busca de medalhas No pr\u00f3ximo s\u00e1bado (15), o Col\u00e9gio Sepam participar\u00e1 da fase regional dos Jogos Escolares do Paran\u00e1. As disputas envolver\u00e3o atletas de xadrez e t\u00eanis de mesa, masculino e feminino, e basquete masculino. A delega\u00e7\u00e3o \u00e9 composta por 33&hellip;","robots":{"index":"index","follow":"follow","max-snippet":"max-snippet:-1","max-image-preview":"max-image-preview:large","max-video-preview":"max-video-preview:-1"},"canonical":"https:\/\/sepam.com.br\/en\/sepam-disputara-fase-regional-dos-jogos-escolares-do-parana\/","og_locale":"en_US","og_type":"article","og_title":"Sepam disputar\u00e1 fase regional dos Jogos Escolares do Paran\u00e1","og_description":"Atletas de xadrez, basquete e t\u00eanis de mesa seguem para Pira\u00ed do Sul em busca de medalhas No pr\u00f3ximo s\u00e1bado (15), o Col\u00e9gio Sepam participar\u00e1 da fase regional dos Jogos Escolares do Paran\u00e1. As disputas envolver\u00e3o atletas de xadrez e t\u00eanis de mesa, masculino e feminino, e basquete masculino. A delega\u00e7\u00e3o \u00e9 composta por 33&hellip;","og_url":"https:\/\/sepam.com.br\/en\/sepam-disputara-fase-regional-dos-jogos-escolares-do-parana\/","og_site_name":"Col\u00e9gio Sepam","article_published_time":"2025-08-28T13:47:25+00:00","article_modified_time":"2025-11-24T13:53:36+00:00","author":"Sepam","twitter_card":"summary_large_image","twitter_misc":{"Written by":"Sepam","Est. reading time":"1 minute"},"schema":{"@context":"https:\/\/schema.org","@graph":[{"@type":"Article","@id":"https:\/\/sepam.com.br\/en\/sepam-disputara-fase-regional-dos-jogos-escolares-do-parana\/#article","isPartOf":{"@id":"https:\/\/sepam.com.br\/en\/sepam-disputara-fase-regional-dos-jogos-escolares-do-parana\/"},"author":{"name":"Sepam","@id":"https:\/\/sepam.com.br\/#\/schema\/person\/bfa2996c649a5a6d822766f6e64eb7fd"},"headline":"Sepam disputar\u00e1 fase regional dos Jogos Escolares do Paran\u00e1","datePublished":"2025-08-28T13:47:25+00:00","dateModified":"2025-11-24T13:53:36+00:00","mainEntityOfPage":{"@id":"https:\/\/sepam.com.br\/en\/sepam-disputara-fase-regional-dos-jogos-escolares-do-parana\/"},"wordCount":212,"commentCount":0,"publisher":{"@id":"https:\/\/sepam.com.br\/#organization"},"articleSection":["Colegio Sepam"],"inLanguage":"en-US","potentialAction":[{"@type":"CommentAction","name":"Comment","target":["https:\/\/sepam.com.br\/en\/sepam-disputara-fase-regional-dos-jogos-escolares-do-parana\/#respond"]}]},{"@type":"WebPage","@id":"https:\/\/sepam.com.br\/en\/sepam-disputara-fase-regional-dos-jogos-escolares-do-parana\/","url":"https:\/\/sepam.com.br\/en\/sepam-disputara-fase-regional-dos-jogos-escolares-do-parana\/","name":"Sepam disputar\u00e1 fase regional dos Jogos Escolares do Paran\u00e1 - Col\u00e9gio Sepam","isPartOf":{"@id":"https:\/\/sepam.com.br\/#website"},"datePublished":"2025-08-28T13:47:25+00:00","dateModified":"2025-11-24T13:53:36+00:00","breadcrumb":{"@id":"https:\/\/sepam.com.br\/en\/sepam-disputara-fase-regional-dos-jogos-escolares-do-parana\/#breadcrumb"},"inLanguage":"en-US","potentialAction":[{"@type":"ReadAction","target":["https:\/\/sepam.com.br\/en\/sepam-disputara-fase-regional-dos-jogos-escolares-do-parana\/"]}]},{"@type":"BreadcrumbList","@id":"https:\/\/sepam.com.br\/en\/sepam-disputara-fase-regional-dos-jogos-escolares-do-parana\/#breadcrumb","itemListElement":[{"@type":"ListItem","position":1,"name":"Boas Vindas","item":"https:\/\/sepam.com.br\/"},{"@type":"ListItem","position":2,"name":"Sepam disputar\u00e1 fase regional dos Jogos Escolares do Paran\u00e1"}]},{"@type":"WebSite","@id":"https:\/\/sepam.com.br\/en\/#website","url":"https:\/\/sepam.com.br\/en\/","name":"Col\u00e9gio Sepam","description":"Ensino Incompar\u00e1vel","publisher":{"@id":"https:\/\/sepam.com.br\/en\/#organization"},"potentialAction":[{"@type":"SearchAction","target":{"@type":"EntryPoint","urlTemplate":"https:\/\/sepam.com.br\/en\/?s={search_term_string}"},"query-input":{"@type":"PropertyValueSpecification","valueRequired":true,"valueName":"search_term_string"}}],"inLanguage":"en-US"},{"@type":"Organization","@id":"https:\/\/sepam.com.br\/en\/#organization","name":"Col\u00e9gio Sepam","url":"https:\/\/sepam.com.br\/en\/","logo":{"@type":"ImageObject","inLanguage":"en-US","@id":"https:\/\/sepam.com.br\/en\/#\/schema\/logo\/image\/","url":"https:\/\/sepam.com.br\/wp-content\/uploads\/2025\/02\/Ativo-2.png","contentUrl":"https:\/\/sepam.com.br\/wp-content\/uploads\/2025\/02\/Ativo-2.png","width":595,"height":525,"caption":"Col\u00e9gio Sepam"},"image":{"@id":"https:\/\/sepam.com.br\/en\/#\/schema\/logo\/image\/"}},{"@type":"Person","@id":"https:\/\/sepam.com.br\/#\/schema\/person\/bfa2996c649a5a6d822766f6e64eb7fd","name":"Sepam","image":{"@type":"ImageObject","inLanguage":"en-US","@id":"https:\/\/secure.gravatar.com\/avatar\/0219e64664f5861998ad57a3432eb4bd5fd99a34c7cc9bc44b3c59dfb830db85?s=96&d=mm&r=g","url":"https:\/\/secure.gravatar.com\/avatar\/0219e64664f5861998ad57a3432eb4bd5fd99a34c7cc9bc44b3c59dfb830db85?s=96&d=mm&r=g","contentUrl":"https:\/\/secure.gravatar.com\/avatar\/0219e64664f5861998ad57a3432eb4bd5fd99a34c7cc9bc44b3c59dfb830db85?s=96&d=mm&r=g","caption":"Sepam"},"url":"https:\/\/sepam.com.br\/en\/author\/sepam\/"}]}},"_links":{"self":[{"href":"https:\/\/sepam.com.br\/en\/wp-json\/wp\/v2\/posts\/7006","targetHints":{"allow":["GET"]}}],"collection":[{"href":"https:\/\/sepam.com.br\/en\/wp-json\/wp\/v2\/posts"}],"about":[{"href":"https:\/\/sepam.com.br\/en\/wp-json\/wp\/v2\/types\/post"}],"author":[{"embeddable":true,"href":"https:\/\/sepam.com.br\/en\/wp-json\/wp\/v2\/users\/13"}],"replies":[{"embeddable":true,"href":"https:\/\/sepam.com.br\/en\/wp-json\/wp\/v2\/comments?post=7006"}],"version-history":[{"count":1,"href":"https:\/\/sepam.com.br\/en\/wp-json\/wp\/v2\/posts\/7006\/revisions"}],"predecessor-version":[{"id":7350,"href":"https:\/\/sepam.com.br\/en\/wp-json\/wp\/v2\/posts\/7006\/revisions\/7350"}],"wp:attachment":[{"href":"https:\/\/sepam.com.br\/en\/wp-json\/wp\/v2\/media?parent=7006"}],"wp:term":[{"taxonomy":"category","embeddable":true,"href":"https:\/\/sepam.com.br\/en\/wp-json\/wp\/v2\/categories?post=7006"},{"taxonomy":"post_tag","embeddable":true,"href":"https:\/\/sepam.com.br\/en\/wp-json\/wp\/v2\/tags?post=7006"}],"curies":[{"name":"wp","href":"https:\/\/api.w.org\/{rel}","templated":true}]}}