{"id":6982,"date":"2025-08-28T10:47:22","date_gmt":"2025-08-28T13:47:22","guid":{"rendered":"https:\/\/dev.alisonandrei.com.br\/noticia\/invasao-poetica-alunos-da-escola-municipal-othon-mader-declamam-poemas-para-alunos-do-sepam\/"},"modified":"2025-11-24T10:53:36","modified_gmt":"2025-11-24T13:53:36","slug":"invasao-poetica-alunos-da-escola-municipal-othon-mader-declamam-poemas-para-alunos-do-sepam","status":"publish","type":"post","link":"https:\/\/sepam.com.br\/en\/invasao-poetica-alunos-da-escola-municipal-othon-mader-declamam-poemas-para-alunos-do-sepam\/","title":{"rendered":"Invas\u00e3o Po\u00e9tica: Alunos da Escola Municipal Othon Mader declamam poemas para alunos do SEPAM"},"content":{"rendered":"<p>Os alunos do per\u00edodo estendido do Col\u00e9gio SEPAM receberam, na \u00faltima quarta-feira(17), os alunos da Escola Municipal Othon Mader que participam do projeto \u201cInvas\u00e3o Po\u00e9tica\u201d. Foram declamados poemas de Cec\u00edlia Meireles, Rosana Rios e Vin\u00edcius de Moraes. Como forma de agradecimento, no final da apresenta\u00e7\u00e3o os alunos SEPAM presentearam os alunos da escola Othon Mader com um cart\u00e3o produzido por eles acompanhado de um chocolate.<\/p>\n<p>A coordenadora pedag\u00f3gica da Escola Othon Mader, Rita Val\u00e9ria Soares, explica que o g\u00eanero textual poema \u00e9 trabalhado durante o ano todo com os alunos. Segundo Rita, \u00e9 um eixo bem explorado e que desperta nos alunos o gosto pela leitura, escrita e declama\u00e7\u00e3o. \u201cParticipando deste projeto os alunos desenvolvem aspectos que auxiliam em sua alfabetiza\u00e7\u00e3o, como oralidade, mem\u00f3ria, dic\u00e7\u00e3o, al\u00e9m de influenciar em suas vidas dentro e fora da escola\u201d, afirma.<\/p>\n<p>Para a coordenadora pedag\u00f3gica do per\u00edodo estendido do SEPAM, Giselle Gehlen, \u00e9 importante essa intera\u00e7\u00e3o entre alunos da rede municipal e particular. \u201cEsse encontro, al\u00e9m de valoroso, possibilitou que os alunos percebessem a import\u00e2ncia que existe em abordar esse g\u00eanero textual, pois, de forma descontra\u00edda, a poesia estimula leitura, interpreta\u00e7\u00e3o, cria\u00e7\u00e3o e reflex\u00e3o, despertando nossas emo\u00e7\u00f5es. N\u00e3o consiste apenas em aprender sobre literatura brasileira, estrofes e versos, mas sim em desenvolver aspectos que auxiliam na forma\u00e7\u00e3o cidad\u00e3 dos alunos\u201d, explica.<\/p>\n<p>O projeto \u201cInvas\u00e3o Po\u00e9tica\u201d \u00e9 uma iniciativa da Secretaria Municipal da Educa\u00e7\u00e3o de Ponta Grossa que desenvolve a performance dos estudantes e leva m\u00fasica e poesia para o p\u00fablico por meio de interven\u00e7\u00f5es art\u00edsticas na comunidade. Acontece desde 2013 e, atualmente, participam 84 escolas e 65 Centros Municipais de Educa\u00e7\u00e3o Infantil (CMEIs). Neste ano, as atividades iniciaram em mar\u00e7o e v\u00e3o at\u00e9 outubro.<\/p>\n","protected":false},"excerpt":{"rendered":"<p>Os alunos do per\u00edodo estendido do Col\u00e9gio SEPAM receberam, na \u00faltima quarta-feira(17), os alunos da Escola Municipal Othon Mader que participam do projeto \u201cInvas\u00e3o Po\u00e9tica\u201d. Foram declamados poemas de Cec\u00edlia Meireles, Rosana Rios e Vin\u00edcius de Moraes. Como forma de agradecimento, no final da apresenta\u00e7\u00e3o os alunos SEPAM presentearam os alunos da escola Othon Mader [&hellip;]<\/p>\n","protected":false},"author":13,"featured_media":0,"comment_status":"open","ping_status":"open","sticky":false,"template":"","format":"standard","meta":{"footnotes":""},"categories":[21],"tags":[],"class_list":["post-6982","post","type-post","status-publish","format-standard","hentry","category-colegio-sepam"],"yoast_head":"<!-- This site is optimized with the Yoast SEO plugin v28.4 - https:\/\/yoast.com\/product\/yoast-seo-wordpress\/ -->\n<title>Invas\u00e3o Po\u00e9tica: Alunos da Escola Municipal Othon Mader declamam poemas para alunos do SEPAM<\/title>\n<meta name=\"description\" content=\"Os alunos do per\u00edodo estendido do Col\u00e9gio SEPAM receberam, na \u00faltima quarta-feira(17), os alunos da Escola Municipal Othon Mader que participam do projeto \u201cInvas\u00e3o Po\u00e9tica\u201d. Foram declamados poemas de Cec\u00edlia Meireles, Rosana Rios e Vin\u00edcius de Moraes. Como forma de agradecimento, no final da apresenta\u00e7\u00e3o os alunos SEPAM presentearam os alunos da escola Othon Mader&hellip;\" \/>\n<meta name=\"robots\" content=\"index, follow, max-snippet:-1, max-image-preview:large, max-video-preview:-1\" \/>\n<link rel=\"canonical\" href=\"https:\/\/sepam.com.br\/en\/invasao-poetica-alunos-da-escola-municipal-othon-mader-declamam-poemas-para-alunos-do-sepam\/\" \/>\n<meta property=\"og:locale\" content=\"en_US\" \/>\n<meta property=\"og:type\" content=\"article\" \/>\n<meta property=\"og:title\" content=\"Invas\u00e3o Po\u00e9tica: Alunos da Escola Municipal Othon Mader declamam poemas para alunos do SEPAM\" \/>\n<meta property=\"og:description\" content=\"Os alunos do per\u00edodo estendido do Col\u00e9gio SEPAM receberam, na \u00faltima quarta-feira(17), os alunos da Escola Municipal Othon Mader que participam do projeto \u201cInvas\u00e3o Po\u00e9tica\u201d. Foram declamados poemas de Cec\u00edlia Meireles, Rosana Rios e Vin\u00edcius de Moraes. Como forma de agradecimento, no final da apresenta\u00e7\u00e3o os alunos SEPAM presentearam os alunos da escola Othon Mader&hellip;\" \/>\n<meta property=\"og:url\" content=\"https:\/\/sepam.com.br\/en\/invasao-poetica-alunos-da-escola-municipal-othon-mader-declamam-poemas-para-alunos-do-sepam\/\" \/>\n<meta property=\"og:site_name\" content=\"Col\u00e9gio Sepam\" \/>\n<meta property=\"article:published_time\" content=\"2025-08-28T13:47:22+00:00\" \/>\n<meta property=\"article:modified_time\" content=\"2025-11-24T13:53:36+00:00\" \/>\n<meta name=\"author\" content=\"Sepam\" \/>\n<meta name=\"twitter:card\" content=\"summary_large_image\" \/>\n<meta name=\"twitter:label1\" content=\"Written by\" \/>\n\t<meta name=\"twitter:data1\" content=\"Sepam\" \/>\n\t<meta name=\"twitter:label2\" content=\"Est. reading time\" \/>\n\t<meta name=\"twitter:data2\" content=\"2 minutes\" \/>\n<script type=\"application\/ld+json\" class=\"yoast-schema-graph\">{\"@context\":\"https:\\\/\\\/schema.org\",\"@graph\":[{\"@type\":\"Article\",\"@id\":\"https:\\\/\\\/sepam.com.br\\\/en\\\/invasao-poetica-alunos-da-escola-municipal-othon-mader-declamam-poemas-para-alunos-do-sepam\\\/#article\",\"isPartOf\":{\"@id\":\"https:\\\/\\\/sepam.com.br\\\/en\\\/invasao-poetica-alunos-da-escola-municipal-othon-mader-declamam-poemas-para-alunos-do-sepam\\\/\"},\"author\":{\"name\":\"Sepam\",\"@id\":\"https:\\\/\\\/sepam.com.br\\\/#\\\/schema\\\/person\\\/bfa2996c649a5a6d822766f6e64eb7fd\"},\"headline\":\"Invas\u00e3o Po\u00e9tica: Alunos da Escola Municipal Othon Mader declamam poemas para alunos do SEPAM\",\"datePublished\":\"2025-08-28T13:47:22+00:00\",\"dateModified\":\"2025-11-24T13:53:36+00:00\",\"mainEntityOfPage\":{\"@id\":\"https:\\\/\\\/sepam.com.br\\\/en\\\/invasao-poetica-alunos-da-escola-municipal-othon-mader-declamam-poemas-para-alunos-do-sepam\\\/\"},\"wordCount\":328,\"commentCount\":0,\"publisher\":{\"@id\":\"https:\\\/\\\/sepam.com.br\\\/#organization\"},\"articleSection\":[\"Colegio Sepam\"],\"inLanguage\":\"en-US\",\"potentialAction\":[{\"@type\":\"CommentAction\",\"name\":\"Comment\",\"target\":[\"https:\\\/\\\/sepam.com.br\\\/en\\\/invasao-poetica-alunos-da-escola-municipal-othon-mader-declamam-poemas-para-alunos-do-sepam\\\/#respond\"]}]},{\"@type\":\"WebPage\",\"@id\":\"https:\\\/\\\/sepam.com.br\\\/en\\\/invasao-poetica-alunos-da-escola-municipal-othon-mader-declamam-poemas-para-alunos-do-sepam\\\/\",\"url\":\"https:\\\/\\\/sepam.com.br\\\/en\\\/invasao-poetica-alunos-da-escola-municipal-othon-mader-declamam-poemas-para-alunos-do-sepam\\\/\",\"name\":\"Invas\u00e3o Po\u00e9tica: Alunos da Escola Municipal Othon Mader declamam poemas para alunos do SEPAM - Col\u00e9gio Sepam\",\"isPartOf\":{\"@id\":\"https:\\\/\\\/sepam.com.br\\\/#website\"},\"datePublished\":\"2025-08-28T13:47:22+00:00\",\"dateModified\":\"2025-11-24T13:53:36+00:00\",\"breadcrumb\":{\"@id\":\"https:\\\/\\\/sepam.com.br\\\/en\\\/invasao-poetica-alunos-da-escola-municipal-othon-mader-declamam-poemas-para-alunos-do-sepam\\\/#breadcrumb\"},\"inLanguage\":\"en-US\",\"potentialAction\":[{\"@type\":\"ReadAction\",\"target\":[\"https:\\\/\\\/sepam.com.br\\\/en\\\/invasao-poetica-alunos-da-escola-municipal-othon-mader-declamam-poemas-para-alunos-do-sepam\\\/\"]}]},{\"@type\":\"BreadcrumbList\",\"@id\":\"https:\\\/\\\/sepam.com.br\\\/en\\\/invasao-poetica-alunos-da-escola-municipal-othon-mader-declamam-poemas-para-alunos-do-sepam\\\/#breadcrumb\",\"itemListElement\":[{\"@type\":\"ListItem\",\"position\":1,\"name\":\"Boas Vindas\",\"item\":\"https:\\\/\\\/sepam.com.br\\\/\"},{\"@type\":\"ListItem\",\"position\":2,\"name\":\"Invas\u00e3o Po\u00e9tica: Alunos da Escola Municipal Othon Mader declamam poemas para alunos do SEPAM\"}]},{\"@type\":\"WebSite\",\"@id\":\"https:\\\/\\\/sepam.com.br\\\/en\\\/#website\",\"url\":\"https:\\\/\\\/sepam.com.br\\\/en\\\/\",\"name\":\"Col\u00e9gio Sepam\",\"description\":\"Ensino Incompar\u00e1vel\",\"publisher\":{\"@id\":\"https:\\\/\\\/sepam.com.br\\\/en\\\/#organization\"},\"potentialAction\":[{\"@type\":\"SearchAction\",\"target\":{\"@type\":\"EntryPoint\",\"urlTemplate\":\"https:\\\/\\\/sepam.com.br\\\/en\\\/?s={search_term_string}\"},\"query-input\":{\"@type\":\"PropertyValueSpecification\",\"valueRequired\":true,\"valueName\":\"search_term_string\"}}],\"inLanguage\":\"en-US\"},{\"@type\":\"Organization\",\"@id\":\"https:\\\/\\\/sepam.com.br\\\/en\\\/#organization\",\"name\":\"Col\u00e9gio Sepam\",\"url\":\"https:\\\/\\\/sepam.com.br\\\/en\\\/\",\"logo\":{\"@type\":\"ImageObject\",\"inLanguage\":\"en-US\",\"@id\":\"https:\\\/\\\/sepam.com.br\\\/en\\\/#\\\/schema\\\/logo\\\/image\\\/\",\"url\":\"https:\\\/\\\/sepam.com.br\\\/wp-content\\\/uploads\\\/2025\\\/02\\\/Ativo-2.png\",\"contentUrl\":\"https:\\\/\\\/sepam.com.br\\\/wp-content\\\/uploads\\\/2025\\\/02\\\/Ativo-2.png\",\"width\":595,\"height\":525,\"caption\":\"Col\u00e9gio Sepam\"},\"image\":{\"@id\":\"https:\\\/\\\/sepam.com.br\\\/en\\\/#\\\/schema\\\/logo\\\/image\\\/\"}},{\"@type\":\"Person\",\"@id\":\"https:\\\/\\\/sepam.com.br\\\/#\\\/schema\\\/person\\\/bfa2996c649a5a6d822766f6e64eb7fd\",\"name\":\"Sepam\",\"image\":{\"@type\":\"ImageObject\",\"inLanguage\":\"en-US\",\"@id\":\"https:\\\/\\\/secure.gravatar.com\\\/avatar\\\/0219e64664f5861998ad57a3432eb4bd5fd99a34c7cc9bc44b3c59dfb830db85?s=96&d=mm&r=g\",\"url\":\"https:\\\/\\\/secure.gravatar.com\\\/avatar\\\/0219e64664f5861998ad57a3432eb4bd5fd99a34c7cc9bc44b3c59dfb830db85?s=96&d=mm&r=g\",\"contentUrl\":\"https:\\\/\\\/secure.gravatar.com\\\/avatar\\\/0219e64664f5861998ad57a3432eb4bd5fd99a34c7cc9bc44b3c59dfb830db85?s=96&d=mm&r=g\",\"caption\":\"Sepam\"},\"url\":\"https:\\\/\\\/sepam.com.br\\\/en\\\/author\\\/sepam\\\/\"}]}<\/script>\n<!-- \/ Yoast SEO plugin. -->","yoast_head_json":{"title":"Invas\u00e3o Po\u00e9tica: Alunos da Escola Municipal Othon Mader declamam poemas para alunos do SEPAM","description":"Os alunos do per\u00edodo estendido do Col\u00e9gio SEPAM receberam, na \u00faltima quarta-feira(17), os alunos da Escola Municipal Othon Mader que participam do projeto \u201cInvas\u00e3o Po\u00e9tica\u201d. Foram declamados poemas de Cec\u00edlia Meireles, Rosana Rios e Vin\u00edcius de Moraes. Como forma de agradecimento, no final da apresenta\u00e7\u00e3o os alunos SEPAM presentearam os alunos da escola Othon Mader&hellip;","robots":{"index":"index","follow":"follow","max-snippet":"max-snippet:-1","max-image-preview":"max-image-preview:large","max-video-preview":"max-video-preview:-1"},"canonical":"https:\/\/sepam.com.br\/en\/invasao-poetica-alunos-da-escola-municipal-othon-mader-declamam-poemas-para-alunos-do-sepam\/","og_locale":"en_US","og_type":"article","og_title":"Invas\u00e3o Po\u00e9tica: Alunos da Escola Municipal Othon Mader declamam poemas para alunos do SEPAM","og_description":"Os alunos do per\u00edodo estendido do Col\u00e9gio SEPAM receberam, na \u00faltima quarta-feira(17), os alunos da Escola Municipal Othon Mader que participam do projeto \u201cInvas\u00e3o Po\u00e9tica\u201d. Foram declamados poemas de Cec\u00edlia Meireles, Rosana Rios e Vin\u00edcius de Moraes. Como forma de agradecimento, no final da apresenta\u00e7\u00e3o os alunos SEPAM presentearam os alunos da escola Othon Mader&hellip;","og_url":"https:\/\/sepam.com.br\/en\/invasao-poetica-alunos-da-escola-municipal-othon-mader-declamam-poemas-para-alunos-do-sepam\/","og_site_name":"Col\u00e9gio Sepam","article_published_time":"2025-08-28T13:47:22+00:00","article_modified_time":"2025-11-24T13:53:36+00:00","author":"Sepam","twitter_card":"summary_large_image","twitter_misc":{"Written by":"Sepam","Est. reading time":"2 minutes"},"schema":{"@context":"https:\/\/schema.org","@graph":[{"@type":"Article","@id":"https:\/\/sepam.com.br\/en\/invasao-poetica-alunos-da-escola-municipal-othon-mader-declamam-poemas-para-alunos-do-sepam\/#article","isPartOf":{"@id":"https:\/\/sepam.com.br\/en\/invasao-poetica-alunos-da-escola-municipal-othon-mader-declamam-poemas-para-alunos-do-sepam\/"},"author":{"name":"Sepam","@id":"https:\/\/sepam.com.br\/#\/schema\/person\/bfa2996c649a5a6d822766f6e64eb7fd"},"headline":"Invas\u00e3o Po\u00e9tica: Alunos da Escola Municipal Othon Mader declamam poemas para alunos do SEPAM","datePublished":"2025-08-28T13:47:22+00:00","dateModified":"2025-11-24T13:53:36+00:00","mainEntityOfPage":{"@id":"https:\/\/sepam.com.br\/en\/invasao-poetica-alunos-da-escola-municipal-othon-mader-declamam-poemas-para-alunos-do-sepam\/"},"wordCount":328,"commentCount":0,"publisher":{"@id":"https:\/\/sepam.com.br\/#organization"},"articleSection":["Colegio Sepam"],"inLanguage":"en-US","potentialAction":[{"@type":"CommentAction","name":"Comment","target":["https:\/\/sepam.com.br\/en\/invasao-poetica-alunos-da-escola-municipal-othon-mader-declamam-poemas-para-alunos-do-sepam\/#respond"]}]},{"@type":"WebPage","@id":"https:\/\/sepam.com.br\/en\/invasao-poetica-alunos-da-escola-municipal-othon-mader-declamam-poemas-para-alunos-do-sepam\/","url":"https:\/\/sepam.com.br\/en\/invasao-poetica-alunos-da-escola-municipal-othon-mader-declamam-poemas-para-alunos-do-sepam\/","name":"Invas\u00e3o Po\u00e9tica: Alunos da Escola Municipal Othon Mader declamam poemas para alunos do SEPAM - Col\u00e9gio Sepam","isPartOf":{"@id":"https:\/\/sepam.com.br\/#website"},"datePublished":"2025-08-28T13:47:22+00:00","dateModified":"2025-11-24T13:53:36+00:00","breadcrumb":{"@id":"https:\/\/sepam.com.br\/en\/invasao-poetica-alunos-da-escola-municipal-othon-mader-declamam-poemas-para-alunos-do-sepam\/#breadcrumb"},"inLanguage":"en-US","potentialAction":[{"@type":"ReadAction","target":["https:\/\/sepam.com.br\/en\/invasao-poetica-alunos-da-escola-municipal-othon-mader-declamam-poemas-para-alunos-do-sepam\/"]}]},{"@type":"BreadcrumbList","@id":"https:\/\/sepam.com.br\/en\/invasao-poetica-alunos-da-escola-municipal-othon-mader-declamam-poemas-para-alunos-do-sepam\/#breadcrumb","itemListElement":[{"@type":"ListItem","position":1,"name":"Boas Vindas","item":"https:\/\/sepam.com.br\/"},{"@type":"ListItem","position":2,"name":"Invas\u00e3o Po\u00e9tica: Alunos da Escola Municipal Othon Mader declamam poemas para alunos do SEPAM"}]},{"@type":"WebSite","@id":"https:\/\/sepam.com.br\/en\/#website","url":"https:\/\/sepam.com.br\/en\/","name":"Col\u00e9gio Sepam","description":"Ensino Incompar\u00e1vel","publisher":{"@id":"https:\/\/sepam.com.br\/en\/#organization"},"potentialAction":[{"@type":"SearchAction","target":{"@type":"EntryPoint","urlTemplate":"https:\/\/sepam.com.br\/en\/?s={search_term_string}"},"query-input":{"@type":"PropertyValueSpecification","valueRequired":true,"valueName":"search_term_string"}}],"inLanguage":"en-US"},{"@type":"Organization","@id":"https:\/\/sepam.com.br\/en\/#organization","name":"Col\u00e9gio Sepam","url":"https:\/\/sepam.com.br\/en\/","logo":{"@type":"ImageObject","inLanguage":"en-US","@id":"https:\/\/sepam.com.br\/en\/#\/schema\/logo\/image\/","url":"https:\/\/sepam.com.br\/wp-content\/uploads\/2025\/02\/Ativo-2.png","contentUrl":"https:\/\/sepam.com.br\/wp-content\/uploads\/2025\/02\/Ativo-2.png","width":595,"height":525,"caption":"Col\u00e9gio Sepam"},"image":{"@id":"https:\/\/sepam.com.br\/en\/#\/schema\/logo\/image\/"}},{"@type":"Person","@id":"https:\/\/sepam.com.br\/#\/schema\/person\/bfa2996c649a5a6d822766f6e64eb7fd","name":"Sepam","image":{"@type":"ImageObject","inLanguage":"en-US","@id":"https:\/\/secure.gravatar.com\/avatar\/0219e64664f5861998ad57a3432eb4bd5fd99a34c7cc9bc44b3c59dfb830db85?s=96&d=mm&r=g","url":"https:\/\/secure.gravatar.com\/avatar\/0219e64664f5861998ad57a3432eb4bd5fd99a34c7cc9bc44b3c59dfb830db85?s=96&d=mm&r=g","contentUrl":"https:\/\/secure.gravatar.com\/avatar\/0219e64664f5861998ad57a3432eb4bd5fd99a34c7cc9bc44b3c59dfb830db85?s=96&d=mm&r=g","caption":"Sepam"},"url":"https:\/\/sepam.com.br\/en\/author\/sepam\/"}]}},"_links":{"self":[{"href":"https:\/\/sepam.com.br\/en\/wp-json\/wp\/v2\/posts\/6982","targetHints":{"allow":["GET"]}}],"collection":[{"href":"https:\/\/sepam.com.br\/en\/wp-json\/wp\/v2\/posts"}],"about":[{"href":"https:\/\/sepam.com.br\/en\/wp-json\/wp\/v2\/types\/post"}],"author":[{"embeddable":true,"href":"https:\/\/sepam.com.br\/en\/wp-json\/wp\/v2\/users\/13"}],"replies":[{"embeddable":true,"href":"https:\/\/sepam.com.br\/en\/wp-json\/wp\/v2\/comments?post=6982"}],"version-history":[{"count":1,"href":"https:\/\/sepam.com.br\/en\/wp-json\/wp\/v2\/posts\/6982\/revisions"}],"predecessor-version":[{"id":7366,"href":"https:\/\/sepam.com.br\/en\/wp-json\/wp\/v2\/posts\/6982\/revisions\/7366"}],"wp:attachment":[{"href":"https:\/\/sepam.com.br\/en\/wp-json\/wp\/v2\/media?parent=6982"}],"wp:term":[{"taxonomy":"category","embeddable":true,"href":"https:\/\/sepam.com.br\/en\/wp-json\/wp\/v2\/categories?post=6982"},{"taxonomy":"post_tag","embeddable":true,"href":"https:\/\/sepam.com.br\/en\/wp-json\/wp\/v2\/tags?post=6982"}],"curies":[{"name":"wp","href":"https:\/\/api.w.org\/{rel}","templated":true}]}}