{"id":6975,"date":"2025-08-28T10:47:18","date_gmt":"2025-08-28T13:47:18","guid":{"rendered":"https:\/\/dev.alisonandrei.com.br\/noticia\/como-abordar-educacao-no-transito-com-as-criancas-da-educacao-infantil\/"},"modified":"2025-11-24T10:53:36","modified_gmt":"2025-11-24T13:53:36","slug":"como-abordar-educacao-no-transito-com-as-criancas-da-educacao-infantil","status":"publish","type":"post","link":"https:\/\/sepam.com.br\/en\/como-abordar-educacao-no-transito-com-as-criancas-da-educacao-infantil\/","title":{"rendered":"Como abordar educa\u00e7\u00e3o no tr\u00e2nsito com as crian\u00e7as da Educa\u00e7\u00e3o infantil?"},"content":{"rendered":"<p>Na \u00faltima semana, os alunos do Infantil 5 do SEPAM, acompanhados das professoras: Isabela Mendes, Livia Franciele Grochovski, Paula Giulce Giradi e Ramayane Xavier Batista Porto, e dos professores de ingl\u00eas: Ana Gabriela Barbosa e C\u00e9sar Henrique de Oliveira, participaram de uma aula diferente: eles passearam no entorno da escola para aprender sobre as sinaliza\u00e7\u00f5es nas ruas.<\/p>\n<p>A atividade fez parte do conte\u00fado Sinais de Tr\u00e2nsito e esse passeio esteve voltado especialmente para a observa\u00e7\u00e3o do Traffic Light (sem\u00e1foro). \u201cFuturamente, eles andar\u00e3o sozinhos pelas ruas, ent\u00e3o \u00e9 importante que saibam como funciona o tr\u00e2nsito, at\u00e9 mesmo para conversar sobre isso em casa com seus familiares\u201d, comenta a professora Ana Gabriela, que aprovou a experi\u00eancia.<\/p>\n<h3><a href=\"http:\/\/bit.ly\/2Dd2Vjh\" target=\"_blank\" rel=\"noopener\">Confira mais fotos aqui.<\/a><\/h3>\n<p>O passeio foi organizado para que as crian\u00e7as pudessem observar melhor as placas, sua disposi\u00e7\u00e3o nas ruas e entender o significado da mensagem que elas transmitem. Elas puderam distinguir placas de tr\u00e2nsito, faixa de pedestre, placas de acessos preferenciais entre outras que est\u00e3o presentes no trajeto di\u00e1rio que fazem de casa para a escola e que, muitas vezes, passam despercebidas.<\/p>\n<p>\u201cEssa atividade tamb\u00e9m foi importante para as crian\u00e7as compreenderam que nem todas as formas de comunica\u00e7\u00e3o s\u00e3o escritas, e que os s\u00edmbolos que comp\u00f5em a linguagem visual tamb\u00e9m s\u00e3o muito importantes. Al\u00e9m disso, elas aprenderam a import\u00e2ncia de respeitar a sinaliza\u00e7\u00e3o\u201d, finaliza a professora do Infantil 5 D, Isabela Mendes.<\/p>\n","protected":false},"excerpt":{"rendered":"<p>Na \u00faltima semana, os alunos do Infantil 5 do SEPAM, acompanhados das professoras: Isabela Mendes, Livia Franciele Grochovski, Paula Giulce Giradi e Ramayane Xavier Batista Porto, e dos professores de ingl\u00eas: Ana Gabriela Barbosa e C\u00e9sar Henrique de Oliveira, participaram de uma aula diferente: eles passearam no entorno da escola para aprender sobre as sinaliza\u00e7\u00f5es [&hellip;]<\/p>\n","protected":false},"author":13,"featured_media":0,"comment_status":"open","ping_status":"open","sticky":false,"template":"","format":"standard","meta":{"footnotes":""},"categories":[21],"tags":[],"class_list":["post-6975","post","type-post","status-publish","format-standard","hentry","category-colegio-sepam"],"yoast_head":"<!-- This site is optimized with the Yoast SEO plugin v28.4 - https:\/\/yoast.com\/product\/yoast-seo-wordpress\/ -->\n<title>Como abordar educa\u00e7\u00e3o no tr\u00e2nsito com as crian\u00e7as da Educa\u00e7\u00e3o infantil?<\/title>\n<meta name=\"description\" content=\"Na \u00faltima semana, os alunos do Infantil 5 do SEPAM, acompanhados das professoras: Isabela Mendes, Livia Franciele Grochovski, Paula Giulce Giradi e Ramayane Xavier Batista Porto, e dos professores de ingl\u00eas: Ana Gabriela Barbosa e C\u00e9sar Henrique de Oliveira, participaram de uma aula diferente: eles passearam no entorno da escola para aprender sobre as sinaliza\u00e7\u00f5es&hellip;\" \/>\n<meta name=\"robots\" content=\"index, follow, max-snippet:-1, max-image-preview:large, max-video-preview:-1\" \/>\n<link rel=\"canonical\" href=\"https:\/\/sepam.com.br\/en\/como-abordar-educacao-no-transito-com-as-criancas-da-educacao-infantil\/\" \/>\n<meta property=\"og:locale\" content=\"en_US\" \/>\n<meta property=\"og:type\" content=\"article\" \/>\n<meta property=\"og:title\" content=\"Como abordar educa\u00e7\u00e3o no tr\u00e2nsito com as crian\u00e7as da Educa\u00e7\u00e3o infantil?\" \/>\n<meta property=\"og:description\" content=\"Na \u00faltima semana, os alunos do Infantil 5 do SEPAM, acompanhados das professoras: Isabela Mendes, Livia Franciele Grochovski, Paula Giulce Giradi e Ramayane Xavier Batista Porto, e dos professores de ingl\u00eas: Ana Gabriela Barbosa e C\u00e9sar Henrique de Oliveira, participaram de uma aula diferente: eles passearam no entorno da escola para aprender sobre as sinaliza\u00e7\u00f5es&hellip;\" \/>\n<meta property=\"og:url\" content=\"https:\/\/sepam.com.br\/en\/como-abordar-educacao-no-transito-com-as-criancas-da-educacao-infantil\/\" \/>\n<meta property=\"og:site_name\" content=\"Col\u00e9gio Sepam\" \/>\n<meta property=\"article:published_time\" content=\"2025-08-28T13:47:18+00:00\" \/>\n<meta property=\"article:modified_time\" content=\"2025-11-24T13:53:36+00:00\" \/>\n<meta name=\"author\" content=\"Sepam\" \/>\n<meta name=\"twitter:card\" content=\"summary_large_image\" \/>\n<meta name=\"twitter:label1\" content=\"Written by\" \/>\n\t<meta name=\"twitter:data1\" content=\"Sepam\" \/>\n\t<meta name=\"twitter:label2\" content=\"Est. reading time\" \/>\n\t<meta name=\"twitter:data2\" content=\"1 minute\" \/>\n<script type=\"application\/ld+json\" class=\"yoast-schema-graph\">{\"@context\":\"https:\\\/\\\/schema.org\",\"@graph\":[{\"@type\":\"Article\",\"@id\":\"https:\\\/\\\/sepam.com.br\\\/en\\\/como-abordar-educacao-no-transito-com-as-criancas-da-educacao-infantil\\\/#article\",\"isPartOf\":{\"@id\":\"https:\\\/\\\/sepam.com.br\\\/en\\\/como-abordar-educacao-no-transito-com-as-criancas-da-educacao-infantil\\\/\"},\"author\":{\"name\":\"Sepam\",\"@id\":\"https:\\\/\\\/sepam.com.br\\\/#\\\/schema\\\/person\\\/bfa2996c649a5a6d822766f6e64eb7fd\"},\"headline\":\"Como abordar educa\u00e7\u00e3o no tr\u00e2nsito com as crian\u00e7as da Educa\u00e7\u00e3o infantil?\",\"datePublished\":\"2025-08-28T13:47:18+00:00\",\"dateModified\":\"2025-11-24T13:53:36+00:00\",\"mainEntityOfPage\":{\"@id\":\"https:\\\/\\\/sepam.com.br\\\/en\\\/como-abordar-educacao-no-transito-com-as-criancas-da-educacao-infantil\\\/\"},\"wordCount\":267,\"commentCount\":0,\"publisher\":{\"@id\":\"https:\\\/\\\/sepam.com.br\\\/#organization\"},\"articleSection\":[\"Colegio Sepam\"],\"inLanguage\":\"en-US\",\"potentialAction\":[{\"@type\":\"CommentAction\",\"name\":\"Comment\",\"target\":[\"https:\\\/\\\/sepam.com.br\\\/en\\\/como-abordar-educacao-no-transito-com-as-criancas-da-educacao-infantil\\\/#respond\"]}]},{\"@type\":\"WebPage\",\"@id\":\"https:\\\/\\\/sepam.com.br\\\/en\\\/como-abordar-educacao-no-transito-com-as-criancas-da-educacao-infantil\\\/\",\"url\":\"https:\\\/\\\/sepam.com.br\\\/en\\\/como-abordar-educacao-no-transito-com-as-criancas-da-educacao-infantil\\\/\",\"name\":\"Como abordar educa\u00e7\u00e3o no tr\u00e2nsito com as crian\u00e7as da Educa\u00e7\u00e3o infantil? - Col\u00e9gio Sepam\",\"isPartOf\":{\"@id\":\"https:\\\/\\\/sepam.com.br\\\/#website\"},\"datePublished\":\"2025-08-28T13:47:18+00:00\",\"dateModified\":\"2025-11-24T13:53:36+00:00\",\"breadcrumb\":{\"@id\":\"https:\\\/\\\/sepam.com.br\\\/en\\\/como-abordar-educacao-no-transito-com-as-criancas-da-educacao-infantil\\\/#breadcrumb\"},\"inLanguage\":\"en-US\",\"potentialAction\":[{\"@type\":\"ReadAction\",\"target\":[\"https:\\\/\\\/sepam.com.br\\\/en\\\/como-abordar-educacao-no-transito-com-as-criancas-da-educacao-infantil\\\/\"]}]},{\"@type\":\"BreadcrumbList\",\"@id\":\"https:\\\/\\\/sepam.com.br\\\/en\\\/como-abordar-educacao-no-transito-com-as-criancas-da-educacao-infantil\\\/#breadcrumb\",\"itemListElement\":[{\"@type\":\"ListItem\",\"position\":1,\"name\":\"Boas Vindas\",\"item\":\"https:\\\/\\\/sepam.com.br\\\/\"},{\"@type\":\"ListItem\",\"position\":2,\"name\":\"Como abordar educa\u00e7\u00e3o no tr\u00e2nsito com as crian\u00e7as da Educa\u00e7\u00e3o infantil?\"}]},{\"@type\":\"WebSite\",\"@id\":\"https:\\\/\\\/sepam.com.br\\\/en\\\/#website\",\"url\":\"https:\\\/\\\/sepam.com.br\\\/en\\\/\",\"name\":\"Col\u00e9gio Sepam\",\"description\":\"Ensino Incompar\u00e1vel\",\"publisher\":{\"@id\":\"https:\\\/\\\/sepam.com.br\\\/en\\\/#organization\"},\"potentialAction\":[{\"@type\":\"SearchAction\",\"target\":{\"@type\":\"EntryPoint\",\"urlTemplate\":\"https:\\\/\\\/sepam.com.br\\\/en\\\/?s={search_term_string}\"},\"query-input\":{\"@type\":\"PropertyValueSpecification\",\"valueRequired\":true,\"valueName\":\"search_term_string\"}}],\"inLanguage\":\"en-US\"},{\"@type\":\"Organization\",\"@id\":\"https:\\\/\\\/sepam.com.br\\\/en\\\/#organization\",\"name\":\"Col\u00e9gio Sepam\",\"url\":\"https:\\\/\\\/sepam.com.br\\\/en\\\/\",\"logo\":{\"@type\":\"ImageObject\",\"inLanguage\":\"en-US\",\"@id\":\"https:\\\/\\\/sepam.com.br\\\/en\\\/#\\\/schema\\\/logo\\\/image\\\/\",\"url\":\"https:\\\/\\\/sepam.com.br\\\/wp-content\\\/uploads\\\/2025\\\/02\\\/Ativo-2.png\",\"contentUrl\":\"https:\\\/\\\/sepam.com.br\\\/wp-content\\\/uploads\\\/2025\\\/02\\\/Ativo-2.png\",\"width\":595,\"height\":525,\"caption\":\"Col\u00e9gio Sepam\"},\"image\":{\"@id\":\"https:\\\/\\\/sepam.com.br\\\/en\\\/#\\\/schema\\\/logo\\\/image\\\/\"}},{\"@type\":\"Person\",\"@id\":\"https:\\\/\\\/sepam.com.br\\\/#\\\/schema\\\/person\\\/bfa2996c649a5a6d822766f6e64eb7fd\",\"name\":\"Sepam\",\"image\":{\"@type\":\"ImageObject\",\"inLanguage\":\"en-US\",\"@id\":\"https:\\\/\\\/secure.gravatar.com\\\/avatar\\\/0219e64664f5861998ad57a3432eb4bd5fd99a34c7cc9bc44b3c59dfb830db85?s=96&d=mm&r=g\",\"url\":\"https:\\\/\\\/secure.gravatar.com\\\/avatar\\\/0219e64664f5861998ad57a3432eb4bd5fd99a34c7cc9bc44b3c59dfb830db85?s=96&d=mm&r=g\",\"contentUrl\":\"https:\\\/\\\/secure.gravatar.com\\\/avatar\\\/0219e64664f5861998ad57a3432eb4bd5fd99a34c7cc9bc44b3c59dfb830db85?s=96&d=mm&r=g\",\"caption\":\"Sepam\"},\"url\":\"https:\\\/\\\/sepam.com.br\\\/en\\\/author\\\/sepam\\\/\"}]}<\/script>\n<!-- \/ Yoast SEO plugin. -->","yoast_head_json":{"title":"Como abordar educa\u00e7\u00e3o no tr\u00e2nsito com as crian\u00e7as da Educa\u00e7\u00e3o infantil?","description":"Na \u00faltima semana, os alunos do Infantil 5 do SEPAM, acompanhados das professoras: Isabela Mendes, Livia Franciele Grochovski, Paula Giulce Giradi e Ramayane Xavier Batista Porto, e dos professores de ingl\u00eas: Ana Gabriela Barbosa e C\u00e9sar Henrique de Oliveira, participaram de uma aula diferente: eles passearam no entorno da escola para aprender sobre as sinaliza\u00e7\u00f5es&hellip;","robots":{"index":"index","follow":"follow","max-snippet":"max-snippet:-1","max-image-preview":"max-image-preview:large","max-video-preview":"max-video-preview:-1"},"canonical":"https:\/\/sepam.com.br\/en\/como-abordar-educacao-no-transito-com-as-criancas-da-educacao-infantil\/","og_locale":"en_US","og_type":"article","og_title":"Como abordar educa\u00e7\u00e3o no tr\u00e2nsito com as crian\u00e7as da Educa\u00e7\u00e3o infantil?","og_description":"Na \u00faltima semana, os alunos do Infantil 5 do SEPAM, acompanhados das professoras: Isabela Mendes, Livia Franciele Grochovski, Paula Giulce Giradi e Ramayane Xavier Batista Porto, e dos professores de ingl\u00eas: Ana Gabriela Barbosa e C\u00e9sar Henrique de Oliveira, participaram de uma aula diferente: eles passearam no entorno da escola para aprender sobre as sinaliza\u00e7\u00f5es&hellip;","og_url":"https:\/\/sepam.com.br\/en\/como-abordar-educacao-no-transito-com-as-criancas-da-educacao-infantil\/","og_site_name":"Col\u00e9gio Sepam","article_published_time":"2025-08-28T13:47:18+00:00","article_modified_time":"2025-11-24T13:53:36+00:00","author":"Sepam","twitter_card":"summary_large_image","twitter_misc":{"Written by":"Sepam","Est. reading time":"1 minute"},"schema":{"@context":"https:\/\/schema.org","@graph":[{"@type":"Article","@id":"https:\/\/sepam.com.br\/en\/como-abordar-educacao-no-transito-com-as-criancas-da-educacao-infantil\/#article","isPartOf":{"@id":"https:\/\/sepam.com.br\/en\/como-abordar-educacao-no-transito-com-as-criancas-da-educacao-infantil\/"},"author":{"name":"Sepam","@id":"https:\/\/sepam.com.br\/#\/schema\/person\/bfa2996c649a5a6d822766f6e64eb7fd"},"headline":"Como abordar educa\u00e7\u00e3o no tr\u00e2nsito com as crian\u00e7as da Educa\u00e7\u00e3o infantil?","datePublished":"2025-08-28T13:47:18+00:00","dateModified":"2025-11-24T13:53:36+00:00","mainEntityOfPage":{"@id":"https:\/\/sepam.com.br\/en\/como-abordar-educacao-no-transito-com-as-criancas-da-educacao-infantil\/"},"wordCount":267,"commentCount":0,"publisher":{"@id":"https:\/\/sepam.com.br\/#organization"},"articleSection":["Colegio Sepam"],"inLanguage":"en-US","potentialAction":[{"@type":"CommentAction","name":"Comment","target":["https:\/\/sepam.com.br\/en\/como-abordar-educacao-no-transito-com-as-criancas-da-educacao-infantil\/#respond"]}]},{"@type":"WebPage","@id":"https:\/\/sepam.com.br\/en\/como-abordar-educacao-no-transito-com-as-criancas-da-educacao-infantil\/","url":"https:\/\/sepam.com.br\/en\/como-abordar-educacao-no-transito-com-as-criancas-da-educacao-infantil\/","name":"Como abordar educa\u00e7\u00e3o no tr\u00e2nsito com as crian\u00e7as da Educa\u00e7\u00e3o infantil? - Col\u00e9gio Sepam","isPartOf":{"@id":"https:\/\/sepam.com.br\/#website"},"datePublished":"2025-08-28T13:47:18+00:00","dateModified":"2025-11-24T13:53:36+00:00","breadcrumb":{"@id":"https:\/\/sepam.com.br\/en\/como-abordar-educacao-no-transito-com-as-criancas-da-educacao-infantil\/#breadcrumb"},"inLanguage":"en-US","potentialAction":[{"@type":"ReadAction","target":["https:\/\/sepam.com.br\/en\/como-abordar-educacao-no-transito-com-as-criancas-da-educacao-infantil\/"]}]},{"@type":"BreadcrumbList","@id":"https:\/\/sepam.com.br\/en\/como-abordar-educacao-no-transito-com-as-criancas-da-educacao-infantil\/#breadcrumb","itemListElement":[{"@type":"ListItem","position":1,"name":"Boas Vindas","item":"https:\/\/sepam.com.br\/"},{"@type":"ListItem","position":2,"name":"Como abordar educa\u00e7\u00e3o no tr\u00e2nsito com as crian\u00e7as da Educa\u00e7\u00e3o infantil?"}]},{"@type":"WebSite","@id":"https:\/\/sepam.com.br\/en\/#website","url":"https:\/\/sepam.com.br\/en\/","name":"Col\u00e9gio Sepam","description":"Ensino Incompar\u00e1vel","publisher":{"@id":"https:\/\/sepam.com.br\/en\/#organization"},"potentialAction":[{"@type":"SearchAction","target":{"@type":"EntryPoint","urlTemplate":"https:\/\/sepam.com.br\/en\/?s={search_term_string}"},"query-input":{"@type":"PropertyValueSpecification","valueRequired":true,"valueName":"search_term_string"}}],"inLanguage":"en-US"},{"@type":"Organization","@id":"https:\/\/sepam.com.br\/en\/#organization","name":"Col\u00e9gio Sepam","url":"https:\/\/sepam.com.br\/en\/","logo":{"@type":"ImageObject","inLanguage":"en-US","@id":"https:\/\/sepam.com.br\/en\/#\/schema\/logo\/image\/","url":"https:\/\/sepam.com.br\/wp-content\/uploads\/2025\/02\/Ativo-2.png","contentUrl":"https:\/\/sepam.com.br\/wp-content\/uploads\/2025\/02\/Ativo-2.png","width":595,"height":525,"caption":"Col\u00e9gio Sepam"},"image":{"@id":"https:\/\/sepam.com.br\/en\/#\/schema\/logo\/image\/"}},{"@type":"Person","@id":"https:\/\/sepam.com.br\/#\/schema\/person\/bfa2996c649a5a6d822766f6e64eb7fd","name":"Sepam","image":{"@type":"ImageObject","inLanguage":"en-US","@id":"https:\/\/secure.gravatar.com\/avatar\/0219e64664f5861998ad57a3432eb4bd5fd99a34c7cc9bc44b3c59dfb830db85?s=96&d=mm&r=g","url":"https:\/\/secure.gravatar.com\/avatar\/0219e64664f5861998ad57a3432eb4bd5fd99a34c7cc9bc44b3c59dfb830db85?s=96&d=mm&r=g","contentUrl":"https:\/\/secure.gravatar.com\/avatar\/0219e64664f5861998ad57a3432eb4bd5fd99a34c7cc9bc44b3c59dfb830db85?s=96&d=mm&r=g","caption":"Sepam"},"url":"https:\/\/sepam.com.br\/en\/author\/sepam\/"}]}},"_links":{"self":[{"href":"https:\/\/sepam.com.br\/en\/wp-json\/wp\/v2\/posts\/6975","targetHints":{"allow":["GET"]}}],"collection":[{"href":"https:\/\/sepam.com.br\/en\/wp-json\/wp\/v2\/posts"}],"about":[{"href":"https:\/\/sepam.com.br\/en\/wp-json\/wp\/v2\/types\/post"}],"author":[{"embeddable":true,"href":"https:\/\/sepam.com.br\/en\/wp-json\/wp\/v2\/users\/13"}],"replies":[{"embeddable":true,"href":"https:\/\/sepam.com.br\/en\/wp-json\/wp\/v2\/comments?post=6975"}],"version-history":[{"count":1,"href":"https:\/\/sepam.com.br\/en\/wp-json\/wp\/v2\/posts\/6975\/revisions"}],"predecessor-version":[{"id":7399,"href":"https:\/\/sepam.com.br\/en\/wp-json\/wp\/v2\/posts\/6975\/revisions\/7399"}],"wp:attachment":[{"href":"https:\/\/sepam.com.br\/en\/wp-json\/wp\/v2\/media?parent=6975"}],"wp:term":[{"taxonomy":"category","embeddable":true,"href":"https:\/\/sepam.com.br\/en\/wp-json\/wp\/v2\/categories?post=6975"},{"taxonomy":"post_tag","embeddable":true,"href":"https:\/\/sepam.com.br\/en\/wp-json\/wp\/v2\/tags?post=6975"}],"curies":[{"name":"wp","href":"https:\/\/api.w.org\/{rel}","templated":true}]}}