{"id":6954,"date":"2025-08-28T10:47:15","date_gmt":"2025-08-28T13:47:15","guid":{"rendered":"https:\/\/dev.alisonandrei.com.br\/noticia\/as-ferias-chegaram-que-tal-organizar-atividades-em-familia\/"},"modified":"2025-11-24T10:53:37","modified_gmt":"2025-11-24T13:53:37","slug":"as-ferias-chegaram-que-tal-organizar-atividades-em-familia","status":"publish","type":"post","link":"https:\/\/sepam.com.br\/en\/as-ferias-chegaram-que-tal-organizar-atividades-em-familia\/","title":{"rendered":"As f\u00e9rias chegaram. Que tal organizar atividades em fam\u00edlia?"},"content":{"rendered":"<p><em>Mesmo sem viajar, tornar as f\u00e9rias escolares um momento de divers\u00e3o \u00e9 poss\u00edvel. Confira algumas dicas do que preparar<\/em><\/p>\n<p>Chegaram as t\u00e3o esperadas f\u00e9rias. O desafio agora \u00e9 organizar o tempo de forma divertida para que toda fam\u00edlia aproveite. Dicas simples podem ajudar pais e m\u00e3es a programarem atividades que deixam as crian\u00e7as felizes e otimizam o tempo, basta que os adultos tamb\u00e9m encarem o tempo como f\u00e9rias e se divirtam juntos.<\/p>\n<p>Viajando ou n\u00e3o, o segredo \u00e9 manter o corpo e a mente em descanso; longe das obriga\u00e7\u00f5es laborais e dos estudos, o per\u00edodo de f\u00e9rias proporciona momentos de reflex\u00e3o, de autoconhecimento, criatividade e descanso. Com as crian\u00e7as em casa permita-se aproximar deles, brincar e construir junto com a crian\u00e7ada momentos que podem ficar na mem\u00f3ria e no cora\u00e7\u00e3o para sempre. Atividades de culin\u00e1ria, jardinagem, piquenique, oficina maker, dan\u00e7a e acampamentos podem fazer parte desse per\u00edodo de f\u00e9rias.<\/p>\n<p>Se a fam\u00edlia tem tr\u00eas crian\u00e7as por exemplo, a divers\u00e3o j\u00e1 est\u00e1 garantida, mas nada impede que outras fam\u00edlias fa\u00e7am parte das programa\u00e7\u00f5es, basta convidar! Uma oficina maker pode gerar constru\u00e7\u00f5es de pe\u00e7as a partir de materiais recicl\u00e1veis que as crian\u00e7as re\u00fanam. Ser\u00e1 necess\u00e1rio que alguns adultos se disponham a fazer a media\u00e7\u00e3o deste trabalho na utiliza\u00e7\u00e3o de instrumentos, como tesoura, estilete e cola quente, afinal, ningu\u00e9m quer que a brincadeira acabe mal.<\/p>\n<p>Uma oficina de culin\u00e1ria \u00e9 uma atividade que sempre agrada. Se o menu do dia for pizzas e sandu\u00edches os pais podem aproveitar a oportunidade para as crian\u00e7as manusearem os alimentos que nem sempre s\u00e3o os preferidos no dia a dia; ao manusear e experimentar, muitas vezes as crian\u00e7as descobrem que gostam do sabor. Se optarem por bolos ou cupcakes as op\u00e7\u00f5es de decora\u00e7\u00e3o s\u00e3o bem variadas e os adultos podem fazer uma exposi\u00e7\u00e3o dos bolinhos antes da degusta\u00e7\u00e3o.<\/p>\n<p>Comumente as col\u00f4nias de f\u00e9rias limitam-se aos clubes, mas voc\u00ea mesmo pode organizar uma mini col\u00f4nia convidando alguns amiguinhos da escola e promovendo brincadeiras na sua casa, conta Katia Moro, coordenadora pedag\u00f3gica do Col\u00e9gio Sepam. K\u00e1tia tem participado da organiza\u00e7\u00e3o das col\u00f4nias de f\u00e9rias do col\u00e9gio, que conta com momento de gincanas e passeios como forma de oferecer programa\u00e7\u00f5es que nem sempre cabem nas atividades curriculares. Mesmo depois que a col\u00f4nia de f\u00e9rias acaba, atividades diversas s\u00e3o oferecidas pelo Col\u00e9gio, como oficinas de gastronomia, que aconteceram em julho e em dezembro deste ano, onde as crian\u00e7as executarem deliciosas receitas, com a supervis\u00e3o de profissionais respons\u00e1veis. \u201cAs habilidades das crian\u00e7as precisam ser valorizadas em momentos extraescolares, no contato com outras pessoas que n\u00e3o s\u00e3o seus professores, pois s\u00e3o oportunidades de crescimento emocional e cognitivo que devem ser valorizadas, relata Katia.<\/p>\n<p>Nesta \u00e9poca, tamb\u00e9m vale deixar as tecnologias um pouco de lado e mostrar \u00e0s crian\u00e7as outros jogos que muitas vezes elas ainda nem conhecem. Vale tirar os velhos jogos de tabuleiro do arm\u00e1rio e curtir a oportunidade perfeita para unir a fam\u00edlia. Al\u00e9m disso, feira de garagem \u00e9 uma ideia que pode ser organizada (com livros, brinquedos e objetos) para livrar-se dos itens sem uso e exercitar a sustentabilidade e a troca. Acampamento \u00e9 outra sugest\u00e3o que a crian\u00e7ada adora e podem convidar alguns amiguinhos da escola ou do condom\u00ednio para passarem uma noite no gramado.<\/p>\n<p>Basta estar em f\u00e9rias, ter crian\u00e7as em casa e deixar a imagina\u00e7\u00e3o fluir!<\/p>\n","protected":false},"excerpt":{"rendered":"<p>Mesmo sem viajar, tornar as f\u00e9rias escolares um momento de divers\u00e3o \u00e9 poss\u00edvel. Confira algumas dicas do que preparar Chegaram as t\u00e3o esperadas f\u00e9rias. O desafio agora \u00e9 organizar o tempo de forma divertida para que toda fam\u00edlia aproveite. Dicas simples podem ajudar pais e m\u00e3es a programarem atividades que deixam as crian\u00e7as felizes e [&hellip;]<\/p>\n","protected":false},"author":13,"featured_media":0,"comment_status":"open","ping_status":"open","sticky":false,"template":"","format":"standard","meta":{"footnotes":""},"categories":[21],"tags":[],"class_list":["post-6954","post","type-post","status-publish","format-standard","hentry","category-colegio-sepam"],"yoast_head":"<!-- This site is optimized with the Yoast SEO plugin v28.4 - https:\/\/yoast.com\/product\/yoast-seo-wordpress\/ -->\n<title>As f\u00e9rias chegaram. Que tal organizar atividades em fam\u00edlia?<\/title>\n<meta name=\"description\" content=\"Mesmo sem viajar, tornar as f\u00e9rias escolares um momento de divers\u00e3o \u00e9 poss\u00edvel. Confira algumas dicas do que preparar Chegaram as t\u00e3o esperadas f\u00e9rias. O desafio agora \u00e9 organizar o tempo de forma divertida para que toda fam\u00edlia aproveite. Dicas simples podem ajudar pais e m\u00e3es a programarem atividades que deixam as crian\u00e7as felizes e&hellip;\" \/>\n<meta name=\"robots\" content=\"index, follow, max-snippet:-1, max-image-preview:large, max-video-preview:-1\" \/>\n<link rel=\"canonical\" href=\"https:\/\/sepam.com.br\/en\/as-ferias-chegaram-que-tal-organizar-atividades-em-familia\/\" \/>\n<meta property=\"og:locale\" content=\"en_US\" \/>\n<meta property=\"og:type\" content=\"article\" \/>\n<meta property=\"og:title\" content=\"As f\u00e9rias chegaram. Que tal organizar atividades em fam\u00edlia?\" \/>\n<meta property=\"og:description\" content=\"Mesmo sem viajar, tornar as f\u00e9rias escolares um momento de divers\u00e3o \u00e9 poss\u00edvel. Confira algumas dicas do que preparar Chegaram as t\u00e3o esperadas f\u00e9rias. O desafio agora \u00e9 organizar o tempo de forma divertida para que toda fam\u00edlia aproveite. Dicas simples podem ajudar pais e m\u00e3es a programarem atividades que deixam as crian\u00e7as felizes e&hellip;\" \/>\n<meta property=\"og:url\" content=\"https:\/\/sepam.com.br\/en\/as-ferias-chegaram-que-tal-organizar-atividades-em-familia\/\" \/>\n<meta property=\"og:site_name\" content=\"Col\u00e9gio Sepam\" \/>\n<meta property=\"article:published_time\" content=\"2025-08-28T13:47:15+00:00\" \/>\n<meta property=\"article:modified_time\" content=\"2025-11-24T13:53:37+00:00\" \/>\n<meta name=\"author\" content=\"Sepam\" \/>\n<meta name=\"twitter:card\" content=\"summary_large_image\" \/>\n<meta name=\"twitter:label1\" content=\"Written by\" \/>\n\t<meta name=\"twitter:data1\" content=\"Sepam\" \/>\n\t<meta name=\"twitter:label2\" content=\"Est. reading time\" \/>\n\t<meta name=\"twitter:data2\" content=\"3 minutes\" \/>\n<script type=\"application\/ld+json\" class=\"yoast-schema-graph\">{\"@context\":\"https:\\\/\\\/schema.org\",\"@graph\":[{\"@type\":\"Article\",\"@id\":\"https:\\\/\\\/sepam.com.br\\\/en\\\/as-ferias-chegaram-que-tal-organizar-atividades-em-familia\\\/#article\",\"isPartOf\":{\"@id\":\"https:\\\/\\\/sepam.com.br\\\/en\\\/as-ferias-chegaram-que-tal-organizar-atividades-em-familia\\\/\"},\"author\":{\"name\":\"Sepam\",\"@id\":\"https:\\\/\\\/sepam.com.br\\\/#\\\/schema\\\/person\\\/bfa2996c649a5a6d822766f6e64eb7fd\"},\"headline\":\"As f\u00e9rias chegaram. Que tal organizar atividades em fam\u00edlia?\",\"datePublished\":\"2025-08-28T13:47:15+00:00\",\"dateModified\":\"2025-11-24T13:53:37+00:00\",\"mainEntityOfPage\":{\"@id\":\"https:\\\/\\\/sepam.com.br\\\/en\\\/as-ferias-chegaram-que-tal-organizar-atividades-em-familia\\\/\"},\"wordCount\":636,\"commentCount\":0,\"publisher\":{\"@id\":\"https:\\\/\\\/sepam.com.br\\\/#organization\"},\"articleSection\":[\"Colegio Sepam\"],\"inLanguage\":\"en-US\",\"potentialAction\":[{\"@type\":\"CommentAction\",\"name\":\"Comment\",\"target\":[\"https:\\\/\\\/sepam.com.br\\\/en\\\/as-ferias-chegaram-que-tal-organizar-atividades-em-familia\\\/#respond\"]}]},{\"@type\":\"WebPage\",\"@id\":\"https:\\\/\\\/sepam.com.br\\\/en\\\/as-ferias-chegaram-que-tal-organizar-atividades-em-familia\\\/\",\"url\":\"https:\\\/\\\/sepam.com.br\\\/en\\\/as-ferias-chegaram-que-tal-organizar-atividades-em-familia\\\/\",\"name\":\"As f\u00e9rias chegaram. Que tal organizar atividades em fam\u00edlia? - Col\u00e9gio Sepam\",\"isPartOf\":{\"@id\":\"https:\\\/\\\/sepam.com.br\\\/#website\"},\"datePublished\":\"2025-08-28T13:47:15+00:00\",\"dateModified\":\"2025-11-24T13:53:37+00:00\",\"breadcrumb\":{\"@id\":\"https:\\\/\\\/sepam.com.br\\\/en\\\/as-ferias-chegaram-que-tal-organizar-atividades-em-familia\\\/#breadcrumb\"},\"inLanguage\":\"en-US\",\"potentialAction\":[{\"@type\":\"ReadAction\",\"target\":[\"https:\\\/\\\/sepam.com.br\\\/en\\\/as-ferias-chegaram-que-tal-organizar-atividades-em-familia\\\/\"]}]},{\"@type\":\"BreadcrumbList\",\"@id\":\"https:\\\/\\\/sepam.com.br\\\/en\\\/as-ferias-chegaram-que-tal-organizar-atividades-em-familia\\\/#breadcrumb\",\"itemListElement\":[{\"@type\":\"ListItem\",\"position\":1,\"name\":\"Boas Vindas\",\"item\":\"https:\\\/\\\/sepam.com.br\\\/\"},{\"@type\":\"ListItem\",\"position\":2,\"name\":\"As f\u00e9rias chegaram. Que tal organizar atividades em fam\u00edlia?\"}]},{\"@type\":\"WebSite\",\"@id\":\"https:\\\/\\\/sepam.com.br\\\/en\\\/#website\",\"url\":\"https:\\\/\\\/sepam.com.br\\\/en\\\/\",\"name\":\"Col\u00e9gio Sepam\",\"description\":\"Ensino Incompar\u00e1vel\",\"publisher\":{\"@id\":\"https:\\\/\\\/sepam.com.br\\\/en\\\/#organization\"},\"potentialAction\":[{\"@type\":\"SearchAction\",\"target\":{\"@type\":\"EntryPoint\",\"urlTemplate\":\"https:\\\/\\\/sepam.com.br\\\/en\\\/?s={search_term_string}\"},\"query-input\":{\"@type\":\"PropertyValueSpecification\",\"valueRequired\":true,\"valueName\":\"search_term_string\"}}],\"inLanguage\":\"en-US\"},{\"@type\":\"Organization\",\"@id\":\"https:\\\/\\\/sepam.com.br\\\/en\\\/#organization\",\"name\":\"Col\u00e9gio Sepam\",\"url\":\"https:\\\/\\\/sepam.com.br\\\/en\\\/\",\"logo\":{\"@type\":\"ImageObject\",\"inLanguage\":\"en-US\",\"@id\":\"https:\\\/\\\/sepam.com.br\\\/en\\\/#\\\/schema\\\/logo\\\/image\\\/\",\"url\":\"https:\\\/\\\/sepam.com.br\\\/wp-content\\\/uploads\\\/2025\\\/02\\\/Ativo-2.png\",\"contentUrl\":\"https:\\\/\\\/sepam.com.br\\\/wp-content\\\/uploads\\\/2025\\\/02\\\/Ativo-2.png\",\"width\":595,\"height\":525,\"caption\":\"Col\u00e9gio Sepam\"},\"image\":{\"@id\":\"https:\\\/\\\/sepam.com.br\\\/en\\\/#\\\/schema\\\/logo\\\/image\\\/\"}},{\"@type\":\"Person\",\"@id\":\"https:\\\/\\\/sepam.com.br\\\/#\\\/schema\\\/person\\\/bfa2996c649a5a6d822766f6e64eb7fd\",\"name\":\"Sepam\",\"image\":{\"@type\":\"ImageObject\",\"inLanguage\":\"en-US\",\"@id\":\"https:\\\/\\\/secure.gravatar.com\\\/avatar\\\/0219e64664f5861998ad57a3432eb4bd5fd99a34c7cc9bc44b3c59dfb830db85?s=96&d=mm&r=g\",\"url\":\"https:\\\/\\\/secure.gravatar.com\\\/avatar\\\/0219e64664f5861998ad57a3432eb4bd5fd99a34c7cc9bc44b3c59dfb830db85?s=96&d=mm&r=g\",\"contentUrl\":\"https:\\\/\\\/secure.gravatar.com\\\/avatar\\\/0219e64664f5861998ad57a3432eb4bd5fd99a34c7cc9bc44b3c59dfb830db85?s=96&d=mm&r=g\",\"caption\":\"Sepam\"},\"url\":\"https:\\\/\\\/sepam.com.br\\\/en\\\/author\\\/sepam\\\/\"}]}<\/script>\n<!-- \/ Yoast SEO plugin. -->","yoast_head_json":{"title":"As f\u00e9rias chegaram. Que tal organizar atividades em fam\u00edlia?","description":"Mesmo sem viajar, tornar as f\u00e9rias escolares um momento de divers\u00e3o \u00e9 poss\u00edvel. Confira algumas dicas do que preparar Chegaram as t\u00e3o esperadas f\u00e9rias. O desafio agora \u00e9 organizar o tempo de forma divertida para que toda fam\u00edlia aproveite. Dicas simples podem ajudar pais e m\u00e3es a programarem atividades que deixam as crian\u00e7as felizes e&hellip;","robots":{"index":"index","follow":"follow","max-snippet":"max-snippet:-1","max-image-preview":"max-image-preview:large","max-video-preview":"max-video-preview:-1"},"canonical":"https:\/\/sepam.com.br\/en\/as-ferias-chegaram-que-tal-organizar-atividades-em-familia\/","og_locale":"en_US","og_type":"article","og_title":"As f\u00e9rias chegaram. Que tal organizar atividades em fam\u00edlia?","og_description":"Mesmo sem viajar, tornar as f\u00e9rias escolares um momento de divers\u00e3o \u00e9 poss\u00edvel. Confira algumas dicas do que preparar Chegaram as t\u00e3o esperadas f\u00e9rias. O desafio agora \u00e9 organizar o tempo de forma divertida para que toda fam\u00edlia aproveite. Dicas simples podem ajudar pais e m\u00e3es a programarem atividades que deixam as crian\u00e7as felizes e&hellip;","og_url":"https:\/\/sepam.com.br\/en\/as-ferias-chegaram-que-tal-organizar-atividades-em-familia\/","og_site_name":"Col\u00e9gio Sepam","article_published_time":"2025-08-28T13:47:15+00:00","article_modified_time":"2025-11-24T13:53:37+00:00","author":"Sepam","twitter_card":"summary_large_image","twitter_misc":{"Written by":"Sepam","Est. reading time":"3 minutes"},"schema":{"@context":"https:\/\/schema.org","@graph":[{"@type":"Article","@id":"https:\/\/sepam.com.br\/en\/as-ferias-chegaram-que-tal-organizar-atividades-em-familia\/#article","isPartOf":{"@id":"https:\/\/sepam.com.br\/en\/as-ferias-chegaram-que-tal-organizar-atividades-em-familia\/"},"author":{"name":"Sepam","@id":"https:\/\/sepam.com.br\/#\/schema\/person\/bfa2996c649a5a6d822766f6e64eb7fd"},"headline":"As f\u00e9rias chegaram. Que tal organizar atividades em fam\u00edlia?","datePublished":"2025-08-28T13:47:15+00:00","dateModified":"2025-11-24T13:53:37+00:00","mainEntityOfPage":{"@id":"https:\/\/sepam.com.br\/en\/as-ferias-chegaram-que-tal-organizar-atividades-em-familia\/"},"wordCount":636,"commentCount":0,"publisher":{"@id":"https:\/\/sepam.com.br\/#organization"},"articleSection":["Colegio Sepam"],"inLanguage":"en-US","potentialAction":[{"@type":"CommentAction","name":"Comment","target":["https:\/\/sepam.com.br\/en\/as-ferias-chegaram-que-tal-organizar-atividades-em-familia\/#respond"]}]},{"@type":"WebPage","@id":"https:\/\/sepam.com.br\/en\/as-ferias-chegaram-que-tal-organizar-atividades-em-familia\/","url":"https:\/\/sepam.com.br\/en\/as-ferias-chegaram-que-tal-organizar-atividades-em-familia\/","name":"As f\u00e9rias chegaram. Que tal organizar atividades em fam\u00edlia? - Col\u00e9gio Sepam","isPartOf":{"@id":"https:\/\/sepam.com.br\/#website"},"datePublished":"2025-08-28T13:47:15+00:00","dateModified":"2025-11-24T13:53:37+00:00","breadcrumb":{"@id":"https:\/\/sepam.com.br\/en\/as-ferias-chegaram-que-tal-organizar-atividades-em-familia\/#breadcrumb"},"inLanguage":"en-US","potentialAction":[{"@type":"ReadAction","target":["https:\/\/sepam.com.br\/en\/as-ferias-chegaram-que-tal-organizar-atividades-em-familia\/"]}]},{"@type":"BreadcrumbList","@id":"https:\/\/sepam.com.br\/en\/as-ferias-chegaram-que-tal-organizar-atividades-em-familia\/#breadcrumb","itemListElement":[{"@type":"ListItem","position":1,"name":"Boas Vindas","item":"https:\/\/sepam.com.br\/"},{"@type":"ListItem","position":2,"name":"As f\u00e9rias chegaram. Que tal organizar atividades em fam\u00edlia?"}]},{"@type":"WebSite","@id":"https:\/\/sepam.com.br\/en\/#website","url":"https:\/\/sepam.com.br\/en\/","name":"Col\u00e9gio Sepam","description":"Ensino Incompar\u00e1vel","publisher":{"@id":"https:\/\/sepam.com.br\/en\/#organization"},"potentialAction":[{"@type":"SearchAction","target":{"@type":"EntryPoint","urlTemplate":"https:\/\/sepam.com.br\/en\/?s={search_term_string}"},"query-input":{"@type":"PropertyValueSpecification","valueRequired":true,"valueName":"search_term_string"}}],"inLanguage":"en-US"},{"@type":"Organization","@id":"https:\/\/sepam.com.br\/en\/#organization","name":"Col\u00e9gio Sepam","url":"https:\/\/sepam.com.br\/en\/","logo":{"@type":"ImageObject","inLanguage":"en-US","@id":"https:\/\/sepam.com.br\/en\/#\/schema\/logo\/image\/","url":"https:\/\/sepam.com.br\/wp-content\/uploads\/2025\/02\/Ativo-2.png","contentUrl":"https:\/\/sepam.com.br\/wp-content\/uploads\/2025\/02\/Ativo-2.png","width":595,"height":525,"caption":"Col\u00e9gio Sepam"},"image":{"@id":"https:\/\/sepam.com.br\/en\/#\/schema\/logo\/image\/"}},{"@type":"Person","@id":"https:\/\/sepam.com.br\/#\/schema\/person\/bfa2996c649a5a6d822766f6e64eb7fd","name":"Sepam","image":{"@type":"ImageObject","inLanguage":"en-US","@id":"https:\/\/secure.gravatar.com\/avatar\/0219e64664f5861998ad57a3432eb4bd5fd99a34c7cc9bc44b3c59dfb830db85?s=96&d=mm&r=g","url":"https:\/\/secure.gravatar.com\/avatar\/0219e64664f5861998ad57a3432eb4bd5fd99a34c7cc9bc44b3c59dfb830db85?s=96&d=mm&r=g","contentUrl":"https:\/\/secure.gravatar.com\/avatar\/0219e64664f5861998ad57a3432eb4bd5fd99a34c7cc9bc44b3c59dfb830db85?s=96&d=mm&r=g","caption":"Sepam"},"url":"https:\/\/sepam.com.br\/en\/author\/sepam\/"}]}},"_links":{"self":[{"href":"https:\/\/sepam.com.br\/en\/wp-json\/wp\/v2\/posts\/6954","targetHints":{"allow":["GET"]}}],"collection":[{"href":"https:\/\/sepam.com.br\/en\/wp-json\/wp\/v2\/posts"}],"about":[{"href":"https:\/\/sepam.com.br\/en\/wp-json\/wp\/v2\/types\/post"}],"author":[{"embeddable":true,"href":"https:\/\/sepam.com.br\/en\/wp-json\/wp\/v2\/users\/13"}],"replies":[{"embeddable":true,"href":"https:\/\/sepam.com.br\/en\/wp-json\/wp\/v2\/comments?post=6954"}],"version-history":[{"count":1,"href":"https:\/\/sepam.com.br\/en\/wp-json\/wp\/v2\/posts\/6954\/revisions"}],"predecessor-version":[{"id":7418,"href":"https:\/\/sepam.com.br\/en\/wp-json\/wp\/v2\/posts\/6954\/revisions\/7418"}],"wp:attachment":[{"href":"https:\/\/sepam.com.br\/en\/wp-json\/wp\/v2\/media?parent=6954"}],"wp:term":[{"taxonomy":"category","embeddable":true,"href":"https:\/\/sepam.com.br\/en\/wp-json\/wp\/v2\/categories?post=6954"},{"taxonomy":"post_tag","embeddable":true,"href":"https:\/\/sepam.com.br\/en\/wp-json\/wp\/v2\/tags?post=6954"}],"curies":[{"name":"wp","href":"https:\/\/api.w.org\/{rel}","templated":true}]}}