{"id":6950,"date":"2025-08-28T10:47:15","date_gmt":"2025-08-28T13:47:15","guid":{"rendered":"https:\/\/dev.alisonandrei.com.br\/noticia\/primeiro-bazar-de-uniformes-sepam-reverte-em-recursos-para-ong\/"},"modified":"2025-11-24T10:53:37","modified_gmt":"2025-11-24T13:53:37","slug":"primeiro-bazar-de-uniformes-sepam-reverte-em-recursos-para-ong","status":"publish","type":"post","link":"https:\/\/sepam.com.br\/en\/primeiro-bazar-de-uniformes-sepam-reverte-em-recursos-para-ong\/","title":{"rendered":"Primeiro bazar de uniformes SEPAM reverte em recursos para ONG"},"content":{"rendered":"<p><em>O valor arrecadado foi integralmente destinado \u00e0 Organiza\u00e7\u00e3o N\u00e3o Governamental (ONG) Doutores Palha\u00e7os \u2013 SOS Alegria<\/em><\/p>\n<p>Nos dias 03 e 04 de dezembro, no Audit\u00f3rio do Col\u00e9gio Sepam, a Organiza\u00e7\u00e3o N\u00e3o Governamental (ONG) Doutores Palha\u00e7os \u2013 SOS Alegria foi beneficiada com a realiza\u00e7\u00e3o de um bazar de uniformes escolares usados. As pe\u00e7as vendidas foram recebidas como doa\u00e7\u00e3o de pais\/alunos, e tamb\u00e9m aquelas n\u00e3o retiradas dos \u201cachados e perdidos\u201d.<\/p>\n<p>O valor arrecadado foi integralmente repassado \u00e0 ONG e ser\u00e1 utilizado no pagamento de tributos e encargos. \u201cPor mais que nosso trabalho seja feito por volunt\u00e1rios, tanto nos hospitais como em sua diretoria, a organiza\u00e7\u00e3o de escalas, os cursos e os treinamentos dos palha\u00e7os entre outros servi\u00e7os geram custos. Por isso, parcerias como essa s\u00e3o importantes para a continuidade do trabalho de humaniza\u00e7\u00e3o nas institui\u00e7\u00f5es de sa\u00fade de Ponta Grossa\u201d, explica o coordenador geral da Doutores Palha\u00e7os \u2013 SOS Alegria, Bruno Madalozo.<\/p>\n<p>De acordo com o diretor do SEPAM, Osni Mongruel J\u00fanior, o Col\u00e9gio tem um grande envolvimento com as causas sociais de nossa Ponta Grossa e atua em parceria com a comunidade. \u201cA a\u00e7\u00e3o foi bem desenvolvida, contando com o aux\u00edlio e a experi\u00eancia dos volunt\u00e1rios da ONG. Assim \u00e9 a educa\u00e7\u00e3o de qualidade que o SEPAM pratica, aquela que usa a for\u00e7a das ideias e os bons ideais para transformar o mundo em um lugar melhor\u201d, ressalta.<\/p>\n<p>Os alunos do SEPAM atuam em projetos de protagonismo juvenil nas \u00e1reas de sa\u00fade, ensino de idiomas, arrecada\u00e7\u00e3o de alimentos e materiais de higiene e tamb\u00e9m em quest\u00f5es relacionadas ao meio ambiente. A institui\u00e7\u00e3o tamb\u00e9m patrocina, diretamente e por meio das leis de incentivo, eventos culturais, esportivos, projetos relacionados a crian\u00e7as, adolescentes e idosos.<\/p>\n<p>A popula\u00e7\u00e3o em geral tamb\u00e9m pode ajudar na continuidade do trabalho realizado pela ONG) Doutores Palha\u00e7os \u2013 SOS Alegria nos hospitais. \u201cDestinando parte do imposto para nossos projetos aprovados pelo Minist\u00e9rio da Cultura por meio de Leis de Incentivo \u00e0 Cultura (Lei Rouanet), prestigiando nossas pe\u00e7as teatrais e nossos bazares, que acontecem tr\u00eas vezes ao ano\u201d, explica Madalozo.<\/p>\n","protected":false},"excerpt":{"rendered":"<p>O valor arrecadado foi integralmente destinado \u00e0 Organiza\u00e7\u00e3o N\u00e3o Governamental (ONG) Doutores Palha\u00e7os \u2013 SOS Alegria Nos dias 03 e 04 de dezembro, no Audit\u00f3rio do Col\u00e9gio Sepam, a Organiza\u00e7\u00e3o N\u00e3o Governamental (ONG) Doutores Palha\u00e7os \u2013 SOS Alegria foi beneficiada com a realiza\u00e7\u00e3o de um bazar de uniformes escolares usados. As pe\u00e7as vendidas foram recebidas [&hellip;]<\/p>\n","protected":false},"author":13,"featured_media":0,"comment_status":"open","ping_status":"open","sticky":false,"template":"","format":"standard","meta":{"footnotes":""},"categories":[21],"tags":[],"class_list":["post-6950","post","type-post","status-publish","format-standard","hentry","category-colegio-sepam"],"yoast_head":"<!-- This site is optimized with the Yoast SEO plugin v28.4 - https:\/\/yoast.com\/product\/yoast-seo-wordpress\/ -->\n<title>Primeiro bazar de uniformes SEPAM reverte em recursos para ONG<\/title>\n<meta name=\"description\" content=\"O valor arrecadado foi integralmente destinado \u00e0 Organiza\u00e7\u00e3o N\u00e3o Governamental (ONG) Doutores Palha\u00e7os \u2013 SOS Alegria Nos dias 03 e 04 de dezembro, no Audit\u00f3rio do Col\u00e9gio Sepam, a Organiza\u00e7\u00e3o N\u00e3o Governamental (ONG) Doutores Palha\u00e7os \u2013 SOS Alegria foi beneficiada com a realiza\u00e7\u00e3o de um bazar de uniformes escolares usados. As pe\u00e7as vendidas foram recebidas&hellip;\" \/>\n<meta name=\"robots\" content=\"index, follow, max-snippet:-1, max-image-preview:large, max-video-preview:-1\" \/>\n<link rel=\"canonical\" href=\"https:\/\/sepam.com.br\/en\/primeiro-bazar-de-uniformes-sepam-reverte-em-recursos-para-ong\/\" \/>\n<meta property=\"og:locale\" content=\"en_US\" \/>\n<meta property=\"og:type\" content=\"article\" \/>\n<meta property=\"og:title\" content=\"Primeiro bazar de uniformes SEPAM reverte em recursos para ONG\" \/>\n<meta property=\"og:description\" content=\"O valor arrecadado foi integralmente destinado \u00e0 Organiza\u00e7\u00e3o N\u00e3o Governamental (ONG) Doutores Palha\u00e7os \u2013 SOS Alegria Nos dias 03 e 04 de dezembro, no Audit\u00f3rio do Col\u00e9gio Sepam, a Organiza\u00e7\u00e3o N\u00e3o Governamental (ONG) Doutores Palha\u00e7os \u2013 SOS Alegria foi beneficiada com a realiza\u00e7\u00e3o de um bazar de uniformes escolares usados. As pe\u00e7as vendidas foram recebidas&hellip;\" \/>\n<meta property=\"og:url\" content=\"https:\/\/sepam.com.br\/en\/primeiro-bazar-de-uniformes-sepam-reverte-em-recursos-para-ong\/\" \/>\n<meta property=\"og:site_name\" content=\"Col\u00e9gio Sepam\" \/>\n<meta property=\"article:published_time\" content=\"2025-08-28T13:47:15+00:00\" \/>\n<meta property=\"article:modified_time\" content=\"2025-11-24T13:53:37+00:00\" \/>\n<meta name=\"author\" content=\"Sepam\" \/>\n<meta name=\"twitter:card\" content=\"summary_large_image\" \/>\n<meta name=\"twitter:label1\" content=\"Written by\" \/>\n\t<meta name=\"twitter:data1\" content=\"Sepam\" \/>\n\t<meta name=\"twitter:label2\" content=\"Est. reading time\" \/>\n\t<meta name=\"twitter:data2\" content=\"2 minutes\" \/>\n<script type=\"application\/ld+json\" class=\"yoast-schema-graph\">{\"@context\":\"https:\\\/\\\/schema.org\",\"@graph\":[{\"@type\":\"Article\",\"@id\":\"https:\\\/\\\/sepam.com.br\\\/en\\\/primeiro-bazar-de-uniformes-sepam-reverte-em-recursos-para-ong\\\/#article\",\"isPartOf\":{\"@id\":\"https:\\\/\\\/sepam.com.br\\\/en\\\/primeiro-bazar-de-uniformes-sepam-reverte-em-recursos-para-ong\\\/\"},\"author\":{\"name\":\"Sepam\",\"@id\":\"https:\\\/\\\/sepam.com.br\\\/#\\\/schema\\\/person\\\/bfa2996c649a5a6d822766f6e64eb7fd\"},\"headline\":\"Primeiro bazar de uniformes SEPAM reverte em recursos para ONG\",\"datePublished\":\"2025-08-28T13:47:15+00:00\",\"dateModified\":\"2025-11-24T13:53:37+00:00\",\"mainEntityOfPage\":{\"@id\":\"https:\\\/\\\/sepam.com.br\\\/en\\\/primeiro-bazar-de-uniformes-sepam-reverte-em-recursos-para-ong\\\/\"},\"wordCount\":383,\"commentCount\":0,\"publisher\":{\"@id\":\"https:\\\/\\\/sepam.com.br\\\/#organization\"},\"articleSection\":[\"Colegio Sepam\"],\"inLanguage\":\"en-US\",\"potentialAction\":[{\"@type\":\"CommentAction\",\"name\":\"Comment\",\"target\":[\"https:\\\/\\\/sepam.com.br\\\/en\\\/primeiro-bazar-de-uniformes-sepam-reverte-em-recursos-para-ong\\\/#respond\"]}]},{\"@type\":\"WebPage\",\"@id\":\"https:\\\/\\\/sepam.com.br\\\/en\\\/primeiro-bazar-de-uniformes-sepam-reverte-em-recursos-para-ong\\\/\",\"url\":\"https:\\\/\\\/sepam.com.br\\\/en\\\/primeiro-bazar-de-uniformes-sepam-reverte-em-recursos-para-ong\\\/\",\"name\":\"Primeiro bazar de uniformes SEPAM reverte em recursos para ONG - Col\u00e9gio Sepam\",\"isPartOf\":{\"@id\":\"https:\\\/\\\/sepam.com.br\\\/#website\"},\"datePublished\":\"2025-08-28T13:47:15+00:00\",\"dateModified\":\"2025-11-24T13:53:37+00:00\",\"breadcrumb\":{\"@id\":\"https:\\\/\\\/sepam.com.br\\\/en\\\/primeiro-bazar-de-uniformes-sepam-reverte-em-recursos-para-ong\\\/#breadcrumb\"},\"inLanguage\":\"en-US\",\"potentialAction\":[{\"@type\":\"ReadAction\",\"target\":[\"https:\\\/\\\/sepam.com.br\\\/en\\\/primeiro-bazar-de-uniformes-sepam-reverte-em-recursos-para-ong\\\/\"]}]},{\"@type\":\"BreadcrumbList\",\"@id\":\"https:\\\/\\\/sepam.com.br\\\/en\\\/primeiro-bazar-de-uniformes-sepam-reverte-em-recursos-para-ong\\\/#breadcrumb\",\"itemListElement\":[{\"@type\":\"ListItem\",\"position\":1,\"name\":\"Boas Vindas\",\"item\":\"https:\\\/\\\/sepam.com.br\\\/\"},{\"@type\":\"ListItem\",\"position\":2,\"name\":\"Primeiro bazar de uniformes SEPAM reverte em recursos para ONG\"}]},{\"@type\":\"WebSite\",\"@id\":\"https:\\\/\\\/sepam.com.br\\\/en\\\/#website\",\"url\":\"https:\\\/\\\/sepam.com.br\\\/en\\\/\",\"name\":\"Col\u00e9gio Sepam\",\"description\":\"Ensino Incompar\u00e1vel\",\"publisher\":{\"@id\":\"https:\\\/\\\/sepam.com.br\\\/en\\\/#organization\"},\"potentialAction\":[{\"@type\":\"SearchAction\",\"target\":{\"@type\":\"EntryPoint\",\"urlTemplate\":\"https:\\\/\\\/sepam.com.br\\\/en\\\/?s={search_term_string}\"},\"query-input\":{\"@type\":\"PropertyValueSpecification\",\"valueRequired\":true,\"valueName\":\"search_term_string\"}}],\"inLanguage\":\"en-US\"},{\"@type\":\"Organization\",\"@id\":\"https:\\\/\\\/sepam.com.br\\\/en\\\/#organization\",\"name\":\"Col\u00e9gio Sepam\",\"url\":\"https:\\\/\\\/sepam.com.br\\\/en\\\/\",\"logo\":{\"@type\":\"ImageObject\",\"inLanguage\":\"en-US\",\"@id\":\"https:\\\/\\\/sepam.com.br\\\/en\\\/#\\\/schema\\\/logo\\\/image\\\/\",\"url\":\"https:\\\/\\\/sepam.com.br\\\/wp-content\\\/uploads\\\/2025\\\/02\\\/Ativo-2.png\",\"contentUrl\":\"https:\\\/\\\/sepam.com.br\\\/wp-content\\\/uploads\\\/2025\\\/02\\\/Ativo-2.png\",\"width\":595,\"height\":525,\"caption\":\"Col\u00e9gio Sepam\"},\"image\":{\"@id\":\"https:\\\/\\\/sepam.com.br\\\/en\\\/#\\\/schema\\\/logo\\\/image\\\/\"}},{\"@type\":\"Person\",\"@id\":\"https:\\\/\\\/sepam.com.br\\\/#\\\/schema\\\/person\\\/bfa2996c649a5a6d822766f6e64eb7fd\",\"name\":\"Sepam\",\"image\":{\"@type\":\"ImageObject\",\"inLanguage\":\"en-US\",\"@id\":\"https:\\\/\\\/secure.gravatar.com\\\/avatar\\\/0219e64664f5861998ad57a3432eb4bd5fd99a34c7cc9bc44b3c59dfb830db85?s=96&d=mm&r=g\",\"url\":\"https:\\\/\\\/secure.gravatar.com\\\/avatar\\\/0219e64664f5861998ad57a3432eb4bd5fd99a34c7cc9bc44b3c59dfb830db85?s=96&d=mm&r=g\",\"contentUrl\":\"https:\\\/\\\/secure.gravatar.com\\\/avatar\\\/0219e64664f5861998ad57a3432eb4bd5fd99a34c7cc9bc44b3c59dfb830db85?s=96&d=mm&r=g\",\"caption\":\"Sepam\"},\"url\":\"https:\\\/\\\/sepam.com.br\\\/en\\\/author\\\/sepam\\\/\"}]}<\/script>\n<!-- \/ Yoast SEO plugin. -->","yoast_head_json":{"title":"Primeiro bazar de uniformes SEPAM reverte em recursos para ONG","description":"O valor arrecadado foi integralmente destinado \u00e0 Organiza\u00e7\u00e3o N\u00e3o Governamental (ONG) Doutores Palha\u00e7os \u2013 SOS Alegria Nos dias 03 e 04 de dezembro, no Audit\u00f3rio do Col\u00e9gio Sepam, a Organiza\u00e7\u00e3o N\u00e3o Governamental (ONG) Doutores Palha\u00e7os \u2013 SOS Alegria foi beneficiada com a realiza\u00e7\u00e3o de um bazar de uniformes escolares usados. As pe\u00e7as vendidas foram recebidas&hellip;","robots":{"index":"index","follow":"follow","max-snippet":"max-snippet:-1","max-image-preview":"max-image-preview:large","max-video-preview":"max-video-preview:-1"},"canonical":"https:\/\/sepam.com.br\/en\/primeiro-bazar-de-uniformes-sepam-reverte-em-recursos-para-ong\/","og_locale":"en_US","og_type":"article","og_title":"Primeiro bazar de uniformes SEPAM reverte em recursos para ONG","og_description":"O valor arrecadado foi integralmente destinado \u00e0 Organiza\u00e7\u00e3o N\u00e3o Governamental (ONG) Doutores Palha\u00e7os \u2013 SOS Alegria Nos dias 03 e 04 de dezembro, no Audit\u00f3rio do Col\u00e9gio Sepam, a Organiza\u00e7\u00e3o N\u00e3o Governamental (ONG) Doutores Palha\u00e7os \u2013 SOS Alegria foi beneficiada com a realiza\u00e7\u00e3o de um bazar de uniformes escolares usados. As pe\u00e7as vendidas foram recebidas&hellip;","og_url":"https:\/\/sepam.com.br\/en\/primeiro-bazar-de-uniformes-sepam-reverte-em-recursos-para-ong\/","og_site_name":"Col\u00e9gio Sepam","article_published_time":"2025-08-28T13:47:15+00:00","article_modified_time":"2025-11-24T13:53:37+00:00","author":"Sepam","twitter_card":"summary_large_image","twitter_misc":{"Written by":"Sepam","Est. reading time":"2 minutes"},"schema":{"@context":"https:\/\/schema.org","@graph":[{"@type":"Article","@id":"https:\/\/sepam.com.br\/en\/primeiro-bazar-de-uniformes-sepam-reverte-em-recursos-para-ong\/#article","isPartOf":{"@id":"https:\/\/sepam.com.br\/en\/primeiro-bazar-de-uniformes-sepam-reverte-em-recursos-para-ong\/"},"author":{"name":"Sepam","@id":"https:\/\/sepam.com.br\/#\/schema\/person\/bfa2996c649a5a6d822766f6e64eb7fd"},"headline":"Primeiro bazar de uniformes SEPAM reverte em recursos para ONG","datePublished":"2025-08-28T13:47:15+00:00","dateModified":"2025-11-24T13:53:37+00:00","mainEntityOfPage":{"@id":"https:\/\/sepam.com.br\/en\/primeiro-bazar-de-uniformes-sepam-reverte-em-recursos-para-ong\/"},"wordCount":383,"commentCount":0,"publisher":{"@id":"https:\/\/sepam.com.br\/#organization"},"articleSection":["Colegio Sepam"],"inLanguage":"en-US","potentialAction":[{"@type":"CommentAction","name":"Comment","target":["https:\/\/sepam.com.br\/en\/primeiro-bazar-de-uniformes-sepam-reverte-em-recursos-para-ong\/#respond"]}]},{"@type":"WebPage","@id":"https:\/\/sepam.com.br\/en\/primeiro-bazar-de-uniformes-sepam-reverte-em-recursos-para-ong\/","url":"https:\/\/sepam.com.br\/en\/primeiro-bazar-de-uniformes-sepam-reverte-em-recursos-para-ong\/","name":"Primeiro bazar de uniformes SEPAM reverte em recursos para ONG - Col\u00e9gio Sepam","isPartOf":{"@id":"https:\/\/sepam.com.br\/#website"},"datePublished":"2025-08-28T13:47:15+00:00","dateModified":"2025-11-24T13:53:37+00:00","breadcrumb":{"@id":"https:\/\/sepam.com.br\/en\/primeiro-bazar-de-uniformes-sepam-reverte-em-recursos-para-ong\/#breadcrumb"},"inLanguage":"en-US","potentialAction":[{"@type":"ReadAction","target":["https:\/\/sepam.com.br\/en\/primeiro-bazar-de-uniformes-sepam-reverte-em-recursos-para-ong\/"]}]},{"@type":"BreadcrumbList","@id":"https:\/\/sepam.com.br\/en\/primeiro-bazar-de-uniformes-sepam-reverte-em-recursos-para-ong\/#breadcrumb","itemListElement":[{"@type":"ListItem","position":1,"name":"Boas Vindas","item":"https:\/\/sepam.com.br\/"},{"@type":"ListItem","position":2,"name":"Primeiro bazar de uniformes SEPAM reverte em recursos para ONG"}]},{"@type":"WebSite","@id":"https:\/\/sepam.com.br\/en\/#website","url":"https:\/\/sepam.com.br\/en\/","name":"Col\u00e9gio Sepam","description":"Ensino Incompar\u00e1vel","publisher":{"@id":"https:\/\/sepam.com.br\/en\/#organization"},"potentialAction":[{"@type":"SearchAction","target":{"@type":"EntryPoint","urlTemplate":"https:\/\/sepam.com.br\/en\/?s={search_term_string}"},"query-input":{"@type":"PropertyValueSpecification","valueRequired":true,"valueName":"search_term_string"}}],"inLanguage":"en-US"},{"@type":"Organization","@id":"https:\/\/sepam.com.br\/en\/#organization","name":"Col\u00e9gio Sepam","url":"https:\/\/sepam.com.br\/en\/","logo":{"@type":"ImageObject","inLanguage":"en-US","@id":"https:\/\/sepam.com.br\/en\/#\/schema\/logo\/image\/","url":"https:\/\/sepam.com.br\/wp-content\/uploads\/2025\/02\/Ativo-2.png","contentUrl":"https:\/\/sepam.com.br\/wp-content\/uploads\/2025\/02\/Ativo-2.png","width":595,"height":525,"caption":"Col\u00e9gio Sepam"},"image":{"@id":"https:\/\/sepam.com.br\/en\/#\/schema\/logo\/image\/"}},{"@type":"Person","@id":"https:\/\/sepam.com.br\/#\/schema\/person\/bfa2996c649a5a6d822766f6e64eb7fd","name":"Sepam","image":{"@type":"ImageObject","inLanguage":"en-US","@id":"https:\/\/secure.gravatar.com\/avatar\/0219e64664f5861998ad57a3432eb4bd5fd99a34c7cc9bc44b3c59dfb830db85?s=96&d=mm&r=g","url":"https:\/\/secure.gravatar.com\/avatar\/0219e64664f5861998ad57a3432eb4bd5fd99a34c7cc9bc44b3c59dfb830db85?s=96&d=mm&r=g","contentUrl":"https:\/\/secure.gravatar.com\/avatar\/0219e64664f5861998ad57a3432eb4bd5fd99a34c7cc9bc44b3c59dfb830db85?s=96&d=mm&r=g","caption":"Sepam"},"url":"https:\/\/sepam.com.br\/en\/author\/sepam\/"}]}},"_links":{"self":[{"href":"https:\/\/sepam.com.br\/en\/wp-json\/wp\/v2\/posts\/6950","targetHints":{"allow":["GET"]}}],"collection":[{"href":"https:\/\/sepam.com.br\/en\/wp-json\/wp\/v2\/posts"}],"about":[{"href":"https:\/\/sepam.com.br\/en\/wp-json\/wp\/v2\/types\/post"}],"author":[{"embeddable":true,"href":"https:\/\/sepam.com.br\/en\/wp-json\/wp\/v2\/users\/13"}],"replies":[{"embeddable":true,"href":"https:\/\/sepam.com.br\/en\/wp-json\/wp\/v2\/comments?post=6950"}],"version-history":[{"count":1,"href":"https:\/\/sepam.com.br\/en\/wp-json\/wp\/v2\/posts\/6950\/revisions"}],"predecessor-version":[{"id":7414,"href":"https:\/\/sepam.com.br\/en\/wp-json\/wp\/v2\/posts\/6950\/revisions\/7414"}],"wp:attachment":[{"href":"https:\/\/sepam.com.br\/en\/wp-json\/wp\/v2\/media?parent=6950"}],"wp:term":[{"taxonomy":"category","embeddable":true,"href":"https:\/\/sepam.com.br\/en\/wp-json\/wp\/v2\/categories?post=6950"},{"taxonomy":"post_tag","embeddable":true,"href":"https:\/\/sepam.com.br\/en\/wp-json\/wp\/v2\/tags?post=6950"}],"curies":[{"name":"wp","href":"https:\/\/api.w.org\/{rel}","templated":true}]}}