{"id":6941,"date":"2025-08-28T10:47:15","date_gmt":"2025-08-28T13:47:15","guid":{"rendered":"https:\/\/dev.alisonandrei.com.br\/noticia\/colegio-sepam-e-homenageado-na-5a-edicao-do-premio-orgulho-paranaense\/"},"modified":"2025-11-24T10:53:36","modified_gmt":"2025-11-24T13:53:36","slug":"colegio-sepam-e-homenageado-na-5a-edicao-do-premio-orgulho-paranaense","status":"publish","type":"post","link":"https:\/\/sepam.com.br\/en\/colegio-sepam-e-homenageado-na-5a-edicao-do-premio-orgulho-paranaense\/","title":{"rendered":"Col\u00e9gio Sepam \u00e9 homenageado na 5\u00aa edi\u00e7\u00e3o do Pr\u00eamio Orgulho Paranaense"},"content":{"rendered":"<p><span style=\"font-weight: 400;\">Na ter\u00e7a-feira (20), o Col\u00e9gio Sepam foi homenageado na 5\u00aa edi\u00e7\u00e3o do Pr\u00eamio Orgulho Paranaense em evento que aconteceu no Clube Ponta Lagoa, em Ponta Grossa. \u00a0A honraria \u00e9 concedida pela Secretaria de Estado de Esporte e do Turismo do Paran\u00e1.<\/span><\/p>\n<p><span style=\"font-weight: 400;\">A premia\u00e7\u00e3o \u00e9 o reconhecimento do Governo do Paran\u00e1, a pessoas e entidades, pela dedica\u00e7\u00e3o e paix\u00e3o com o esporte; e tem o objetivo de fomentar e disseminar esses valores.<\/span><\/p>\n<p><span style=\"font-weight: 400;\">Na foto, Ben Hur Chiconato, coordenador de Esportes do Sepam e tamb\u00e9m homenageado com o Pr\u00eamio Orgulho Paranaense por seus \u00a0mais de 20 anos de carreira vitoriosa como t\u00e9cnico na modalidade de Basquetebol; Odeni Mongruel, s\u00f3cio da mantenedora e Osni Mongruel Junior, diretor do Col\u00e9gio SEPAM.<\/span><\/p>\n<p>&nbsp;<\/p>\n","protected":false},"excerpt":{"rendered":"<p>Na ter\u00e7a-feira (20), o Col\u00e9gio Sepam foi homenageado na 5\u00aa edi\u00e7\u00e3o do Pr\u00eamio Orgulho Paranaense em evento que aconteceu no Clube Ponta Lagoa, em Ponta Grossa. \u00a0A honraria \u00e9 concedida pela Secretaria de Estado de Esporte e do Turismo do Paran\u00e1. A premia\u00e7\u00e3o \u00e9 o reconhecimento do Governo do Paran\u00e1, a pessoas e entidades, pela [&hellip;]<\/p>\n","protected":false},"author":13,"featured_media":0,"comment_status":"open","ping_status":"open","sticky":false,"template":"","format":"standard","meta":{"footnotes":""},"categories":[21],"tags":[],"class_list":["post-6941","post","type-post","status-publish","format-standard","hentry","category-colegio-sepam"],"yoast_head":"<!-- This site is optimized with the Yoast SEO plugin v28.4 - https:\/\/yoast.com\/product\/yoast-seo-wordpress\/ -->\n<title>Col\u00e9gio Sepam \u00e9 homenageado na 5\u00aa edi\u00e7\u00e3o do Pr\u00eamio Orgulho Paranaense<\/title>\n<meta name=\"description\" content=\"Na ter\u00e7a-feira (20), o Col\u00e9gio Sepam foi homenageado na 5\u00aa edi\u00e7\u00e3o do Pr\u00eamio Orgulho Paranaense em evento que aconteceu no Clube Ponta Lagoa, em Ponta Grossa. \u00a0A honraria \u00e9 concedida pela Secretaria de Estado de Esporte e do Turismo do Paran\u00e1. A premia\u00e7\u00e3o \u00e9 o reconhecimento do Governo do Paran\u00e1, a pessoas e entidades, pela&hellip;\" \/>\n<meta name=\"robots\" content=\"index, follow, max-snippet:-1, max-image-preview:large, max-video-preview:-1\" \/>\n<link rel=\"canonical\" href=\"https:\/\/sepam.com.br\/en\/colegio-sepam-e-homenageado-na-5a-edicao-do-premio-orgulho-paranaense\/\" \/>\n<meta property=\"og:locale\" content=\"en_US\" \/>\n<meta property=\"og:type\" content=\"article\" \/>\n<meta property=\"og:title\" content=\"Col\u00e9gio Sepam \u00e9 homenageado na 5\u00aa edi\u00e7\u00e3o do Pr\u00eamio Orgulho Paranaense\" \/>\n<meta property=\"og:description\" content=\"Na ter\u00e7a-feira (20), o Col\u00e9gio Sepam foi homenageado na 5\u00aa edi\u00e7\u00e3o do Pr\u00eamio Orgulho Paranaense em evento que aconteceu no Clube Ponta Lagoa, em Ponta Grossa. \u00a0A honraria \u00e9 concedida pela Secretaria de Estado de Esporte e do Turismo do Paran\u00e1. A premia\u00e7\u00e3o \u00e9 o reconhecimento do Governo do Paran\u00e1, a pessoas e entidades, pela&hellip;\" \/>\n<meta property=\"og:url\" content=\"https:\/\/sepam.com.br\/en\/colegio-sepam-e-homenageado-na-5a-edicao-do-premio-orgulho-paranaense\/\" \/>\n<meta property=\"og:site_name\" content=\"Col\u00e9gio Sepam\" \/>\n<meta property=\"article:published_time\" content=\"2025-08-28T13:47:15+00:00\" \/>\n<meta property=\"article:modified_time\" content=\"2025-11-24T13:53:36+00:00\" \/>\n<meta name=\"author\" content=\"Sepam\" \/>\n<meta name=\"twitter:card\" content=\"summary_large_image\" \/>\n<meta name=\"twitter:label1\" content=\"Written by\" \/>\n\t<meta name=\"twitter:data1\" content=\"Sepam\" \/>\n\t<meta name=\"twitter:label2\" content=\"Est. reading time\" \/>\n\t<meta name=\"twitter:data2\" content=\"1 minute\" \/>\n<script type=\"application\/ld+json\" class=\"yoast-schema-graph\">{\"@context\":\"https:\\\/\\\/schema.org\",\"@graph\":[{\"@type\":\"Article\",\"@id\":\"https:\\\/\\\/sepam.com.br\\\/en\\\/colegio-sepam-e-homenageado-na-5a-edicao-do-premio-orgulho-paranaense\\\/#article\",\"isPartOf\":{\"@id\":\"https:\\\/\\\/sepam.com.br\\\/en\\\/colegio-sepam-e-homenageado-na-5a-edicao-do-premio-orgulho-paranaense\\\/\"},\"author\":{\"name\":\"Sepam\",\"@id\":\"https:\\\/\\\/sepam.com.br\\\/#\\\/schema\\\/person\\\/bfa2996c649a5a6d822766f6e64eb7fd\"},\"headline\":\"Col\u00e9gio Sepam \u00e9 homenageado na 5\u00aa edi\u00e7\u00e3o do Pr\u00eamio Orgulho Paranaense\",\"datePublished\":\"2025-08-28T13:47:15+00:00\",\"dateModified\":\"2025-11-24T13:53:36+00:00\",\"mainEntityOfPage\":{\"@id\":\"https:\\\/\\\/sepam.com.br\\\/en\\\/colegio-sepam-e-homenageado-na-5a-edicao-do-premio-orgulho-paranaense\\\/\"},\"wordCount\":137,\"commentCount\":0,\"publisher\":{\"@id\":\"https:\\\/\\\/sepam.com.br\\\/#organization\"},\"articleSection\":[\"Colegio Sepam\"],\"inLanguage\":\"en-US\",\"potentialAction\":[{\"@type\":\"CommentAction\",\"name\":\"Comment\",\"target\":[\"https:\\\/\\\/sepam.com.br\\\/en\\\/colegio-sepam-e-homenageado-na-5a-edicao-do-premio-orgulho-paranaense\\\/#respond\"]}]},{\"@type\":\"WebPage\",\"@id\":\"https:\\\/\\\/sepam.com.br\\\/en\\\/colegio-sepam-e-homenageado-na-5a-edicao-do-premio-orgulho-paranaense\\\/\",\"url\":\"https:\\\/\\\/sepam.com.br\\\/en\\\/colegio-sepam-e-homenageado-na-5a-edicao-do-premio-orgulho-paranaense\\\/\",\"name\":\"Col\u00e9gio Sepam \u00e9 homenageado na 5\u00aa edi\u00e7\u00e3o do Pr\u00eamio Orgulho Paranaense - Col\u00e9gio Sepam\",\"isPartOf\":{\"@id\":\"https:\\\/\\\/sepam.com.br\\\/#website\"},\"datePublished\":\"2025-08-28T13:47:15+00:00\",\"dateModified\":\"2025-11-24T13:53:36+00:00\",\"breadcrumb\":{\"@id\":\"https:\\\/\\\/sepam.com.br\\\/en\\\/colegio-sepam-e-homenageado-na-5a-edicao-do-premio-orgulho-paranaense\\\/#breadcrumb\"},\"inLanguage\":\"en-US\",\"potentialAction\":[{\"@type\":\"ReadAction\",\"target\":[\"https:\\\/\\\/sepam.com.br\\\/en\\\/colegio-sepam-e-homenageado-na-5a-edicao-do-premio-orgulho-paranaense\\\/\"]}]},{\"@type\":\"BreadcrumbList\",\"@id\":\"https:\\\/\\\/sepam.com.br\\\/en\\\/colegio-sepam-e-homenageado-na-5a-edicao-do-premio-orgulho-paranaense\\\/#breadcrumb\",\"itemListElement\":[{\"@type\":\"ListItem\",\"position\":1,\"name\":\"Boas Vindas\",\"item\":\"https:\\\/\\\/sepam.com.br\\\/\"},{\"@type\":\"ListItem\",\"position\":2,\"name\":\"Col\u00e9gio Sepam \u00e9 homenageado na 5\u00aa edi\u00e7\u00e3o do Pr\u00eamio Orgulho Paranaense\"}]},{\"@type\":\"WebSite\",\"@id\":\"https:\\\/\\\/sepam.com.br\\\/en\\\/#website\",\"url\":\"https:\\\/\\\/sepam.com.br\\\/en\\\/\",\"name\":\"Col\u00e9gio Sepam\",\"description\":\"Ensino Incompar\u00e1vel\",\"publisher\":{\"@id\":\"https:\\\/\\\/sepam.com.br\\\/en\\\/#organization\"},\"potentialAction\":[{\"@type\":\"SearchAction\",\"target\":{\"@type\":\"EntryPoint\",\"urlTemplate\":\"https:\\\/\\\/sepam.com.br\\\/en\\\/?s={search_term_string}\"},\"query-input\":{\"@type\":\"PropertyValueSpecification\",\"valueRequired\":true,\"valueName\":\"search_term_string\"}}],\"inLanguage\":\"en-US\"},{\"@type\":\"Organization\",\"@id\":\"https:\\\/\\\/sepam.com.br\\\/en\\\/#organization\",\"name\":\"Col\u00e9gio Sepam\",\"url\":\"https:\\\/\\\/sepam.com.br\\\/en\\\/\",\"logo\":{\"@type\":\"ImageObject\",\"inLanguage\":\"en-US\",\"@id\":\"https:\\\/\\\/sepam.com.br\\\/en\\\/#\\\/schema\\\/logo\\\/image\\\/\",\"url\":\"https:\\\/\\\/sepam.com.br\\\/wp-content\\\/uploads\\\/2025\\\/02\\\/Ativo-2.png\",\"contentUrl\":\"https:\\\/\\\/sepam.com.br\\\/wp-content\\\/uploads\\\/2025\\\/02\\\/Ativo-2.png\",\"width\":595,\"height\":525,\"caption\":\"Col\u00e9gio Sepam\"},\"image\":{\"@id\":\"https:\\\/\\\/sepam.com.br\\\/en\\\/#\\\/schema\\\/logo\\\/image\\\/\"}},{\"@type\":\"Person\",\"@id\":\"https:\\\/\\\/sepam.com.br\\\/#\\\/schema\\\/person\\\/bfa2996c649a5a6d822766f6e64eb7fd\",\"name\":\"Sepam\",\"image\":{\"@type\":\"ImageObject\",\"inLanguage\":\"en-US\",\"@id\":\"https:\\\/\\\/secure.gravatar.com\\\/avatar\\\/0219e64664f5861998ad57a3432eb4bd5fd99a34c7cc9bc44b3c59dfb830db85?s=96&d=mm&r=g\",\"url\":\"https:\\\/\\\/secure.gravatar.com\\\/avatar\\\/0219e64664f5861998ad57a3432eb4bd5fd99a34c7cc9bc44b3c59dfb830db85?s=96&d=mm&r=g\",\"contentUrl\":\"https:\\\/\\\/secure.gravatar.com\\\/avatar\\\/0219e64664f5861998ad57a3432eb4bd5fd99a34c7cc9bc44b3c59dfb830db85?s=96&d=mm&r=g\",\"caption\":\"Sepam\"},\"url\":\"https:\\\/\\\/sepam.com.br\\\/en\\\/author\\\/sepam\\\/\"}]}<\/script>\n<!-- \/ Yoast SEO plugin. -->","yoast_head_json":{"title":"Col\u00e9gio Sepam \u00e9 homenageado na 5\u00aa edi\u00e7\u00e3o do Pr\u00eamio Orgulho Paranaense","description":"Na ter\u00e7a-feira (20), o Col\u00e9gio Sepam foi homenageado na 5\u00aa edi\u00e7\u00e3o do Pr\u00eamio Orgulho Paranaense em evento que aconteceu no Clube Ponta Lagoa, em Ponta Grossa. \u00a0A honraria \u00e9 concedida pela Secretaria de Estado de Esporte e do Turismo do Paran\u00e1. A premia\u00e7\u00e3o \u00e9 o reconhecimento do Governo do Paran\u00e1, a pessoas e entidades, pela&hellip;","robots":{"index":"index","follow":"follow","max-snippet":"max-snippet:-1","max-image-preview":"max-image-preview:large","max-video-preview":"max-video-preview:-1"},"canonical":"https:\/\/sepam.com.br\/en\/colegio-sepam-e-homenageado-na-5a-edicao-do-premio-orgulho-paranaense\/","og_locale":"en_US","og_type":"article","og_title":"Col\u00e9gio Sepam \u00e9 homenageado na 5\u00aa edi\u00e7\u00e3o do Pr\u00eamio Orgulho Paranaense","og_description":"Na ter\u00e7a-feira (20), o Col\u00e9gio Sepam foi homenageado na 5\u00aa edi\u00e7\u00e3o do Pr\u00eamio Orgulho Paranaense em evento que aconteceu no Clube Ponta Lagoa, em Ponta Grossa. \u00a0A honraria \u00e9 concedida pela Secretaria de Estado de Esporte e do Turismo do Paran\u00e1. A premia\u00e7\u00e3o \u00e9 o reconhecimento do Governo do Paran\u00e1, a pessoas e entidades, pela&hellip;","og_url":"https:\/\/sepam.com.br\/en\/colegio-sepam-e-homenageado-na-5a-edicao-do-premio-orgulho-paranaense\/","og_site_name":"Col\u00e9gio Sepam","article_published_time":"2025-08-28T13:47:15+00:00","article_modified_time":"2025-11-24T13:53:36+00:00","author":"Sepam","twitter_card":"summary_large_image","twitter_misc":{"Written by":"Sepam","Est. reading time":"1 minute"},"schema":{"@context":"https:\/\/schema.org","@graph":[{"@type":"Article","@id":"https:\/\/sepam.com.br\/en\/colegio-sepam-e-homenageado-na-5a-edicao-do-premio-orgulho-paranaense\/#article","isPartOf":{"@id":"https:\/\/sepam.com.br\/en\/colegio-sepam-e-homenageado-na-5a-edicao-do-premio-orgulho-paranaense\/"},"author":{"name":"Sepam","@id":"https:\/\/sepam.com.br\/#\/schema\/person\/bfa2996c649a5a6d822766f6e64eb7fd"},"headline":"Col\u00e9gio Sepam \u00e9 homenageado na 5\u00aa edi\u00e7\u00e3o do Pr\u00eamio Orgulho Paranaense","datePublished":"2025-08-28T13:47:15+00:00","dateModified":"2025-11-24T13:53:36+00:00","mainEntityOfPage":{"@id":"https:\/\/sepam.com.br\/en\/colegio-sepam-e-homenageado-na-5a-edicao-do-premio-orgulho-paranaense\/"},"wordCount":137,"commentCount":0,"publisher":{"@id":"https:\/\/sepam.com.br\/#organization"},"articleSection":["Colegio Sepam"],"inLanguage":"en-US","potentialAction":[{"@type":"CommentAction","name":"Comment","target":["https:\/\/sepam.com.br\/en\/colegio-sepam-e-homenageado-na-5a-edicao-do-premio-orgulho-paranaense\/#respond"]}]},{"@type":"WebPage","@id":"https:\/\/sepam.com.br\/en\/colegio-sepam-e-homenageado-na-5a-edicao-do-premio-orgulho-paranaense\/","url":"https:\/\/sepam.com.br\/en\/colegio-sepam-e-homenageado-na-5a-edicao-do-premio-orgulho-paranaense\/","name":"Col\u00e9gio Sepam \u00e9 homenageado na 5\u00aa edi\u00e7\u00e3o do Pr\u00eamio Orgulho Paranaense - Col\u00e9gio Sepam","isPartOf":{"@id":"https:\/\/sepam.com.br\/#website"},"datePublished":"2025-08-28T13:47:15+00:00","dateModified":"2025-11-24T13:53:36+00:00","breadcrumb":{"@id":"https:\/\/sepam.com.br\/en\/colegio-sepam-e-homenageado-na-5a-edicao-do-premio-orgulho-paranaense\/#breadcrumb"},"inLanguage":"en-US","potentialAction":[{"@type":"ReadAction","target":["https:\/\/sepam.com.br\/en\/colegio-sepam-e-homenageado-na-5a-edicao-do-premio-orgulho-paranaense\/"]}]},{"@type":"BreadcrumbList","@id":"https:\/\/sepam.com.br\/en\/colegio-sepam-e-homenageado-na-5a-edicao-do-premio-orgulho-paranaense\/#breadcrumb","itemListElement":[{"@type":"ListItem","position":1,"name":"Boas Vindas","item":"https:\/\/sepam.com.br\/"},{"@type":"ListItem","position":2,"name":"Col\u00e9gio Sepam \u00e9 homenageado na 5\u00aa edi\u00e7\u00e3o do Pr\u00eamio Orgulho Paranaense"}]},{"@type":"WebSite","@id":"https:\/\/sepam.com.br\/en\/#website","url":"https:\/\/sepam.com.br\/en\/","name":"Col\u00e9gio Sepam","description":"Ensino Incompar\u00e1vel","publisher":{"@id":"https:\/\/sepam.com.br\/en\/#organization"},"potentialAction":[{"@type":"SearchAction","target":{"@type":"EntryPoint","urlTemplate":"https:\/\/sepam.com.br\/en\/?s={search_term_string}"},"query-input":{"@type":"PropertyValueSpecification","valueRequired":true,"valueName":"search_term_string"}}],"inLanguage":"en-US"},{"@type":"Organization","@id":"https:\/\/sepam.com.br\/en\/#organization","name":"Col\u00e9gio Sepam","url":"https:\/\/sepam.com.br\/en\/","logo":{"@type":"ImageObject","inLanguage":"en-US","@id":"https:\/\/sepam.com.br\/en\/#\/schema\/logo\/image\/","url":"https:\/\/sepam.com.br\/wp-content\/uploads\/2025\/02\/Ativo-2.png","contentUrl":"https:\/\/sepam.com.br\/wp-content\/uploads\/2025\/02\/Ativo-2.png","width":595,"height":525,"caption":"Col\u00e9gio Sepam"},"image":{"@id":"https:\/\/sepam.com.br\/en\/#\/schema\/logo\/image\/"}},{"@type":"Person","@id":"https:\/\/sepam.com.br\/#\/schema\/person\/bfa2996c649a5a6d822766f6e64eb7fd","name":"Sepam","image":{"@type":"ImageObject","inLanguage":"en-US","@id":"https:\/\/secure.gravatar.com\/avatar\/0219e64664f5861998ad57a3432eb4bd5fd99a34c7cc9bc44b3c59dfb830db85?s=96&d=mm&r=g","url":"https:\/\/secure.gravatar.com\/avatar\/0219e64664f5861998ad57a3432eb4bd5fd99a34c7cc9bc44b3c59dfb830db85?s=96&d=mm&r=g","contentUrl":"https:\/\/secure.gravatar.com\/avatar\/0219e64664f5861998ad57a3432eb4bd5fd99a34c7cc9bc44b3c59dfb830db85?s=96&d=mm&r=g","caption":"Sepam"},"url":"https:\/\/sepam.com.br\/en\/author\/sepam\/"}]}},"_links":{"self":[{"href":"https:\/\/sepam.com.br\/en\/wp-json\/wp\/v2\/posts\/6941","targetHints":{"allow":["GET"]}}],"collection":[{"href":"https:\/\/sepam.com.br\/en\/wp-json\/wp\/v2\/posts"}],"about":[{"href":"https:\/\/sepam.com.br\/en\/wp-json\/wp\/v2\/types\/post"}],"author":[{"embeddable":true,"href":"https:\/\/sepam.com.br\/en\/wp-json\/wp\/v2\/users\/13"}],"replies":[{"embeddable":true,"href":"https:\/\/sepam.com.br\/en\/wp-json\/wp\/v2\/comments?post=6941"}],"version-history":[{"count":1,"href":"https:\/\/sepam.com.br\/en\/wp-json\/wp\/v2\/posts\/6941\/revisions"}],"predecessor-version":[{"id":7405,"href":"https:\/\/sepam.com.br\/en\/wp-json\/wp\/v2\/posts\/6941\/revisions\/7405"}],"wp:attachment":[{"href":"https:\/\/sepam.com.br\/en\/wp-json\/wp\/v2\/media?parent=6941"}],"wp:term":[{"taxonomy":"category","embeddable":true,"href":"https:\/\/sepam.com.br\/en\/wp-json\/wp\/v2\/categories?post=6941"},{"taxonomy":"post_tag","embeddable":true,"href":"https:\/\/sepam.com.br\/en\/wp-json\/wp\/v2\/tags?post=6941"}],"curies":[{"name":"wp","href":"https:\/\/api.w.org\/{rel}","templated":true}]}}