{"id":6923,"date":"2025-08-28T10:47:12","date_gmt":"2025-08-28T13:47:12","guid":{"rendered":"https:\/\/dev.alisonandrei.com.br\/noticia\/estudante-do-sepam-e-selecionado-para-olimpiada-internacional-de-astronomia-e-astronautica-2019\/"},"modified":"2025-11-24T10:53:37","modified_gmt":"2025-11-24T13:53:37","slug":"estudante-do-sepam-e-selecionado-para-olimpiada-internacional-de-astronomia-e-astronautica-2019","status":"publish","type":"post","link":"https:\/\/sepam.com.br\/en\/estudante-do-sepam-e-selecionado-para-olimpiada-internacional-de-astronomia-e-astronautica-2019\/","title":{"rendered":"Estudante do Sepam \u00e9 selecionado para Olimp\u00edada Internacional de Astronomia e Astron\u00e1utica 2019"},"content":{"rendered":"<p><em>O aluno Danilo Beltrame ser\u00e1 o \u00fanico de Ponta Grossa a participar das classificat\u00f3rias para a OIAA<\/em><\/p>\n<p>O aluno pontagrossense Danilo Beltrame, do Col\u00e9gio Sepam, passou para etapa de pr\u00e9-sele\u00e7\u00e3o para compor a equipe brasileira na Olimp\u00edada Internacional de Astronomia e Astron\u00e1utica 2019. O estudante, \u00fanico de Ponta Grossa selecionado, obteve bons resultados na fase inicial 21\u00aa edi\u00e7\u00e3o da Olimp\u00edada Brasileira de Astronomia e Astron\u00e1utica (OBA).<\/p>\n<p>Para garantir a vaga na equipe que representar\u00e1 o Brasil internacionalmente, Danilo precisa vencer tamb\u00e9m a classificat\u00f3ria para as Olimp\u00edadas Internacionais, que consiste em tr\u00eas provas com grau crescente de dificuldade, todas online. Se aprovado em cada uma delas, comparado aos pares de outros col\u00e9gios do Brasil, ele segue para uma sele\u00e7\u00e3o presencial e, finalmente, sele\u00e7\u00e3o final e curso preparat\u00f3rio para as competi\u00e7\u00f5es internacionais.<\/p>\n<p>\u201cDurante esse per\u00edodo eu vou me dedicar ao treinamento espec\u00edfico para as provas, com o apoio do Col\u00e9gio e com o conte\u00fado disponibilizado no site\u201d, conta Danilo, 15 anos, aluno do 1\u00ba ano do Ensino M\u00e9dio do Sepam. O estudante tamb\u00e9m cursa o High School, programa de ensino m\u00e9dio americano oferecido pelo Col\u00e9gio em parceria com a Universidade do Missouri (EUA).<\/p>\n<p>Para Matheus Frare, professor do adolescente no curso preparat\u00f3rio do Sepam para a OBA e tamb\u00e9m professor do High School, Danilo tem muita chance de fazer parte dos times oficiais e reservas que representar\u00e3o o Brasil na 11\u00aa Olimp\u00edada Latino-Americana de Astronomia (OLAA) e da 13\u00aa Olimp\u00edada Internacional de Astronomia e Astrof\u00edsica (OIAA), que ser\u00e3o realizadas em 2019 na Hungria e no M\u00e9xico, respectivamente. \u201cDanilo \u00e9 muito dedicado, se destaca em tudo o que faz e tem sempre uma postura que busca ampliar cada vez mais seus conhecimentos. O foco agora ser\u00e1 estudar para as provas seletivas, que s\u00e3o muito exigentes\u201d, explica Frare.<\/p>\n","protected":false},"excerpt":{"rendered":"<p>O aluno Danilo Beltrame ser\u00e1 o \u00fanico de Ponta Grossa a participar das classificat\u00f3rias para a OIAA O aluno pontagrossense Danilo Beltrame, do Col\u00e9gio Sepam, passou para etapa de pr\u00e9-sele\u00e7\u00e3o para compor a equipe brasileira na Olimp\u00edada Internacional de Astronomia e Astron\u00e1utica 2019. O estudante, \u00fanico de Ponta Grossa selecionado, obteve bons resultados na fase [&hellip;]<\/p>\n","protected":false},"author":13,"featured_media":0,"comment_status":"open","ping_status":"open","sticky":false,"template":"","format":"standard","meta":{"footnotes":""},"categories":[21],"tags":[],"class_list":["post-6923","post","type-post","status-publish","format-standard","hentry","category-colegio-sepam"],"yoast_head":"<!-- This site is optimized with the Yoast SEO plugin v28.4 - https:\/\/yoast.com\/product\/yoast-seo-wordpress\/ -->\n<title>Estudante do Sepam \u00e9 selecionado para Olimp\u00edada Internacional de Astronomia e Astron\u00e1utica 2019<\/title>\n<meta name=\"description\" content=\"O aluno Danilo Beltrame ser\u00e1 o \u00fanico de Ponta Grossa a participar das classificat\u00f3rias para a OIAA O aluno pontagrossense Danilo Beltrame, do Col\u00e9gio Sepam, passou para etapa de pr\u00e9-sele\u00e7\u00e3o para compor a equipe brasileira na Olimp\u00edada Internacional de Astronomia e Astron\u00e1utica 2019. O estudante, \u00fanico de Ponta Grossa selecionado, obteve bons resultados na fase&hellip;\" \/>\n<meta name=\"robots\" content=\"index, follow, max-snippet:-1, max-image-preview:large, max-video-preview:-1\" \/>\n<link rel=\"canonical\" href=\"https:\/\/sepam.com.br\/en\/estudante-do-sepam-e-selecionado-para-olimpiada-internacional-de-astronomia-e-astronautica-2019\/\" \/>\n<meta property=\"og:locale\" content=\"en_US\" \/>\n<meta property=\"og:type\" content=\"article\" \/>\n<meta property=\"og:title\" content=\"Estudante do Sepam \u00e9 selecionado para Olimp\u00edada Internacional de Astronomia e Astron\u00e1utica 2019\" \/>\n<meta property=\"og:description\" content=\"O aluno Danilo Beltrame ser\u00e1 o \u00fanico de Ponta Grossa a participar das classificat\u00f3rias para a OIAA O aluno pontagrossense Danilo Beltrame, do Col\u00e9gio Sepam, passou para etapa de pr\u00e9-sele\u00e7\u00e3o para compor a equipe brasileira na Olimp\u00edada Internacional de Astronomia e Astron\u00e1utica 2019. O estudante, \u00fanico de Ponta Grossa selecionado, obteve bons resultados na fase&hellip;\" \/>\n<meta property=\"og:url\" content=\"https:\/\/sepam.com.br\/en\/estudante-do-sepam-e-selecionado-para-olimpiada-internacional-de-astronomia-e-astronautica-2019\/\" \/>\n<meta property=\"og:site_name\" content=\"Col\u00e9gio Sepam\" \/>\n<meta property=\"article:published_time\" content=\"2025-08-28T13:47:12+00:00\" \/>\n<meta property=\"article:modified_time\" content=\"2025-11-24T13:53:37+00:00\" \/>\n<meta name=\"author\" content=\"Sepam\" \/>\n<meta name=\"twitter:card\" content=\"summary_large_image\" \/>\n<meta name=\"twitter:label1\" content=\"Written by\" \/>\n\t<meta name=\"twitter:data1\" content=\"Sepam\" \/>\n\t<meta name=\"twitter:label2\" content=\"Est. reading time\" \/>\n\t<meta name=\"twitter:data2\" content=\"2 minutes\" \/>\n<script type=\"application\/ld+json\" class=\"yoast-schema-graph\">{\"@context\":\"https:\\\/\\\/schema.org\",\"@graph\":[{\"@type\":\"Article\",\"@id\":\"https:\\\/\\\/sepam.com.br\\\/en\\\/estudante-do-sepam-e-selecionado-para-olimpiada-internacional-de-astronomia-e-astronautica-2019\\\/#article\",\"isPartOf\":{\"@id\":\"https:\\\/\\\/sepam.com.br\\\/en\\\/estudante-do-sepam-e-selecionado-para-olimpiada-internacional-de-astronomia-e-astronautica-2019\\\/\"},\"author\":{\"name\":\"Sepam\",\"@id\":\"https:\\\/\\\/sepam.com.br\\\/#\\\/schema\\\/person\\\/bfa2996c649a5a6d822766f6e64eb7fd\"},\"headline\":\"Estudante do Sepam \u00e9 selecionado para Olimp\u00edada Internacional de Astronomia e Astron\u00e1utica 2019\",\"datePublished\":\"2025-08-28T13:47:12+00:00\",\"dateModified\":\"2025-11-24T13:53:37+00:00\",\"mainEntityOfPage\":{\"@id\":\"https:\\\/\\\/sepam.com.br\\\/en\\\/estudante-do-sepam-e-selecionado-para-olimpiada-internacional-de-astronomia-e-astronautica-2019\\\/\"},\"wordCount\":334,\"commentCount\":0,\"publisher\":{\"@id\":\"https:\\\/\\\/sepam.com.br\\\/#organization\"},\"articleSection\":[\"Colegio Sepam\"],\"inLanguage\":\"en-US\",\"potentialAction\":[{\"@type\":\"CommentAction\",\"name\":\"Comment\",\"target\":[\"https:\\\/\\\/sepam.com.br\\\/en\\\/estudante-do-sepam-e-selecionado-para-olimpiada-internacional-de-astronomia-e-astronautica-2019\\\/#respond\"]}]},{\"@type\":\"WebPage\",\"@id\":\"https:\\\/\\\/sepam.com.br\\\/en\\\/estudante-do-sepam-e-selecionado-para-olimpiada-internacional-de-astronomia-e-astronautica-2019\\\/\",\"url\":\"https:\\\/\\\/sepam.com.br\\\/en\\\/estudante-do-sepam-e-selecionado-para-olimpiada-internacional-de-astronomia-e-astronautica-2019\\\/\",\"name\":\"Estudante do Sepam \u00e9 selecionado para Olimp\u00edada Internacional de Astronomia e Astron\u00e1utica 2019 - Col\u00e9gio Sepam\",\"isPartOf\":{\"@id\":\"https:\\\/\\\/sepam.com.br\\\/#website\"},\"datePublished\":\"2025-08-28T13:47:12+00:00\",\"dateModified\":\"2025-11-24T13:53:37+00:00\",\"breadcrumb\":{\"@id\":\"https:\\\/\\\/sepam.com.br\\\/en\\\/estudante-do-sepam-e-selecionado-para-olimpiada-internacional-de-astronomia-e-astronautica-2019\\\/#breadcrumb\"},\"inLanguage\":\"en-US\",\"potentialAction\":[{\"@type\":\"ReadAction\",\"target\":[\"https:\\\/\\\/sepam.com.br\\\/en\\\/estudante-do-sepam-e-selecionado-para-olimpiada-internacional-de-astronomia-e-astronautica-2019\\\/\"]}]},{\"@type\":\"BreadcrumbList\",\"@id\":\"https:\\\/\\\/sepam.com.br\\\/en\\\/estudante-do-sepam-e-selecionado-para-olimpiada-internacional-de-astronomia-e-astronautica-2019\\\/#breadcrumb\",\"itemListElement\":[{\"@type\":\"ListItem\",\"position\":1,\"name\":\"Boas Vindas\",\"item\":\"https:\\\/\\\/sepam.com.br\\\/\"},{\"@type\":\"ListItem\",\"position\":2,\"name\":\"Estudante do Sepam \u00e9 selecionado para Olimp\u00edada Internacional de Astronomia e Astron\u00e1utica 2019\"}]},{\"@type\":\"WebSite\",\"@id\":\"https:\\\/\\\/sepam.com.br\\\/en\\\/#website\",\"url\":\"https:\\\/\\\/sepam.com.br\\\/en\\\/\",\"name\":\"Col\u00e9gio Sepam\",\"description\":\"Ensino Incompar\u00e1vel\",\"publisher\":{\"@id\":\"https:\\\/\\\/sepam.com.br\\\/en\\\/#organization\"},\"potentialAction\":[{\"@type\":\"SearchAction\",\"target\":{\"@type\":\"EntryPoint\",\"urlTemplate\":\"https:\\\/\\\/sepam.com.br\\\/en\\\/?s={search_term_string}\"},\"query-input\":{\"@type\":\"PropertyValueSpecification\",\"valueRequired\":true,\"valueName\":\"search_term_string\"}}],\"inLanguage\":\"en-US\"},{\"@type\":\"Organization\",\"@id\":\"https:\\\/\\\/sepam.com.br\\\/en\\\/#organization\",\"name\":\"Col\u00e9gio Sepam\",\"url\":\"https:\\\/\\\/sepam.com.br\\\/en\\\/\",\"logo\":{\"@type\":\"ImageObject\",\"inLanguage\":\"en-US\",\"@id\":\"https:\\\/\\\/sepam.com.br\\\/en\\\/#\\\/schema\\\/logo\\\/image\\\/\",\"url\":\"https:\\\/\\\/sepam.com.br\\\/wp-content\\\/uploads\\\/2025\\\/02\\\/Ativo-2.png\",\"contentUrl\":\"https:\\\/\\\/sepam.com.br\\\/wp-content\\\/uploads\\\/2025\\\/02\\\/Ativo-2.png\",\"width\":595,\"height\":525,\"caption\":\"Col\u00e9gio Sepam\"},\"image\":{\"@id\":\"https:\\\/\\\/sepam.com.br\\\/en\\\/#\\\/schema\\\/logo\\\/image\\\/\"}},{\"@type\":\"Person\",\"@id\":\"https:\\\/\\\/sepam.com.br\\\/#\\\/schema\\\/person\\\/bfa2996c649a5a6d822766f6e64eb7fd\",\"name\":\"Sepam\",\"image\":{\"@type\":\"ImageObject\",\"inLanguage\":\"en-US\",\"@id\":\"https:\\\/\\\/secure.gravatar.com\\\/avatar\\\/0219e64664f5861998ad57a3432eb4bd5fd99a34c7cc9bc44b3c59dfb830db85?s=96&d=mm&r=g\",\"url\":\"https:\\\/\\\/secure.gravatar.com\\\/avatar\\\/0219e64664f5861998ad57a3432eb4bd5fd99a34c7cc9bc44b3c59dfb830db85?s=96&d=mm&r=g\",\"contentUrl\":\"https:\\\/\\\/secure.gravatar.com\\\/avatar\\\/0219e64664f5861998ad57a3432eb4bd5fd99a34c7cc9bc44b3c59dfb830db85?s=96&d=mm&r=g\",\"caption\":\"Sepam\"},\"url\":\"https:\\\/\\\/sepam.com.br\\\/en\\\/author\\\/sepam\\\/\"}]}<\/script>\n<!-- \/ Yoast SEO plugin. -->","yoast_head_json":{"title":"Estudante do Sepam \u00e9 selecionado para Olimp\u00edada Internacional de Astronomia e Astron\u00e1utica 2019","description":"O aluno Danilo Beltrame ser\u00e1 o \u00fanico de Ponta Grossa a participar das classificat\u00f3rias para a OIAA O aluno pontagrossense Danilo Beltrame, do Col\u00e9gio Sepam, passou para etapa de pr\u00e9-sele\u00e7\u00e3o para compor a equipe brasileira na Olimp\u00edada Internacional de Astronomia e Astron\u00e1utica 2019. O estudante, \u00fanico de Ponta Grossa selecionado, obteve bons resultados na fase&hellip;","robots":{"index":"index","follow":"follow","max-snippet":"max-snippet:-1","max-image-preview":"max-image-preview:large","max-video-preview":"max-video-preview:-1"},"canonical":"https:\/\/sepam.com.br\/en\/estudante-do-sepam-e-selecionado-para-olimpiada-internacional-de-astronomia-e-astronautica-2019\/","og_locale":"en_US","og_type":"article","og_title":"Estudante do Sepam \u00e9 selecionado para Olimp\u00edada Internacional de Astronomia e Astron\u00e1utica 2019","og_description":"O aluno Danilo Beltrame ser\u00e1 o \u00fanico de Ponta Grossa a participar das classificat\u00f3rias para a OIAA O aluno pontagrossense Danilo Beltrame, do Col\u00e9gio Sepam, passou para etapa de pr\u00e9-sele\u00e7\u00e3o para compor a equipe brasileira na Olimp\u00edada Internacional de Astronomia e Astron\u00e1utica 2019. O estudante, \u00fanico de Ponta Grossa selecionado, obteve bons resultados na fase&hellip;","og_url":"https:\/\/sepam.com.br\/en\/estudante-do-sepam-e-selecionado-para-olimpiada-internacional-de-astronomia-e-astronautica-2019\/","og_site_name":"Col\u00e9gio Sepam","article_published_time":"2025-08-28T13:47:12+00:00","article_modified_time":"2025-11-24T13:53:37+00:00","author":"Sepam","twitter_card":"summary_large_image","twitter_misc":{"Written by":"Sepam","Est. reading time":"2 minutes"},"schema":{"@context":"https:\/\/schema.org","@graph":[{"@type":"Article","@id":"https:\/\/sepam.com.br\/en\/estudante-do-sepam-e-selecionado-para-olimpiada-internacional-de-astronomia-e-astronautica-2019\/#article","isPartOf":{"@id":"https:\/\/sepam.com.br\/en\/estudante-do-sepam-e-selecionado-para-olimpiada-internacional-de-astronomia-e-astronautica-2019\/"},"author":{"name":"Sepam","@id":"https:\/\/sepam.com.br\/#\/schema\/person\/bfa2996c649a5a6d822766f6e64eb7fd"},"headline":"Estudante do Sepam \u00e9 selecionado para Olimp\u00edada Internacional de Astronomia e Astron\u00e1utica 2019","datePublished":"2025-08-28T13:47:12+00:00","dateModified":"2025-11-24T13:53:37+00:00","mainEntityOfPage":{"@id":"https:\/\/sepam.com.br\/en\/estudante-do-sepam-e-selecionado-para-olimpiada-internacional-de-astronomia-e-astronautica-2019\/"},"wordCount":334,"commentCount":0,"publisher":{"@id":"https:\/\/sepam.com.br\/#organization"},"articleSection":["Colegio Sepam"],"inLanguage":"en-US","potentialAction":[{"@type":"CommentAction","name":"Comment","target":["https:\/\/sepam.com.br\/en\/estudante-do-sepam-e-selecionado-para-olimpiada-internacional-de-astronomia-e-astronautica-2019\/#respond"]}]},{"@type":"WebPage","@id":"https:\/\/sepam.com.br\/en\/estudante-do-sepam-e-selecionado-para-olimpiada-internacional-de-astronomia-e-astronautica-2019\/","url":"https:\/\/sepam.com.br\/en\/estudante-do-sepam-e-selecionado-para-olimpiada-internacional-de-astronomia-e-astronautica-2019\/","name":"Estudante do Sepam \u00e9 selecionado para Olimp\u00edada Internacional de Astronomia e Astron\u00e1utica 2019 - Col\u00e9gio Sepam","isPartOf":{"@id":"https:\/\/sepam.com.br\/#website"},"datePublished":"2025-08-28T13:47:12+00:00","dateModified":"2025-11-24T13:53:37+00:00","breadcrumb":{"@id":"https:\/\/sepam.com.br\/en\/estudante-do-sepam-e-selecionado-para-olimpiada-internacional-de-astronomia-e-astronautica-2019\/#breadcrumb"},"inLanguage":"en-US","potentialAction":[{"@type":"ReadAction","target":["https:\/\/sepam.com.br\/en\/estudante-do-sepam-e-selecionado-para-olimpiada-internacional-de-astronomia-e-astronautica-2019\/"]}]},{"@type":"BreadcrumbList","@id":"https:\/\/sepam.com.br\/en\/estudante-do-sepam-e-selecionado-para-olimpiada-internacional-de-astronomia-e-astronautica-2019\/#breadcrumb","itemListElement":[{"@type":"ListItem","position":1,"name":"Boas Vindas","item":"https:\/\/sepam.com.br\/"},{"@type":"ListItem","position":2,"name":"Estudante do Sepam \u00e9 selecionado para Olimp\u00edada Internacional de Astronomia e Astron\u00e1utica 2019"}]},{"@type":"WebSite","@id":"https:\/\/sepam.com.br\/en\/#website","url":"https:\/\/sepam.com.br\/en\/","name":"Col\u00e9gio Sepam","description":"Ensino Incompar\u00e1vel","publisher":{"@id":"https:\/\/sepam.com.br\/en\/#organization"},"potentialAction":[{"@type":"SearchAction","target":{"@type":"EntryPoint","urlTemplate":"https:\/\/sepam.com.br\/en\/?s={search_term_string}"},"query-input":{"@type":"PropertyValueSpecification","valueRequired":true,"valueName":"search_term_string"}}],"inLanguage":"en-US"},{"@type":"Organization","@id":"https:\/\/sepam.com.br\/en\/#organization","name":"Col\u00e9gio Sepam","url":"https:\/\/sepam.com.br\/en\/","logo":{"@type":"ImageObject","inLanguage":"en-US","@id":"https:\/\/sepam.com.br\/en\/#\/schema\/logo\/image\/","url":"https:\/\/sepam.com.br\/wp-content\/uploads\/2025\/02\/Ativo-2.png","contentUrl":"https:\/\/sepam.com.br\/wp-content\/uploads\/2025\/02\/Ativo-2.png","width":595,"height":525,"caption":"Col\u00e9gio Sepam"},"image":{"@id":"https:\/\/sepam.com.br\/en\/#\/schema\/logo\/image\/"}},{"@type":"Person","@id":"https:\/\/sepam.com.br\/#\/schema\/person\/bfa2996c649a5a6d822766f6e64eb7fd","name":"Sepam","image":{"@type":"ImageObject","inLanguage":"en-US","@id":"https:\/\/secure.gravatar.com\/avatar\/0219e64664f5861998ad57a3432eb4bd5fd99a34c7cc9bc44b3c59dfb830db85?s=96&d=mm&r=g","url":"https:\/\/secure.gravatar.com\/avatar\/0219e64664f5861998ad57a3432eb4bd5fd99a34c7cc9bc44b3c59dfb830db85?s=96&d=mm&r=g","contentUrl":"https:\/\/secure.gravatar.com\/avatar\/0219e64664f5861998ad57a3432eb4bd5fd99a34c7cc9bc44b3c59dfb830db85?s=96&d=mm&r=g","caption":"Sepam"},"url":"https:\/\/sepam.com.br\/en\/author\/sepam\/"}]}},"_links":{"self":[{"href":"https:\/\/sepam.com.br\/en\/wp-json\/wp\/v2\/posts\/6923","targetHints":{"allow":["GET"]}}],"collection":[{"href":"https:\/\/sepam.com.br\/en\/wp-json\/wp\/v2\/posts"}],"about":[{"href":"https:\/\/sepam.com.br\/en\/wp-json\/wp\/v2\/types\/post"}],"author":[{"embeddable":true,"href":"https:\/\/sepam.com.br\/en\/wp-json\/wp\/v2\/users\/13"}],"replies":[{"embeddable":true,"href":"https:\/\/sepam.com.br\/en\/wp-json\/wp\/v2\/comments?post=6923"}],"version-history":[{"count":1,"href":"https:\/\/sepam.com.br\/en\/wp-json\/wp\/v2\/posts\/6923\/revisions"}],"predecessor-version":[{"id":7427,"href":"https:\/\/sepam.com.br\/en\/wp-json\/wp\/v2\/posts\/6923\/revisions\/7427"}],"wp:attachment":[{"href":"https:\/\/sepam.com.br\/en\/wp-json\/wp\/v2\/media?parent=6923"}],"wp:term":[{"taxonomy":"category","embeddable":true,"href":"https:\/\/sepam.com.br\/en\/wp-json\/wp\/v2\/categories?post=6923"},{"taxonomy":"post_tag","embeddable":true,"href":"https:\/\/sepam.com.br\/en\/wp-json\/wp\/v2\/tags?post=6923"}],"curies":[{"name":"wp","href":"https:\/\/api.w.org\/{rel}","templated":true}]}}