{"id":6922,"date":"2025-08-28T10:47:12","date_gmt":"2025-08-28T13:47:12","guid":{"rendered":"https:\/\/dev.alisonandrei.com.br\/noticia\/alunos-visitam-a-prefeitura-e-a-camara-municipal-de-ponta-grossa\/"},"modified":"2025-11-24T10:53:37","modified_gmt":"2025-11-24T13:53:37","slug":"alunos-visitam-a-prefeitura-e-a-camara-municipal-de-ponta-grossa","status":"publish","type":"post","link":"https:\/\/sepam.com.br\/en\/alunos-visitam-a-prefeitura-e-a-camara-municipal-de-ponta-grossa\/","title":{"rendered":"Alunos visitam a Prefeitura e a C\u00e2mara Municipal de Ponta Grossa"},"content":{"rendered":"<p>Na \u00faltima semana, as turmas do 4\u00ba ano do Ensino Fundamental do Col\u00e9gio Sepam estiveram na Prefeitura e na C\u00e2mara Municipal de Ponta Grossa. A visita fez parte do trabalho realizado em sala de aula sobre os tr\u00eas poderes: Executivo, Legislativo e Judici\u00e1rio e teve o intuito de conscientizar sobre a import\u00e2ncia do voto.<\/p>\n<p>A professora Maira Bus comenta que foi uma experi\u00eancia enriquecedora para as crian\u00e7as. \u201cMuitos estudantes nunca tinham entrado nesses locais. Foi importante eles terem ido at\u00e9 l\u00e1, conhecerem os espa\u00e7os, os secret\u00e1rios, os vereadores e verem que s\u00e3o pessoas comuns, como n\u00f3s, que s\u00e3o eleitas para representar o povo\u201d, explica a professora.<\/p>\n<p>Na Prefeitura, os alunos foram recebidos pelo chefe de gabinete, Alessandro Loss, e puderam entrar na sala onde o prefeito faz suas reuni\u00f5es com os secret\u00e1rios. Eles fizeram questionamentos sobre as propostas e o trabalho do prefeito.<\/p>\n<p>Na C\u00e2mara, as turmas conheceram o plen\u00e1rio e alguns vereadores, com os quais tiraram suas d\u00favidas sobre as leis e as sess\u00f5es.<\/p>\n<blockquote>\n<h4>Confira os registros <a href=\"https:\/\/www.facebook.com\/pg\/sepamcolegio\/photos\/?tab=album&amp;album_id=1679668752162668&amp;__tn__=-UC-R\" target=\"_blank\" rel=\"noopener\">aqui<\/a>.<\/h4>\n<\/blockquote>\n","protected":false},"excerpt":{"rendered":"<p>Na \u00faltima semana, as turmas do 4\u00ba ano do Ensino Fundamental do Col\u00e9gio Sepam estiveram na Prefeitura e na C\u00e2mara Municipal de Ponta Grossa. A visita fez parte do trabalho realizado em sala de aula sobre os tr\u00eas poderes: Executivo, Legislativo e Judici\u00e1rio e teve o intuito de conscientizar sobre a import\u00e2ncia do voto. A [&hellip;]<\/p>\n","protected":false},"author":13,"featured_media":0,"comment_status":"open","ping_status":"open","sticky":false,"template":"","format":"standard","meta":{"footnotes":""},"categories":[21],"tags":[],"class_list":["post-6922","post","type-post","status-publish","format-standard","hentry","category-colegio-sepam"],"yoast_head":"<!-- This site is optimized with the Yoast SEO plugin v28.4 - https:\/\/yoast.com\/product\/yoast-seo-wordpress\/ -->\n<title>Alunos visitam a Prefeitura e a C\u00e2mara Municipal de Ponta Grossa<\/title>\n<meta name=\"description\" content=\"Na \u00faltima semana, as turmas do 4\u00ba ano do Ensino Fundamental do Col\u00e9gio Sepam estiveram na Prefeitura e na C\u00e2mara Municipal de Ponta Grossa. A visita fez parte do trabalho realizado em sala de aula sobre os tr\u00eas poderes: Executivo, Legislativo e Judici\u00e1rio e teve o intuito de conscientizar sobre a import\u00e2ncia do voto. A&hellip;\" \/>\n<meta name=\"robots\" content=\"index, follow, max-snippet:-1, max-image-preview:large, max-video-preview:-1\" \/>\n<link rel=\"canonical\" href=\"https:\/\/sepam.com.br\/en\/alunos-visitam-a-prefeitura-e-a-camara-municipal-de-ponta-grossa\/\" \/>\n<meta property=\"og:locale\" content=\"en_US\" \/>\n<meta property=\"og:type\" content=\"article\" \/>\n<meta property=\"og:title\" content=\"Alunos visitam a Prefeitura e a C\u00e2mara Municipal de Ponta Grossa\" \/>\n<meta property=\"og:description\" content=\"Na \u00faltima semana, as turmas do 4\u00ba ano do Ensino Fundamental do Col\u00e9gio Sepam estiveram na Prefeitura e na C\u00e2mara Municipal de Ponta Grossa. A visita fez parte do trabalho realizado em sala de aula sobre os tr\u00eas poderes: Executivo, Legislativo e Judici\u00e1rio e teve o intuito de conscientizar sobre a import\u00e2ncia do voto. A&hellip;\" \/>\n<meta property=\"og:url\" content=\"https:\/\/sepam.com.br\/en\/alunos-visitam-a-prefeitura-e-a-camara-municipal-de-ponta-grossa\/\" \/>\n<meta property=\"og:site_name\" content=\"Col\u00e9gio Sepam\" \/>\n<meta property=\"article:published_time\" content=\"2025-08-28T13:47:12+00:00\" \/>\n<meta property=\"article:modified_time\" content=\"2025-11-24T13:53:37+00:00\" \/>\n<meta name=\"author\" content=\"Sepam\" \/>\n<meta name=\"twitter:card\" content=\"summary_large_image\" \/>\n<meta name=\"twitter:label1\" content=\"Written by\" \/>\n\t<meta name=\"twitter:data1\" content=\"Sepam\" \/>\n\t<meta name=\"twitter:label2\" content=\"Est. reading time\" \/>\n\t<meta name=\"twitter:data2\" content=\"1 minute\" \/>\n<script type=\"application\/ld+json\" class=\"yoast-schema-graph\">{\"@context\":\"https:\\\/\\\/schema.org\",\"@graph\":[{\"@type\":\"Article\",\"@id\":\"https:\\\/\\\/sepam.com.br\\\/en\\\/alunos-visitam-a-prefeitura-e-a-camara-municipal-de-ponta-grossa\\\/#article\",\"isPartOf\":{\"@id\":\"https:\\\/\\\/sepam.com.br\\\/en\\\/alunos-visitam-a-prefeitura-e-a-camara-municipal-de-ponta-grossa\\\/\"},\"author\":{\"name\":\"Sepam\",\"@id\":\"https:\\\/\\\/sepam.com.br\\\/#\\\/schema\\\/person\\\/bfa2996c649a5a6d822766f6e64eb7fd\"},\"headline\":\"Alunos visitam a Prefeitura e a C\u00e2mara Municipal de Ponta Grossa\",\"datePublished\":\"2025-08-28T13:47:12+00:00\",\"dateModified\":\"2025-11-24T13:53:37+00:00\",\"mainEntityOfPage\":{\"@id\":\"https:\\\/\\\/sepam.com.br\\\/en\\\/alunos-visitam-a-prefeitura-e-a-camara-municipal-de-ponta-grossa\\\/\"},\"wordCount\":198,\"commentCount\":0,\"publisher\":{\"@id\":\"https:\\\/\\\/sepam.com.br\\\/#organization\"},\"articleSection\":[\"Colegio Sepam\"],\"inLanguage\":\"en-US\",\"potentialAction\":[{\"@type\":\"CommentAction\",\"name\":\"Comment\",\"target\":[\"https:\\\/\\\/sepam.com.br\\\/en\\\/alunos-visitam-a-prefeitura-e-a-camara-municipal-de-ponta-grossa\\\/#respond\"]}]},{\"@type\":\"WebPage\",\"@id\":\"https:\\\/\\\/sepam.com.br\\\/en\\\/alunos-visitam-a-prefeitura-e-a-camara-municipal-de-ponta-grossa\\\/\",\"url\":\"https:\\\/\\\/sepam.com.br\\\/en\\\/alunos-visitam-a-prefeitura-e-a-camara-municipal-de-ponta-grossa\\\/\",\"name\":\"Alunos visitam a Prefeitura e a C\u00e2mara Municipal de Ponta Grossa - Col\u00e9gio Sepam\",\"isPartOf\":{\"@id\":\"https:\\\/\\\/sepam.com.br\\\/#website\"},\"datePublished\":\"2025-08-28T13:47:12+00:00\",\"dateModified\":\"2025-11-24T13:53:37+00:00\",\"breadcrumb\":{\"@id\":\"https:\\\/\\\/sepam.com.br\\\/en\\\/alunos-visitam-a-prefeitura-e-a-camara-municipal-de-ponta-grossa\\\/#breadcrumb\"},\"inLanguage\":\"en-US\",\"potentialAction\":[{\"@type\":\"ReadAction\",\"target\":[\"https:\\\/\\\/sepam.com.br\\\/en\\\/alunos-visitam-a-prefeitura-e-a-camara-municipal-de-ponta-grossa\\\/\"]}]},{\"@type\":\"BreadcrumbList\",\"@id\":\"https:\\\/\\\/sepam.com.br\\\/en\\\/alunos-visitam-a-prefeitura-e-a-camara-municipal-de-ponta-grossa\\\/#breadcrumb\",\"itemListElement\":[{\"@type\":\"ListItem\",\"position\":1,\"name\":\"Boas Vindas\",\"item\":\"https:\\\/\\\/sepam.com.br\\\/\"},{\"@type\":\"ListItem\",\"position\":2,\"name\":\"Alunos visitam a Prefeitura e a C\u00e2mara Municipal de Ponta Grossa\"}]},{\"@type\":\"WebSite\",\"@id\":\"https:\\\/\\\/sepam.com.br\\\/en\\\/#website\",\"url\":\"https:\\\/\\\/sepam.com.br\\\/en\\\/\",\"name\":\"Col\u00e9gio Sepam\",\"description\":\"Ensino Incompar\u00e1vel\",\"publisher\":{\"@id\":\"https:\\\/\\\/sepam.com.br\\\/en\\\/#organization\"},\"potentialAction\":[{\"@type\":\"SearchAction\",\"target\":{\"@type\":\"EntryPoint\",\"urlTemplate\":\"https:\\\/\\\/sepam.com.br\\\/en\\\/?s={search_term_string}\"},\"query-input\":{\"@type\":\"PropertyValueSpecification\",\"valueRequired\":true,\"valueName\":\"search_term_string\"}}],\"inLanguage\":\"en-US\"},{\"@type\":\"Organization\",\"@id\":\"https:\\\/\\\/sepam.com.br\\\/en\\\/#organization\",\"name\":\"Col\u00e9gio Sepam\",\"url\":\"https:\\\/\\\/sepam.com.br\\\/en\\\/\",\"logo\":{\"@type\":\"ImageObject\",\"inLanguage\":\"en-US\",\"@id\":\"https:\\\/\\\/sepam.com.br\\\/en\\\/#\\\/schema\\\/logo\\\/image\\\/\",\"url\":\"https:\\\/\\\/sepam.com.br\\\/wp-content\\\/uploads\\\/2025\\\/02\\\/Ativo-2.png\",\"contentUrl\":\"https:\\\/\\\/sepam.com.br\\\/wp-content\\\/uploads\\\/2025\\\/02\\\/Ativo-2.png\",\"width\":595,\"height\":525,\"caption\":\"Col\u00e9gio Sepam\"},\"image\":{\"@id\":\"https:\\\/\\\/sepam.com.br\\\/en\\\/#\\\/schema\\\/logo\\\/image\\\/\"}},{\"@type\":\"Person\",\"@id\":\"https:\\\/\\\/sepam.com.br\\\/#\\\/schema\\\/person\\\/bfa2996c649a5a6d822766f6e64eb7fd\",\"name\":\"Sepam\",\"image\":{\"@type\":\"ImageObject\",\"inLanguage\":\"en-US\",\"@id\":\"https:\\\/\\\/secure.gravatar.com\\\/avatar\\\/0219e64664f5861998ad57a3432eb4bd5fd99a34c7cc9bc44b3c59dfb830db85?s=96&d=mm&r=g\",\"url\":\"https:\\\/\\\/secure.gravatar.com\\\/avatar\\\/0219e64664f5861998ad57a3432eb4bd5fd99a34c7cc9bc44b3c59dfb830db85?s=96&d=mm&r=g\",\"contentUrl\":\"https:\\\/\\\/secure.gravatar.com\\\/avatar\\\/0219e64664f5861998ad57a3432eb4bd5fd99a34c7cc9bc44b3c59dfb830db85?s=96&d=mm&r=g\",\"caption\":\"Sepam\"},\"url\":\"https:\\\/\\\/sepam.com.br\\\/en\\\/author\\\/sepam\\\/\"}]}<\/script>\n<!-- \/ Yoast SEO plugin. -->","yoast_head_json":{"title":"Alunos visitam a Prefeitura e a C\u00e2mara Municipal de Ponta Grossa","description":"Na \u00faltima semana, as turmas do 4\u00ba ano do Ensino Fundamental do Col\u00e9gio Sepam estiveram na Prefeitura e na C\u00e2mara Municipal de Ponta Grossa. A visita fez parte do trabalho realizado em sala de aula sobre os tr\u00eas poderes: Executivo, Legislativo e Judici\u00e1rio e teve o intuito de conscientizar sobre a import\u00e2ncia do voto. A&hellip;","robots":{"index":"index","follow":"follow","max-snippet":"max-snippet:-1","max-image-preview":"max-image-preview:large","max-video-preview":"max-video-preview:-1"},"canonical":"https:\/\/sepam.com.br\/en\/alunos-visitam-a-prefeitura-e-a-camara-municipal-de-ponta-grossa\/","og_locale":"en_US","og_type":"article","og_title":"Alunos visitam a Prefeitura e a C\u00e2mara Municipal de Ponta Grossa","og_description":"Na \u00faltima semana, as turmas do 4\u00ba ano do Ensino Fundamental do Col\u00e9gio Sepam estiveram na Prefeitura e na C\u00e2mara Municipal de Ponta Grossa. A visita fez parte do trabalho realizado em sala de aula sobre os tr\u00eas poderes: Executivo, Legislativo e Judici\u00e1rio e teve o intuito de conscientizar sobre a import\u00e2ncia do voto. A&hellip;","og_url":"https:\/\/sepam.com.br\/en\/alunos-visitam-a-prefeitura-e-a-camara-municipal-de-ponta-grossa\/","og_site_name":"Col\u00e9gio Sepam","article_published_time":"2025-08-28T13:47:12+00:00","article_modified_time":"2025-11-24T13:53:37+00:00","author":"Sepam","twitter_card":"summary_large_image","twitter_misc":{"Written by":"Sepam","Est. reading time":"1 minute"},"schema":{"@context":"https:\/\/schema.org","@graph":[{"@type":"Article","@id":"https:\/\/sepam.com.br\/en\/alunos-visitam-a-prefeitura-e-a-camara-municipal-de-ponta-grossa\/#article","isPartOf":{"@id":"https:\/\/sepam.com.br\/en\/alunos-visitam-a-prefeitura-e-a-camara-municipal-de-ponta-grossa\/"},"author":{"name":"Sepam","@id":"https:\/\/sepam.com.br\/#\/schema\/person\/bfa2996c649a5a6d822766f6e64eb7fd"},"headline":"Alunos visitam a Prefeitura e a C\u00e2mara Municipal de Ponta Grossa","datePublished":"2025-08-28T13:47:12+00:00","dateModified":"2025-11-24T13:53:37+00:00","mainEntityOfPage":{"@id":"https:\/\/sepam.com.br\/en\/alunos-visitam-a-prefeitura-e-a-camara-municipal-de-ponta-grossa\/"},"wordCount":198,"commentCount":0,"publisher":{"@id":"https:\/\/sepam.com.br\/#organization"},"articleSection":["Colegio Sepam"],"inLanguage":"en-US","potentialAction":[{"@type":"CommentAction","name":"Comment","target":["https:\/\/sepam.com.br\/en\/alunos-visitam-a-prefeitura-e-a-camara-municipal-de-ponta-grossa\/#respond"]}]},{"@type":"WebPage","@id":"https:\/\/sepam.com.br\/en\/alunos-visitam-a-prefeitura-e-a-camara-municipal-de-ponta-grossa\/","url":"https:\/\/sepam.com.br\/en\/alunos-visitam-a-prefeitura-e-a-camara-municipal-de-ponta-grossa\/","name":"Alunos visitam a Prefeitura e a C\u00e2mara Municipal de Ponta Grossa - Col\u00e9gio Sepam","isPartOf":{"@id":"https:\/\/sepam.com.br\/#website"},"datePublished":"2025-08-28T13:47:12+00:00","dateModified":"2025-11-24T13:53:37+00:00","breadcrumb":{"@id":"https:\/\/sepam.com.br\/en\/alunos-visitam-a-prefeitura-e-a-camara-municipal-de-ponta-grossa\/#breadcrumb"},"inLanguage":"en-US","potentialAction":[{"@type":"ReadAction","target":["https:\/\/sepam.com.br\/en\/alunos-visitam-a-prefeitura-e-a-camara-municipal-de-ponta-grossa\/"]}]},{"@type":"BreadcrumbList","@id":"https:\/\/sepam.com.br\/en\/alunos-visitam-a-prefeitura-e-a-camara-municipal-de-ponta-grossa\/#breadcrumb","itemListElement":[{"@type":"ListItem","position":1,"name":"Boas Vindas","item":"https:\/\/sepam.com.br\/"},{"@type":"ListItem","position":2,"name":"Alunos visitam a Prefeitura e a C\u00e2mara Municipal de Ponta Grossa"}]},{"@type":"WebSite","@id":"https:\/\/sepam.com.br\/en\/#website","url":"https:\/\/sepam.com.br\/en\/","name":"Col\u00e9gio Sepam","description":"Ensino Incompar\u00e1vel","publisher":{"@id":"https:\/\/sepam.com.br\/en\/#organization"},"potentialAction":[{"@type":"SearchAction","target":{"@type":"EntryPoint","urlTemplate":"https:\/\/sepam.com.br\/en\/?s={search_term_string}"},"query-input":{"@type":"PropertyValueSpecification","valueRequired":true,"valueName":"search_term_string"}}],"inLanguage":"en-US"},{"@type":"Organization","@id":"https:\/\/sepam.com.br\/en\/#organization","name":"Col\u00e9gio Sepam","url":"https:\/\/sepam.com.br\/en\/","logo":{"@type":"ImageObject","inLanguage":"en-US","@id":"https:\/\/sepam.com.br\/en\/#\/schema\/logo\/image\/","url":"https:\/\/sepam.com.br\/wp-content\/uploads\/2025\/02\/Ativo-2.png","contentUrl":"https:\/\/sepam.com.br\/wp-content\/uploads\/2025\/02\/Ativo-2.png","width":595,"height":525,"caption":"Col\u00e9gio Sepam"},"image":{"@id":"https:\/\/sepam.com.br\/en\/#\/schema\/logo\/image\/"}},{"@type":"Person","@id":"https:\/\/sepam.com.br\/#\/schema\/person\/bfa2996c649a5a6d822766f6e64eb7fd","name":"Sepam","image":{"@type":"ImageObject","inLanguage":"en-US","@id":"https:\/\/secure.gravatar.com\/avatar\/0219e64664f5861998ad57a3432eb4bd5fd99a34c7cc9bc44b3c59dfb830db85?s=96&d=mm&r=g","url":"https:\/\/secure.gravatar.com\/avatar\/0219e64664f5861998ad57a3432eb4bd5fd99a34c7cc9bc44b3c59dfb830db85?s=96&d=mm&r=g","contentUrl":"https:\/\/secure.gravatar.com\/avatar\/0219e64664f5861998ad57a3432eb4bd5fd99a34c7cc9bc44b3c59dfb830db85?s=96&d=mm&r=g","caption":"Sepam"},"url":"https:\/\/sepam.com.br\/en\/author\/sepam\/"}]}},"_links":{"self":[{"href":"https:\/\/sepam.com.br\/en\/wp-json\/wp\/v2\/posts\/6922","targetHints":{"allow":["GET"]}}],"collection":[{"href":"https:\/\/sepam.com.br\/en\/wp-json\/wp\/v2\/posts"}],"about":[{"href":"https:\/\/sepam.com.br\/en\/wp-json\/wp\/v2\/types\/post"}],"author":[{"embeddable":true,"href":"https:\/\/sepam.com.br\/en\/wp-json\/wp\/v2\/users\/13"}],"replies":[{"embeddable":true,"href":"https:\/\/sepam.com.br\/en\/wp-json\/wp\/v2\/comments?post=6922"}],"version-history":[{"count":1,"href":"https:\/\/sepam.com.br\/en\/wp-json\/wp\/v2\/posts\/6922\/revisions"}],"predecessor-version":[{"id":7426,"href":"https:\/\/sepam.com.br\/en\/wp-json\/wp\/v2\/posts\/6922\/revisions\/7426"}],"wp:attachment":[{"href":"https:\/\/sepam.com.br\/en\/wp-json\/wp\/v2\/media?parent=6922"}],"wp:term":[{"taxonomy":"category","embeddable":true,"href":"https:\/\/sepam.com.br\/en\/wp-json\/wp\/v2\/categories?post=6922"},{"taxonomy":"post_tag","embeddable":true,"href":"https:\/\/sepam.com.br\/en\/wp-json\/wp\/v2\/tags?post=6922"}],"curies":[{"name":"wp","href":"https:\/\/api.w.org\/{rel}","templated":true}]}}