{"id":6920,"date":"2025-08-28T10:47:12","date_gmt":"2025-08-28T13:47:12","guid":{"rendered":"https:\/\/dev.alisonandrei.com.br\/noticia\/educacao-infantil-apresenta-o-tema-cinema-na-feira-da-cultura-sepam\/"},"modified":"2025-11-24T10:53:37","modified_gmt":"2025-11-24T13:53:37","slug":"educacao-infantil-apresenta-o-tema-cinema-na-feira-da-cultura-sepam","status":"publish","type":"post","link":"https:\/\/sepam.com.br\/en\/educacao-infantil-apresenta-o-tema-cinema-na-feira-da-cultura-sepam\/","title":{"rendered":"Educa\u00e7\u00e3o Infantil apresenta o tema \u201ccinema\u201d na Feira da Cultura Sepam"},"content":{"rendered":"<p><em>Exposi\u00e7\u00e3o de trabalhos ser\u00e1 aberta aos familiares das crian\u00e7as. No registro, as turmas do Infantil 3 durante a realiza\u00e7\u00e3o de uma atividade sobre o filme Ratatouille<\/em><\/p>\n<p>Entre os dias 11 e 14 de setembro acontece a Feira da Cultura 2018 das turmas da Educa\u00e7\u00e3o Infantil do Col\u00e9gio Sepam. Com o tema cinema, cada grupo explorou um filme e realizou diversas atividades referentes ao que observaram no filme que assistiram. Os trabalhos ser\u00e3o expostos no hall do pr\u00e9dio da educa\u00e7\u00e3o infantil, com visita aberta aos pais nos hor\u00e1rios de entrada (12:45 \u00e0s 13:15) e de sa\u00edda (17:30 \u00e0s 18:15) das aulas.<\/p>\n<p>O evento \u00e9 uma atividade complementar, que proporciona \u00e0s crian\u00e7as o aprendizado de temas do cotidiano de forma ativa e din\u00e2mica. \u201cAs atividades art\u00edsticas e os brinquedos elaborados pelas crian\u00e7as foram baseados nas cenas dos filmes, de modo que conseguiram concretizar o que assistiram enriquecendo ainda mais o aprendizado\u201d, explica a coordenadora da Educa\u00e7\u00e3o Infantil, K\u00e1tia Moro.<\/p>\n<p>As turmas do Infantil 2 trabalharam com os filmes \u201cProcurando Nemo\u201d e \u201cProcurando Dory\u201d. A partir delesas professoras ensinaram sobre caracter\u00edsticas, cores, formas e habitat dos animais marinhos. As atividades exploraram coordena\u00e7\u00e3o motora fina, linguagem oral, concentra\u00e7\u00e3o e memoriza\u00e7\u00e3o, al\u00e9m das quest\u00f5es afetivas e familiares que envolvem a trama.<\/p>\n<p>No Infantil 3, com o filme \u201cRatatouille\u201d, as professoras trabalharam os cinco sentidos, a coordena\u00e7\u00e3o motora, os h\u00e1bitos de higiene e a origem dos alimentos. As crian\u00e7as tamb\u00e9m participaram de v\u00e1rias aulas de culin\u00e1ria e se divertiram com brincadeiras que envolviam as personagens do filme.<\/p>\n<p>No Infantil 4 o filme trabalhado foi \u201cMeu Malvado Favorito\u201d com o intuito de ensinar a boa conviv\u00eancia entre os amigos, a solidariedade e o respeito \u00e0s diferen\u00e7as. Com as atividades realizadas as crian\u00e7as aprenderam sobre os cuidados com as plantas, participaram de brincadeiras e participaram de uma oficina de constru\u00e7\u00e3o de brinquedos com material sucata. Al\u00e9m disso, a tem\u00e1tica proporcionou o trabalho com matem\u00e1tica e m\u00fasica.<\/p>\n<p>Para conhecer um pouco sobre a fauna e a flora brasileira, os alunos do Infantil 5 trabalharam com o filme \u201cRio\u201d. As atividades realizadas destacaram animais que est\u00e3o em extin\u00e7\u00e3o no Brasil, a import\u00e2ncia da preserva\u00e7\u00e3o da natureza e os principais pontos tur\u00edsticos do Rio de Janeiro.<\/p>\n<blockquote>\n<h4>Confira os registros:<\/h4>\n<h4><a href=\"https:\/\/www.facebook.com\/pg\/sepamcolegio\/photos\/?tab=album&amp;album_id=1671458196317057&amp;__tn__=-UC-R\" target=\"_blank\" rel=\"noopener\">Infantil II<\/a><\/h4>\n<h4><a href=\"https:\/\/www.facebook.com\/pg\/sepamcolegio\/photos\/?tab=album&amp;album_id=1671467386316138&amp;__tn__=-UC-R\" target=\"_blank\" rel=\"noopener\">Infantil III<\/a><\/h4>\n<h4><a href=\"https:\/\/www.facebook.com\/sepamcolegio\/\" target=\"_blank\" rel=\"noopener\">Infantil IV<\/a><\/h4>\n<h4><a href=\"https:\/\/www.facebook.com\/sepamcolegio\/\" target=\"_blank\" rel=\"noopener\">Infantil V<\/a><\/h4>\n<\/blockquote>\n","protected":false},"excerpt":{"rendered":"<p>Exposi\u00e7\u00e3o de trabalhos ser\u00e1 aberta aos familiares das crian\u00e7as. No registro, as turmas do Infantil 3 durante a realiza\u00e7\u00e3o de uma atividade sobre o filme Ratatouille Entre os dias 11 e 14 de setembro acontece a Feira da Cultura 2018 das turmas da Educa\u00e7\u00e3o Infantil do Col\u00e9gio Sepam. Com o tema cinema, cada grupo explorou [&hellip;]<\/p>\n","protected":false},"author":13,"featured_media":0,"comment_status":"open","ping_status":"open","sticky":false,"template":"","format":"standard","meta":{"footnotes":""},"categories":[21],"tags":[],"class_list":["post-6920","post","type-post","status-publish","format-standard","hentry","category-colegio-sepam"],"yoast_head":"<!-- This site is optimized with the Yoast SEO plugin v28.4 - https:\/\/yoast.com\/product\/yoast-seo-wordpress\/ -->\n<title>Educa\u00e7\u00e3o Infantil apresenta o tema \u201ccinema\u201d na Feira da Cultura Sepam<\/title>\n<meta name=\"description\" content=\"Exposi\u00e7\u00e3o de trabalhos ser\u00e1 aberta aos familiares das crian\u00e7as. No registro, as turmas do Infantil 3 durante a realiza\u00e7\u00e3o de uma atividade sobre o filme Ratatouille Entre os dias 11 e 14 de setembro acontece a Feira da Cultura 2018 das turmas da Educa\u00e7\u00e3o Infantil do Col\u00e9gio Sepam. Com o tema cinema, cada grupo explorou&hellip;\" \/>\n<meta name=\"robots\" content=\"index, follow, max-snippet:-1, max-image-preview:large, max-video-preview:-1\" \/>\n<link rel=\"canonical\" href=\"https:\/\/sepam.com.br\/en\/educacao-infantil-apresenta-o-tema-cinema-na-feira-da-cultura-sepam\/\" \/>\n<meta property=\"og:locale\" content=\"en_US\" \/>\n<meta property=\"og:type\" content=\"article\" \/>\n<meta property=\"og:title\" content=\"Educa\u00e7\u00e3o Infantil apresenta o tema \u201ccinema\u201d na Feira da Cultura Sepam\" \/>\n<meta property=\"og:description\" content=\"Exposi\u00e7\u00e3o de trabalhos ser\u00e1 aberta aos familiares das crian\u00e7as. No registro, as turmas do Infantil 3 durante a realiza\u00e7\u00e3o de uma atividade sobre o filme Ratatouille Entre os dias 11 e 14 de setembro acontece a Feira da Cultura 2018 das turmas da Educa\u00e7\u00e3o Infantil do Col\u00e9gio Sepam. Com o tema cinema, cada grupo explorou&hellip;\" \/>\n<meta property=\"og:url\" content=\"https:\/\/sepam.com.br\/en\/educacao-infantil-apresenta-o-tema-cinema-na-feira-da-cultura-sepam\/\" \/>\n<meta property=\"og:site_name\" content=\"Col\u00e9gio Sepam\" \/>\n<meta property=\"article:published_time\" content=\"2025-08-28T13:47:12+00:00\" \/>\n<meta property=\"article:modified_time\" content=\"2025-11-24T13:53:37+00:00\" \/>\n<meta name=\"author\" content=\"Sepam\" \/>\n<meta name=\"twitter:card\" content=\"summary_large_image\" \/>\n<meta name=\"twitter:label1\" content=\"Written by\" \/>\n\t<meta name=\"twitter:data1\" content=\"Sepam\" \/>\n\t<meta name=\"twitter:label2\" content=\"Est. reading time\" \/>\n\t<meta name=\"twitter:data2\" content=\"2 minutes\" \/>\n<script type=\"application\/ld+json\" class=\"yoast-schema-graph\">{\"@context\":\"https:\\\/\\\/schema.org\",\"@graph\":[{\"@type\":\"Article\",\"@id\":\"https:\\\/\\\/sepam.com.br\\\/en\\\/educacao-infantil-apresenta-o-tema-cinema-na-feira-da-cultura-sepam\\\/#article\",\"isPartOf\":{\"@id\":\"https:\\\/\\\/sepam.com.br\\\/en\\\/educacao-infantil-apresenta-o-tema-cinema-na-feira-da-cultura-sepam\\\/\"},\"author\":{\"name\":\"Sepam\",\"@id\":\"https:\\\/\\\/sepam.com.br\\\/#\\\/schema\\\/person\\\/bfa2996c649a5a6d822766f6e64eb7fd\"},\"headline\":\"Educa\u00e7\u00e3o Infantil apresenta o tema \u201ccinema\u201d na Feira da Cultura Sepam\",\"datePublished\":\"2025-08-28T13:47:12+00:00\",\"dateModified\":\"2025-11-24T13:53:37+00:00\",\"mainEntityOfPage\":{\"@id\":\"https:\\\/\\\/sepam.com.br\\\/en\\\/educacao-infantil-apresenta-o-tema-cinema-na-feira-da-cultura-sepam\\\/\"},\"wordCount\":416,\"commentCount\":0,\"publisher\":{\"@id\":\"https:\\\/\\\/sepam.com.br\\\/#organization\"},\"articleSection\":[\"Colegio Sepam\"],\"inLanguage\":\"en-US\",\"potentialAction\":[{\"@type\":\"CommentAction\",\"name\":\"Comment\",\"target\":[\"https:\\\/\\\/sepam.com.br\\\/en\\\/educacao-infantil-apresenta-o-tema-cinema-na-feira-da-cultura-sepam\\\/#respond\"]}]},{\"@type\":\"WebPage\",\"@id\":\"https:\\\/\\\/sepam.com.br\\\/en\\\/educacao-infantil-apresenta-o-tema-cinema-na-feira-da-cultura-sepam\\\/\",\"url\":\"https:\\\/\\\/sepam.com.br\\\/en\\\/educacao-infantil-apresenta-o-tema-cinema-na-feira-da-cultura-sepam\\\/\",\"name\":\"Educa\u00e7\u00e3o Infantil apresenta o tema \u201ccinema\u201d na Feira da Cultura Sepam - Col\u00e9gio Sepam\",\"isPartOf\":{\"@id\":\"https:\\\/\\\/sepam.com.br\\\/#website\"},\"datePublished\":\"2025-08-28T13:47:12+00:00\",\"dateModified\":\"2025-11-24T13:53:37+00:00\",\"breadcrumb\":{\"@id\":\"https:\\\/\\\/sepam.com.br\\\/en\\\/educacao-infantil-apresenta-o-tema-cinema-na-feira-da-cultura-sepam\\\/#breadcrumb\"},\"inLanguage\":\"en-US\",\"potentialAction\":[{\"@type\":\"ReadAction\",\"target\":[\"https:\\\/\\\/sepam.com.br\\\/en\\\/educacao-infantil-apresenta-o-tema-cinema-na-feira-da-cultura-sepam\\\/\"]}]},{\"@type\":\"BreadcrumbList\",\"@id\":\"https:\\\/\\\/sepam.com.br\\\/en\\\/educacao-infantil-apresenta-o-tema-cinema-na-feira-da-cultura-sepam\\\/#breadcrumb\",\"itemListElement\":[{\"@type\":\"ListItem\",\"position\":1,\"name\":\"Boas Vindas\",\"item\":\"https:\\\/\\\/sepam.com.br\\\/\"},{\"@type\":\"ListItem\",\"position\":2,\"name\":\"Educa\u00e7\u00e3o Infantil apresenta o tema \u201ccinema\u201d na Feira da Cultura Sepam\"}]},{\"@type\":\"WebSite\",\"@id\":\"https:\\\/\\\/sepam.com.br\\\/en\\\/#website\",\"url\":\"https:\\\/\\\/sepam.com.br\\\/en\\\/\",\"name\":\"Col\u00e9gio Sepam\",\"description\":\"Ensino Incompar\u00e1vel\",\"publisher\":{\"@id\":\"https:\\\/\\\/sepam.com.br\\\/en\\\/#organization\"},\"potentialAction\":[{\"@type\":\"SearchAction\",\"target\":{\"@type\":\"EntryPoint\",\"urlTemplate\":\"https:\\\/\\\/sepam.com.br\\\/en\\\/?s={search_term_string}\"},\"query-input\":{\"@type\":\"PropertyValueSpecification\",\"valueRequired\":true,\"valueName\":\"search_term_string\"}}],\"inLanguage\":\"en-US\"},{\"@type\":\"Organization\",\"@id\":\"https:\\\/\\\/sepam.com.br\\\/en\\\/#organization\",\"name\":\"Col\u00e9gio Sepam\",\"url\":\"https:\\\/\\\/sepam.com.br\\\/en\\\/\",\"logo\":{\"@type\":\"ImageObject\",\"inLanguage\":\"en-US\",\"@id\":\"https:\\\/\\\/sepam.com.br\\\/en\\\/#\\\/schema\\\/logo\\\/image\\\/\",\"url\":\"https:\\\/\\\/sepam.com.br\\\/wp-content\\\/uploads\\\/2025\\\/02\\\/Ativo-2.png\",\"contentUrl\":\"https:\\\/\\\/sepam.com.br\\\/wp-content\\\/uploads\\\/2025\\\/02\\\/Ativo-2.png\",\"width\":595,\"height\":525,\"caption\":\"Col\u00e9gio Sepam\"},\"image\":{\"@id\":\"https:\\\/\\\/sepam.com.br\\\/en\\\/#\\\/schema\\\/logo\\\/image\\\/\"}},{\"@type\":\"Person\",\"@id\":\"https:\\\/\\\/sepam.com.br\\\/#\\\/schema\\\/person\\\/bfa2996c649a5a6d822766f6e64eb7fd\",\"name\":\"Sepam\",\"image\":{\"@type\":\"ImageObject\",\"inLanguage\":\"en-US\",\"@id\":\"https:\\\/\\\/secure.gravatar.com\\\/avatar\\\/0219e64664f5861998ad57a3432eb4bd5fd99a34c7cc9bc44b3c59dfb830db85?s=96&d=mm&r=g\",\"url\":\"https:\\\/\\\/secure.gravatar.com\\\/avatar\\\/0219e64664f5861998ad57a3432eb4bd5fd99a34c7cc9bc44b3c59dfb830db85?s=96&d=mm&r=g\",\"contentUrl\":\"https:\\\/\\\/secure.gravatar.com\\\/avatar\\\/0219e64664f5861998ad57a3432eb4bd5fd99a34c7cc9bc44b3c59dfb830db85?s=96&d=mm&r=g\",\"caption\":\"Sepam\"},\"url\":\"https:\\\/\\\/sepam.com.br\\\/en\\\/author\\\/sepam\\\/\"}]}<\/script>\n<!-- \/ Yoast SEO plugin. -->","yoast_head_json":{"title":"Educa\u00e7\u00e3o Infantil apresenta o tema \u201ccinema\u201d na Feira da Cultura Sepam","description":"Exposi\u00e7\u00e3o de trabalhos ser\u00e1 aberta aos familiares das crian\u00e7as. No registro, as turmas do Infantil 3 durante a realiza\u00e7\u00e3o de uma atividade sobre o filme Ratatouille Entre os dias 11 e 14 de setembro acontece a Feira da Cultura 2018 das turmas da Educa\u00e7\u00e3o Infantil do Col\u00e9gio Sepam. Com o tema cinema, cada grupo explorou&hellip;","robots":{"index":"index","follow":"follow","max-snippet":"max-snippet:-1","max-image-preview":"max-image-preview:large","max-video-preview":"max-video-preview:-1"},"canonical":"https:\/\/sepam.com.br\/en\/educacao-infantil-apresenta-o-tema-cinema-na-feira-da-cultura-sepam\/","og_locale":"en_US","og_type":"article","og_title":"Educa\u00e7\u00e3o Infantil apresenta o tema \u201ccinema\u201d na Feira da Cultura Sepam","og_description":"Exposi\u00e7\u00e3o de trabalhos ser\u00e1 aberta aos familiares das crian\u00e7as. No registro, as turmas do Infantil 3 durante a realiza\u00e7\u00e3o de uma atividade sobre o filme Ratatouille Entre os dias 11 e 14 de setembro acontece a Feira da Cultura 2018 das turmas da Educa\u00e7\u00e3o Infantil do Col\u00e9gio Sepam. Com o tema cinema, cada grupo explorou&hellip;","og_url":"https:\/\/sepam.com.br\/en\/educacao-infantil-apresenta-o-tema-cinema-na-feira-da-cultura-sepam\/","og_site_name":"Col\u00e9gio Sepam","article_published_time":"2025-08-28T13:47:12+00:00","article_modified_time":"2025-11-24T13:53:37+00:00","author":"Sepam","twitter_card":"summary_large_image","twitter_misc":{"Written by":"Sepam","Est. reading time":"2 minutes"},"schema":{"@context":"https:\/\/schema.org","@graph":[{"@type":"Article","@id":"https:\/\/sepam.com.br\/en\/educacao-infantil-apresenta-o-tema-cinema-na-feira-da-cultura-sepam\/#article","isPartOf":{"@id":"https:\/\/sepam.com.br\/en\/educacao-infantil-apresenta-o-tema-cinema-na-feira-da-cultura-sepam\/"},"author":{"name":"Sepam","@id":"https:\/\/sepam.com.br\/#\/schema\/person\/bfa2996c649a5a6d822766f6e64eb7fd"},"headline":"Educa\u00e7\u00e3o Infantil apresenta o tema \u201ccinema\u201d na Feira da Cultura Sepam","datePublished":"2025-08-28T13:47:12+00:00","dateModified":"2025-11-24T13:53:37+00:00","mainEntityOfPage":{"@id":"https:\/\/sepam.com.br\/en\/educacao-infantil-apresenta-o-tema-cinema-na-feira-da-cultura-sepam\/"},"wordCount":416,"commentCount":0,"publisher":{"@id":"https:\/\/sepam.com.br\/#organization"},"articleSection":["Colegio Sepam"],"inLanguage":"en-US","potentialAction":[{"@type":"CommentAction","name":"Comment","target":["https:\/\/sepam.com.br\/en\/educacao-infantil-apresenta-o-tema-cinema-na-feira-da-cultura-sepam\/#respond"]}]},{"@type":"WebPage","@id":"https:\/\/sepam.com.br\/en\/educacao-infantil-apresenta-o-tema-cinema-na-feira-da-cultura-sepam\/","url":"https:\/\/sepam.com.br\/en\/educacao-infantil-apresenta-o-tema-cinema-na-feira-da-cultura-sepam\/","name":"Educa\u00e7\u00e3o Infantil apresenta o tema \u201ccinema\u201d na Feira da Cultura Sepam - Col\u00e9gio Sepam","isPartOf":{"@id":"https:\/\/sepam.com.br\/#website"},"datePublished":"2025-08-28T13:47:12+00:00","dateModified":"2025-11-24T13:53:37+00:00","breadcrumb":{"@id":"https:\/\/sepam.com.br\/en\/educacao-infantil-apresenta-o-tema-cinema-na-feira-da-cultura-sepam\/#breadcrumb"},"inLanguage":"en-US","potentialAction":[{"@type":"ReadAction","target":["https:\/\/sepam.com.br\/en\/educacao-infantil-apresenta-o-tema-cinema-na-feira-da-cultura-sepam\/"]}]},{"@type":"BreadcrumbList","@id":"https:\/\/sepam.com.br\/en\/educacao-infantil-apresenta-o-tema-cinema-na-feira-da-cultura-sepam\/#breadcrumb","itemListElement":[{"@type":"ListItem","position":1,"name":"Boas Vindas","item":"https:\/\/sepam.com.br\/"},{"@type":"ListItem","position":2,"name":"Educa\u00e7\u00e3o Infantil apresenta o tema \u201ccinema\u201d na Feira da Cultura Sepam"}]},{"@type":"WebSite","@id":"https:\/\/sepam.com.br\/en\/#website","url":"https:\/\/sepam.com.br\/en\/","name":"Col\u00e9gio Sepam","description":"Ensino Incompar\u00e1vel","publisher":{"@id":"https:\/\/sepam.com.br\/en\/#organization"},"potentialAction":[{"@type":"SearchAction","target":{"@type":"EntryPoint","urlTemplate":"https:\/\/sepam.com.br\/en\/?s={search_term_string}"},"query-input":{"@type":"PropertyValueSpecification","valueRequired":true,"valueName":"search_term_string"}}],"inLanguage":"en-US"},{"@type":"Organization","@id":"https:\/\/sepam.com.br\/en\/#organization","name":"Col\u00e9gio Sepam","url":"https:\/\/sepam.com.br\/en\/","logo":{"@type":"ImageObject","inLanguage":"en-US","@id":"https:\/\/sepam.com.br\/en\/#\/schema\/logo\/image\/","url":"https:\/\/sepam.com.br\/wp-content\/uploads\/2025\/02\/Ativo-2.png","contentUrl":"https:\/\/sepam.com.br\/wp-content\/uploads\/2025\/02\/Ativo-2.png","width":595,"height":525,"caption":"Col\u00e9gio Sepam"},"image":{"@id":"https:\/\/sepam.com.br\/en\/#\/schema\/logo\/image\/"}},{"@type":"Person","@id":"https:\/\/sepam.com.br\/#\/schema\/person\/bfa2996c649a5a6d822766f6e64eb7fd","name":"Sepam","image":{"@type":"ImageObject","inLanguage":"en-US","@id":"https:\/\/secure.gravatar.com\/avatar\/0219e64664f5861998ad57a3432eb4bd5fd99a34c7cc9bc44b3c59dfb830db85?s=96&d=mm&r=g","url":"https:\/\/secure.gravatar.com\/avatar\/0219e64664f5861998ad57a3432eb4bd5fd99a34c7cc9bc44b3c59dfb830db85?s=96&d=mm&r=g","contentUrl":"https:\/\/secure.gravatar.com\/avatar\/0219e64664f5861998ad57a3432eb4bd5fd99a34c7cc9bc44b3c59dfb830db85?s=96&d=mm&r=g","caption":"Sepam"},"url":"https:\/\/sepam.com.br\/en\/author\/sepam\/"}]}},"_links":{"self":[{"href":"https:\/\/sepam.com.br\/en\/wp-json\/wp\/v2\/posts\/6920","targetHints":{"allow":["GET"]}}],"collection":[{"href":"https:\/\/sepam.com.br\/en\/wp-json\/wp\/v2\/posts"}],"about":[{"href":"https:\/\/sepam.com.br\/en\/wp-json\/wp\/v2\/types\/post"}],"author":[{"embeddable":true,"href":"https:\/\/sepam.com.br\/en\/wp-json\/wp\/v2\/users\/13"}],"replies":[{"embeddable":true,"href":"https:\/\/sepam.com.br\/en\/wp-json\/wp\/v2\/comments?post=6920"}],"version-history":[{"count":1,"href":"https:\/\/sepam.com.br\/en\/wp-json\/wp\/v2\/posts\/6920\/revisions"}],"predecessor-version":[{"id":7424,"href":"https:\/\/sepam.com.br\/en\/wp-json\/wp\/v2\/posts\/6920\/revisions\/7424"}],"wp:attachment":[{"href":"https:\/\/sepam.com.br\/en\/wp-json\/wp\/v2\/media?parent=6920"}],"wp:term":[{"taxonomy":"category","embeddable":true,"href":"https:\/\/sepam.com.br\/en\/wp-json\/wp\/v2\/categories?post=6920"},{"taxonomy":"post_tag","embeddable":true,"href":"https:\/\/sepam.com.br\/en\/wp-json\/wp\/v2\/tags?post=6920"}],"curies":[{"name":"wp","href":"https:\/\/api.w.org\/{rel}","templated":true}]}}