{"id":6919,"date":"2025-08-28T10:47:12","date_gmt":"2025-08-28T13:47:12","guid":{"rendered":"https:\/\/dev.alisonandrei.com.br\/noticia\/sepam-faz-doacao-para-a-fanfarra-do-colegio-jose-elias-da-rocha\/"},"modified":"2025-11-24T10:53:37","modified_gmt":"2025-11-24T13:53:37","slug":"sepam-faz-doacao-para-a-fanfarra-do-colegio-jose-elias-da-rocha","status":"publish","type":"post","link":"https:\/\/sepam.com.br\/en\/sepam-faz-doacao-para-a-fanfarra-do-colegio-jose-elias-da-rocha\/","title":{"rendered":"Sepam faz doa\u00e7\u00e3o para a fanfarra do Col\u00e9gio Jos\u00e9 Elias da Rocha"},"content":{"rendered":"<p><em>Itens que comp\u00f5em os uniformes da Banda Marcial do Sepam foram entregues <\/em><\/p>\n<p>Na sexta-feira (25\/8), o Col\u00e9gio Sepam realizou a doa\u00e7\u00e3o de 285 pe\u00e7as dos uniformes da Banda Marcial para a tradicional fanfarra do Col\u00e9gio Estadual Jos\u00e9 Elias da Rocha. Entre os itens doados est\u00e3o botas, sapatos, blazers, saias, cal\u00e7as, jab\u00f4s, capas e arranjos, que ir\u00e3o beneficiar cerca de 40 alunos da fanfarra. A doa\u00e7\u00e3o aconteceu no Gin\u00e1sio de Esportes do Sepam.<\/p>\n<p>De acordo com o diretor do Col\u00e9gio Estadual Jos\u00e9 Elias da Rocha, Ronaldo Beatriz, este ano deveria ser feita a renova\u00e7\u00e3o dos uniformes, mas a falta de verbas \u00e9 sempre um impedimento. \u201cA doa\u00e7\u00e3o do Sepam veio para dar nova vida \u00e0 nossa fanfarra. Estes trajes nos ajudar\u00e3o muito na participa\u00e7\u00e3o em competi\u00e7\u00f5es estaduais e interestaduais, que s\u00e3o exigentes e avaliam a vestimenta completa\u201d, explica o diretor.<\/p>\n<p>Para Verginia Uliana, professora de dan\u00e7a do Sepam, o ato de solidariedade teve um papel significativo para ambas as institui\u00e7\u00f5es. \u201cQuando surgiu a oportunidade de fazermos essa doa\u00e7\u00e3o idealizada por Denize Scoczynski, professora de portugu\u00eas no Sepam por mais de 25 anos, e que trabalha no Col\u00e9gio Jos\u00e9 Elias da Rocha, vimos que o Sepam poderia ajudar. a um n\u00famero ainda maior de alunos apaixonados por m\u00fasica e dan\u00e7a. Essa doa\u00e7\u00e3o far\u00e1 diferen\u00e7a na vida art\u00edstica destes alunos\u201d, explica.<\/p>\n<p>A fanfarra do Col\u00e9gio Estadual Jos\u00e9 Elias da Rocha participa de competi\u00e7\u00f5es desde 2012, tendo conquistado premia\u00e7\u00f5es em cinco categorias de diferentes concursos. Para o XVII Campeonato Paranaense de Fanfarras e Bandas, que acontece em Ivaipor\u00e3 nos dias 22 e 23 de setembro, o uso do novo uniforme auxiliar\u00e1 na avalia\u00e7\u00e3o da equipe, somando pontos importantes no concurso.<\/p>\n","protected":false},"excerpt":{"rendered":"<p>Itens que comp\u00f5em os uniformes da Banda Marcial do Sepam foram entregues Na sexta-feira (25\/8), o Col\u00e9gio Sepam realizou a doa\u00e7\u00e3o de 285 pe\u00e7as dos uniformes da Banda Marcial para a tradicional fanfarra do Col\u00e9gio Estadual Jos\u00e9 Elias da Rocha. Entre os itens doados est\u00e3o botas, sapatos, blazers, saias, cal\u00e7as, jab\u00f4s, capas e arranjos, que [&hellip;]<\/p>\n","protected":false},"author":13,"featured_media":0,"comment_status":"open","ping_status":"open","sticky":false,"template":"","format":"standard","meta":{"footnotes":""},"categories":[21],"tags":[],"class_list":["post-6919","post","type-post","status-publish","format-standard","hentry","category-colegio-sepam"],"yoast_head":"<!-- This site is optimized with the Yoast SEO plugin v28.4 - https:\/\/yoast.com\/product\/yoast-seo-wordpress\/ -->\n<title>Sepam faz doa\u00e7\u00e3o para a fanfarra do Col\u00e9gio Jos\u00e9 Elias da Rocha<\/title>\n<meta name=\"description\" content=\"Itens que comp\u00f5em os uniformes da Banda Marcial do Sepam foram entregues Na sexta-feira (25\/8), o Col\u00e9gio Sepam realizou a doa\u00e7\u00e3o de 285 pe\u00e7as dos uniformes da Banda Marcial para a tradicional fanfarra do Col\u00e9gio Estadual Jos\u00e9 Elias da Rocha. Entre os itens doados est\u00e3o botas, sapatos, blazers, saias, cal\u00e7as, jab\u00f4s, capas e arranjos, que&hellip;\" \/>\n<meta name=\"robots\" content=\"index, follow, max-snippet:-1, max-image-preview:large, max-video-preview:-1\" \/>\n<link rel=\"canonical\" href=\"https:\/\/sepam.com.br\/en\/sepam-faz-doacao-para-a-fanfarra-do-colegio-jose-elias-da-rocha\/\" \/>\n<meta property=\"og:locale\" content=\"en_US\" \/>\n<meta property=\"og:type\" content=\"article\" \/>\n<meta property=\"og:title\" content=\"Sepam faz doa\u00e7\u00e3o para a fanfarra do Col\u00e9gio Jos\u00e9 Elias da Rocha\" \/>\n<meta property=\"og:description\" content=\"Itens que comp\u00f5em os uniformes da Banda Marcial do Sepam foram entregues Na sexta-feira (25\/8), o Col\u00e9gio Sepam realizou a doa\u00e7\u00e3o de 285 pe\u00e7as dos uniformes da Banda Marcial para a tradicional fanfarra do Col\u00e9gio Estadual Jos\u00e9 Elias da Rocha. Entre os itens doados est\u00e3o botas, sapatos, blazers, saias, cal\u00e7as, jab\u00f4s, capas e arranjos, que&hellip;\" \/>\n<meta property=\"og:url\" content=\"https:\/\/sepam.com.br\/en\/sepam-faz-doacao-para-a-fanfarra-do-colegio-jose-elias-da-rocha\/\" \/>\n<meta property=\"og:site_name\" content=\"Col\u00e9gio Sepam\" \/>\n<meta property=\"article:published_time\" content=\"2025-08-28T13:47:12+00:00\" \/>\n<meta property=\"article:modified_time\" content=\"2025-11-24T13:53:37+00:00\" \/>\n<meta name=\"author\" content=\"Sepam\" \/>\n<meta name=\"twitter:card\" content=\"summary_large_image\" \/>\n<meta name=\"twitter:label1\" content=\"Written by\" \/>\n\t<meta name=\"twitter:data1\" content=\"Sepam\" \/>\n\t<meta name=\"twitter:label2\" content=\"Est. reading time\" \/>\n\t<meta name=\"twitter:data2\" content=\"2 minutes\" \/>\n<script type=\"application\/ld+json\" class=\"yoast-schema-graph\">{\"@context\":\"https:\\\/\\\/schema.org\",\"@graph\":[{\"@type\":\"Article\",\"@id\":\"https:\\\/\\\/sepam.com.br\\\/en\\\/sepam-faz-doacao-para-a-fanfarra-do-colegio-jose-elias-da-rocha\\\/#article\",\"isPartOf\":{\"@id\":\"https:\\\/\\\/sepam.com.br\\\/en\\\/sepam-faz-doacao-para-a-fanfarra-do-colegio-jose-elias-da-rocha\\\/\"},\"author\":{\"name\":\"Sepam\",\"@id\":\"https:\\\/\\\/sepam.com.br\\\/#\\\/schema\\\/person\\\/bfa2996c649a5a6d822766f6e64eb7fd\"},\"headline\":\"Sepam faz doa\u00e7\u00e3o para a fanfarra do Col\u00e9gio Jos\u00e9 Elias da Rocha\",\"datePublished\":\"2025-08-28T13:47:12+00:00\",\"dateModified\":\"2025-11-24T13:53:37+00:00\",\"mainEntityOfPage\":{\"@id\":\"https:\\\/\\\/sepam.com.br\\\/en\\\/sepam-faz-doacao-para-a-fanfarra-do-colegio-jose-elias-da-rocha\\\/\"},\"wordCount\":314,\"commentCount\":0,\"publisher\":{\"@id\":\"https:\\\/\\\/sepam.com.br\\\/#organization\"},\"articleSection\":[\"Colegio Sepam\"],\"inLanguage\":\"en-US\",\"potentialAction\":[{\"@type\":\"CommentAction\",\"name\":\"Comment\",\"target\":[\"https:\\\/\\\/sepam.com.br\\\/en\\\/sepam-faz-doacao-para-a-fanfarra-do-colegio-jose-elias-da-rocha\\\/#respond\"]}]},{\"@type\":\"WebPage\",\"@id\":\"https:\\\/\\\/sepam.com.br\\\/en\\\/sepam-faz-doacao-para-a-fanfarra-do-colegio-jose-elias-da-rocha\\\/\",\"url\":\"https:\\\/\\\/sepam.com.br\\\/en\\\/sepam-faz-doacao-para-a-fanfarra-do-colegio-jose-elias-da-rocha\\\/\",\"name\":\"Sepam faz doa\u00e7\u00e3o para a fanfarra do Col\u00e9gio Jos\u00e9 Elias da Rocha - Col\u00e9gio Sepam\",\"isPartOf\":{\"@id\":\"https:\\\/\\\/sepam.com.br\\\/#website\"},\"datePublished\":\"2025-08-28T13:47:12+00:00\",\"dateModified\":\"2025-11-24T13:53:37+00:00\",\"breadcrumb\":{\"@id\":\"https:\\\/\\\/sepam.com.br\\\/en\\\/sepam-faz-doacao-para-a-fanfarra-do-colegio-jose-elias-da-rocha\\\/#breadcrumb\"},\"inLanguage\":\"en-US\",\"potentialAction\":[{\"@type\":\"ReadAction\",\"target\":[\"https:\\\/\\\/sepam.com.br\\\/en\\\/sepam-faz-doacao-para-a-fanfarra-do-colegio-jose-elias-da-rocha\\\/\"]}]},{\"@type\":\"BreadcrumbList\",\"@id\":\"https:\\\/\\\/sepam.com.br\\\/en\\\/sepam-faz-doacao-para-a-fanfarra-do-colegio-jose-elias-da-rocha\\\/#breadcrumb\",\"itemListElement\":[{\"@type\":\"ListItem\",\"position\":1,\"name\":\"Boas Vindas\",\"item\":\"https:\\\/\\\/sepam.com.br\\\/\"},{\"@type\":\"ListItem\",\"position\":2,\"name\":\"Sepam faz doa\u00e7\u00e3o para a fanfarra do Col\u00e9gio Jos\u00e9 Elias da Rocha\"}]},{\"@type\":\"WebSite\",\"@id\":\"https:\\\/\\\/sepam.com.br\\\/en\\\/#website\",\"url\":\"https:\\\/\\\/sepam.com.br\\\/en\\\/\",\"name\":\"Col\u00e9gio Sepam\",\"description\":\"Ensino Incompar\u00e1vel\",\"publisher\":{\"@id\":\"https:\\\/\\\/sepam.com.br\\\/en\\\/#organization\"},\"potentialAction\":[{\"@type\":\"SearchAction\",\"target\":{\"@type\":\"EntryPoint\",\"urlTemplate\":\"https:\\\/\\\/sepam.com.br\\\/en\\\/?s={search_term_string}\"},\"query-input\":{\"@type\":\"PropertyValueSpecification\",\"valueRequired\":true,\"valueName\":\"search_term_string\"}}],\"inLanguage\":\"en-US\"},{\"@type\":\"Organization\",\"@id\":\"https:\\\/\\\/sepam.com.br\\\/en\\\/#organization\",\"name\":\"Col\u00e9gio Sepam\",\"url\":\"https:\\\/\\\/sepam.com.br\\\/en\\\/\",\"logo\":{\"@type\":\"ImageObject\",\"inLanguage\":\"en-US\",\"@id\":\"https:\\\/\\\/sepam.com.br\\\/en\\\/#\\\/schema\\\/logo\\\/image\\\/\",\"url\":\"https:\\\/\\\/sepam.com.br\\\/wp-content\\\/uploads\\\/2025\\\/02\\\/Ativo-2.png\",\"contentUrl\":\"https:\\\/\\\/sepam.com.br\\\/wp-content\\\/uploads\\\/2025\\\/02\\\/Ativo-2.png\",\"width\":595,\"height\":525,\"caption\":\"Col\u00e9gio Sepam\"},\"image\":{\"@id\":\"https:\\\/\\\/sepam.com.br\\\/en\\\/#\\\/schema\\\/logo\\\/image\\\/\"}},{\"@type\":\"Person\",\"@id\":\"https:\\\/\\\/sepam.com.br\\\/#\\\/schema\\\/person\\\/bfa2996c649a5a6d822766f6e64eb7fd\",\"name\":\"Sepam\",\"image\":{\"@type\":\"ImageObject\",\"inLanguage\":\"en-US\",\"@id\":\"https:\\\/\\\/secure.gravatar.com\\\/avatar\\\/0219e64664f5861998ad57a3432eb4bd5fd99a34c7cc9bc44b3c59dfb830db85?s=96&d=mm&r=g\",\"url\":\"https:\\\/\\\/secure.gravatar.com\\\/avatar\\\/0219e64664f5861998ad57a3432eb4bd5fd99a34c7cc9bc44b3c59dfb830db85?s=96&d=mm&r=g\",\"contentUrl\":\"https:\\\/\\\/secure.gravatar.com\\\/avatar\\\/0219e64664f5861998ad57a3432eb4bd5fd99a34c7cc9bc44b3c59dfb830db85?s=96&d=mm&r=g\",\"caption\":\"Sepam\"},\"url\":\"https:\\\/\\\/sepam.com.br\\\/en\\\/author\\\/sepam\\\/\"}]}<\/script>\n<!-- \/ Yoast SEO plugin. -->","yoast_head_json":{"title":"Sepam faz doa\u00e7\u00e3o para a fanfarra do Col\u00e9gio Jos\u00e9 Elias da Rocha","description":"Itens que comp\u00f5em os uniformes da Banda Marcial do Sepam foram entregues Na sexta-feira (25\/8), o Col\u00e9gio Sepam realizou a doa\u00e7\u00e3o de 285 pe\u00e7as dos uniformes da Banda Marcial para a tradicional fanfarra do Col\u00e9gio Estadual Jos\u00e9 Elias da Rocha. Entre os itens doados est\u00e3o botas, sapatos, blazers, saias, cal\u00e7as, jab\u00f4s, capas e arranjos, que&hellip;","robots":{"index":"index","follow":"follow","max-snippet":"max-snippet:-1","max-image-preview":"max-image-preview:large","max-video-preview":"max-video-preview:-1"},"canonical":"https:\/\/sepam.com.br\/en\/sepam-faz-doacao-para-a-fanfarra-do-colegio-jose-elias-da-rocha\/","og_locale":"en_US","og_type":"article","og_title":"Sepam faz doa\u00e7\u00e3o para a fanfarra do Col\u00e9gio Jos\u00e9 Elias da Rocha","og_description":"Itens que comp\u00f5em os uniformes da Banda Marcial do Sepam foram entregues Na sexta-feira (25\/8), o Col\u00e9gio Sepam realizou a doa\u00e7\u00e3o de 285 pe\u00e7as dos uniformes da Banda Marcial para a tradicional fanfarra do Col\u00e9gio Estadual Jos\u00e9 Elias da Rocha. Entre os itens doados est\u00e3o botas, sapatos, blazers, saias, cal\u00e7as, jab\u00f4s, capas e arranjos, que&hellip;","og_url":"https:\/\/sepam.com.br\/en\/sepam-faz-doacao-para-a-fanfarra-do-colegio-jose-elias-da-rocha\/","og_site_name":"Col\u00e9gio Sepam","article_published_time":"2025-08-28T13:47:12+00:00","article_modified_time":"2025-11-24T13:53:37+00:00","author":"Sepam","twitter_card":"summary_large_image","twitter_misc":{"Written by":"Sepam","Est. reading time":"2 minutes"},"schema":{"@context":"https:\/\/schema.org","@graph":[{"@type":"Article","@id":"https:\/\/sepam.com.br\/en\/sepam-faz-doacao-para-a-fanfarra-do-colegio-jose-elias-da-rocha\/#article","isPartOf":{"@id":"https:\/\/sepam.com.br\/en\/sepam-faz-doacao-para-a-fanfarra-do-colegio-jose-elias-da-rocha\/"},"author":{"name":"Sepam","@id":"https:\/\/sepam.com.br\/#\/schema\/person\/bfa2996c649a5a6d822766f6e64eb7fd"},"headline":"Sepam faz doa\u00e7\u00e3o para a fanfarra do Col\u00e9gio Jos\u00e9 Elias da Rocha","datePublished":"2025-08-28T13:47:12+00:00","dateModified":"2025-11-24T13:53:37+00:00","mainEntityOfPage":{"@id":"https:\/\/sepam.com.br\/en\/sepam-faz-doacao-para-a-fanfarra-do-colegio-jose-elias-da-rocha\/"},"wordCount":314,"commentCount":0,"publisher":{"@id":"https:\/\/sepam.com.br\/#organization"},"articleSection":["Colegio Sepam"],"inLanguage":"en-US","potentialAction":[{"@type":"CommentAction","name":"Comment","target":["https:\/\/sepam.com.br\/en\/sepam-faz-doacao-para-a-fanfarra-do-colegio-jose-elias-da-rocha\/#respond"]}]},{"@type":"WebPage","@id":"https:\/\/sepam.com.br\/en\/sepam-faz-doacao-para-a-fanfarra-do-colegio-jose-elias-da-rocha\/","url":"https:\/\/sepam.com.br\/en\/sepam-faz-doacao-para-a-fanfarra-do-colegio-jose-elias-da-rocha\/","name":"Sepam faz doa\u00e7\u00e3o para a fanfarra do Col\u00e9gio Jos\u00e9 Elias da Rocha - Col\u00e9gio Sepam","isPartOf":{"@id":"https:\/\/sepam.com.br\/#website"},"datePublished":"2025-08-28T13:47:12+00:00","dateModified":"2025-11-24T13:53:37+00:00","breadcrumb":{"@id":"https:\/\/sepam.com.br\/en\/sepam-faz-doacao-para-a-fanfarra-do-colegio-jose-elias-da-rocha\/#breadcrumb"},"inLanguage":"en-US","potentialAction":[{"@type":"ReadAction","target":["https:\/\/sepam.com.br\/en\/sepam-faz-doacao-para-a-fanfarra-do-colegio-jose-elias-da-rocha\/"]}]},{"@type":"BreadcrumbList","@id":"https:\/\/sepam.com.br\/en\/sepam-faz-doacao-para-a-fanfarra-do-colegio-jose-elias-da-rocha\/#breadcrumb","itemListElement":[{"@type":"ListItem","position":1,"name":"Boas Vindas","item":"https:\/\/sepam.com.br\/"},{"@type":"ListItem","position":2,"name":"Sepam faz doa\u00e7\u00e3o para a fanfarra do Col\u00e9gio Jos\u00e9 Elias da Rocha"}]},{"@type":"WebSite","@id":"https:\/\/sepam.com.br\/en\/#website","url":"https:\/\/sepam.com.br\/en\/","name":"Col\u00e9gio Sepam","description":"Ensino Incompar\u00e1vel","publisher":{"@id":"https:\/\/sepam.com.br\/en\/#organization"},"potentialAction":[{"@type":"SearchAction","target":{"@type":"EntryPoint","urlTemplate":"https:\/\/sepam.com.br\/en\/?s={search_term_string}"},"query-input":{"@type":"PropertyValueSpecification","valueRequired":true,"valueName":"search_term_string"}}],"inLanguage":"en-US"},{"@type":"Organization","@id":"https:\/\/sepam.com.br\/en\/#organization","name":"Col\u00e9gio Sepam","url":"https:\/\/sepam.com.br\/en\/","logo":{"@type":"ImageObject","inLanguage":"en-US","@id":"https:\/\/sepam.com.br\/en\/#\/schema\/logo\/image\/","url":"https:\/\/sepam.com.br\/wp-content\/uploads\/2025\/02\/Ativo-2.png","contentUrl":"https:\/\/sepam.com.br\/wp-content\/uploads\/2025\/02\/Ativo-2.png","width":595,"height":525,"caption":"Col\u00e9gio Sepam"},"image":{"@id":"https:\/\/sepam.com.br\/en\/#\/schema\/logo\/image\/"}},{"@type":"Person","@id":"https:\/\/sepam.com.br\/#\/schema\/person\/bfa2996c649a5a6d822766f6e64eb7fd","name":"Sepam","image":{"@type":"ImageObject","inLanguage":"en-US","@id":"https:\/\/secure.gravatar.com\/avatar\/0219e64664f5861998ad57a3432eb4bd5fd99a34c7cc9bc44b3c59dfb830db85?s=96&d=mm&r=g","url":"https:\/\/secure.gravatar.com\/avatar\/0219e64664f5861998ad57a3432eb4bd5fd99a34c7cc9bc44b3c59dfb830db85?s=96&d=mm&r=g","contentUrl":"https:\/\/secure.gravatar.com\/avatar\/0219e64664f5861998ad57a3432eb4bd5fd99a34c7cc9bc44b3c59dfb830db85?s=96&d=mm&r=g","caption":"Sepam"},"url":"https:\/\/sepam.com.br\/en\/author\/sepam\/"}]}},"_links":{"self":[{"href":"https:\/\/sepam.com.br\/en\/wp-json\/wp\/v2\/posts\/6919","targetHints":{"allow":["GET"]}}],"collection":[{"href":"https:\/\/sepam.com.br\/en\/wp-json\/wp\/v2\/posts"}],"about":[{"href":"https:\/\/sepam.com.br\/en\/wp-json\/wp\/v2\/types\/post"}],"author":[{"embeddable":true,"href":"https:\/\/sepam.com.br\/en\/wp-json\/wp\/v2\/users\/13"}],"replies":[{"embeddable":true,"href":"https:\/\/sepam.com.br\/en\/wp-json\/wp\/v2\/comments?post=6919"}],"version-history":[{"count":1,"href":"https:\/\/sepam.com.br\/en\/wp-json\/wp\/v2\/posts\/6919\/revisions"}],"predecessor-version":[{"id":7423,"href":"https:\/\/sepam.com.br\/en\/wp-json\/wp\/v2\/posts\/6919\/revisions\/7423"}],"wp:attachment":[{"href":"https:\/\/sepam.com.br\/en\/wp-json\/wp\/v2\/media?parent=6919"}],"wp:term":[{"taxonomy":"category","embeddable":true,"href":"https:\/\/sepam.com.br\/en\/wp-json\/wp\/v2\/categories?post=6919"},{"taxonomy":"post_tag","embeddable":true,"href":"https:\/\/sepam.com.br\/en\/wp-json\/wp\/v2\/tags?post=6919"}],"curies":[{"name":"wp","href":"https:\/\/api.w.org\/{rel}","templated":true}]}}