{"id":6911,"date":"2025-08-28T10:47:08","date_gmt":"2025-08-28T13:47:08","guid":{"rendered":"https:\/\/dev.alisonandrei.com.br\/noticia\/internet-e-dispositivos-moveis-familia-e-escola-devem-aprender-a-se-relacionar-com-o-mundo-digital\/"},"modified":"2025-11-24T10:53:37","modified_gmt":"2025-11-24T13:53:37","slug":"internet-e-dispositivos-moveis-familia-e-escola-devem-aprender-a-se-relacionar-com-o-mundo-digital","status":"publish","type":"post","link":"https:\/\/sepam.com.br\/en\/internet-e-dispositivos-moveis-familia-e-escola-devem-aprender-a-se-relacionar-com-o-mundo-digital\/","title":{"rendered":"Internet e dispositivos m\u00f3veis: fam\u00edlia e escola devem aprender a se relacionar com o mundo digital"},"content":{"rendered":"<p><em>Facilidade no acesso a smartphones contribuiu para aumento de crian\u00e7as e adolescentes online. <\/em><\/p>\n<p>O acesso \u00e0 Internet por crian\u00e7as e adolescentes cresceu quatro vezes nos \u00faltimos cinco anos, de acordo com pesquisas do Comit\u00ea Gestor da Internet no Brasil (https:\/\/cgi.br\/). A maior facilidade na compra de dispositivos m\u00f3veis, como smartphones e tablets, contribuiu para essa realidade. Mas e os perigos que podem existir na Internet, como evit\u00e1-los?<\/p>\n<p>H\u00e1 riscos e armadilhas tanto no mundo digital quanto no f\u00edsico. Evit\u00e1-las nem sempre \u00e9 f\u00e1cil, mas saber como proceder ou com quem conversar a respeito delas \u00e9 poss\u00edvel e importante. \u201c\u00c9 necess\u00e1rio conhecer o site, o aplicativo, a tecnologia que est\u00e1 usando; saber como navegar na Internet, com quem pode e com quem n\u00e3o pode se relacionar. \u00c9 ingenuidade acreditar que uma crian\u00e7a, que tem \u201chabilidade\u201d e sabe manusear a tecnologia j\u00e1 tem maturidade e forma\u00e7\u00e3o suficiente para saber o que fazer com ela\u201d, afirma a Gerente de Tecnologia Educacional do Col\u00e9gio Sepam, especialista em Educa\u00e7\u00e3o e Tecnologias Digitais, Talita Moretto.<\/p>\n<p>O Sepam possui tablets para a realiza\u00e7\u00e3o de atividades que envolvem tecnologia digital. Os dispositivos s\u00e3o utilizados em sala de aula com planejamento. \u201cN\u00e3o incentivamos que os alunos tragam os celulares pessoais para a escola, pois as atividades com dispositivos m\u00f3veis s\u00e3o contempladas igualmente utilizando recursos do col\u00e9gio, tecnologia que j\u00e1 est\u00e1 preparada para atender \u00e0s turmas. N\u00e3o \u00e9 necess\u00e1rio que os alunos utilizem o celular em sala de aula o tempo todo para falar com eles sobre seguran\u00e7a digital, para sugerir aplicativos \u00fateis, para ensinar sobre navega\u00e7\u00e3o segura\u201d, assinala Talita.<\/p>\n<p>Confira algumas dicas para o uso seguro da Internet:<\/p>\n<p>1) Di\u00e1logo: \u201cNas fam\u00edlias que dialogam os filhos entendem o que \u00e9 supervis\u00e3o, que \u00e9 diferente de invas\u00e3o. Orientar o filho n\u00e3o \u00e9 tirar sua privacidade, sua autonomia, mas sim ajud\u00e1-lo a usufruir dessa liberdade de forma que n\u00e3o cause danos a ele pr\u00f3prio\u201d, esclarece Talita.<\/p>\n<p>2) Adotar aplicativos de monitoramento: O Google Family Link [https:\/\/families.google.com\/intl\/pt-BR\/familylink\/] \u00e9 um exemplo. Ele permite que os pais fa\u00e7am o gerenciamento dos aplicativos que o filho pode ou n\u00e3o instalar, bloquear ou ocultar aplicativos espec\u00edficos e monitorar o tempo de uso definindo limites di\u00e1rios em horas de acesso.<\/p>\n<p>3) Evitar a superexposi\u00e7\u00e3o:\u00a0 Pais devem evitar a publica\u00e7\u00e3o em excesso de fotos das crian\u00e7as, principalmente, com roupa de banho ou sem roupa (mesmo que seja beb\u00ea) e com o uniforme da escola. Fotos de viagens da fam\u00edlia, de bens materiais (carros, joias) e internas da resid\u00eancia tamb\u00e9m devem ser evitadas. N\u00e3o fa\u00e7a check-in em todos os locais que frequenta, pois revela informa\u00e7\u00f5es da rotina da fam\u00edlia, inclusive, hor\u00e1rios.<\/p>\n<p>4) Informar-se: O Family Online Safety Institute (FOSI &#8211; www.fosi.org) e Fam\u00edlia Mais Segura \u2013 projeto do iStart (hwww.familiamaissegura.com.br) oferecem informa\u00e7\u00f5es e guias para as fam\u00edlias.<\/p>\n<p>5) Seja um exemplo: Os adultos influenciam o comportamento das crian\u00e7as e dos adolescentes. O modo de agir dos pais nas redes sociais, por exemplo, reflete no comportamento dos filhos.<\/p>\n","protected":false},"excerpt":{"rendered":"<p>Facilidade no acesso a smartphones contribuiu para aumento de crian\u00e7as e adolescentes online. O acesso \u00e0 Internet por crian\u00e7as e adolescentes cresceu quatro vezes nos \u00faltimos cinco anos, de acordo com pesquisas do Comit\u00ea Gestor da Internet no Brasil (https:\/\/cgi.br\/). A maior facilidade na compra de dispositivos m\u00f3veis, como smartphones e tablets, contribuiu para essa [&hellip;]<\/p>\n","protected":false},"author":13,"featured_media":0,"comment_status":"open","ping_status":"open","sticky":false,"template":"","format":"standard","meta":{"footnotes":""},"categories":[21],"tags":[],"class_list":["post-6911","post","type-post","status-publish","format-standard","hentry","category-colegio-sepam"],"yoast_head":"<!-- This site is optimized with the Yoast SEO plugin v28.4 - https:\/\/yoast.com\/product\/yoast-seo-wordpress\/ -->\n<title>Internet e dispositivos m\u00f3veis: fam\u00edlia e escola devem aprender a se relacionar com o mundo digital<\/title>\n<meta name=\"description\" content=\"Facilidade no acesso a smartphones contribuiu para aumento de crian\u00e7as e adolescentes online. O acesso \u00e0 Internet por crian\u00e7as e adolescentes cresceu quatro vezes nos \u00faltimos cinco anos, de acordo com pesquisas do Comit\u00ea Gestor da Internet no Brasil (https:\/\/cgi.br\/). A maior facilidade na compra de dispositivos m\u00f3veis, como smartphones e tablets, contribuiu para essa&hellip;\" \/>\n<meta name=\"robots\" content=\"index, follow, max-snippet:-1, max-image-preview:large, max-video-preview:-1\" \/>\n<link rel=\"canonical\" href=\"https:\/\/sepam.com.br\/en\/internet-e-dispositivos-moveis-familia-e-escola-devem-aprender-a-se-relacionar-com-o-mundo-digital\/\" \/>\n<meta property=\"og:locale\" content=\"en_US\" \/>\n<meta property=\"og:type\" content=\"article\" \/>\n<meta property=\"og:title\" content=\"Internet e dispositivos m\u00f3veis: fam\u00edlia e escola devem aprender a se relacionar com o mundo digital\" \/>\n<meta property=\"og:description\" content=\"Facilidade no acesso a smartphones contribuiu para aumento de crian\u00e7as e adolescentes online. O acesso \u00e0 Internet por crian\u00e7as e adolescentes cresceu quatro vezes nos \u00faltimos cinco anos, de acordo com pesquisas do Comit\u00ea Gestor da Internet no Brasil (https:\/\/cgi.br\/). A maior facilidade na compra de dispositivos m\u00f3veis, como smartphones e tablets, contribuiu para essa&hellip;\" \/>\n<meta property=\"og:url\" content=\"https:\/\/sepam.com.br\/en\/internet-e-dispositivos-moveis-familia-e-escola-devem-aprender-a-se-relacionar-com-o-mundo-digital\/\" \/>\n<meta property=\"og:site_name\" content=\"Col\u00e9gio Sepam\" \/>\n<meta property=\"article:published_time\" content=\"2025-08-28T13:47:08+00:00\" \/>\n<meta property=\"article:modified_time\" content=\"2025-11-24T13:53:37+00:00\" \/>\n<meta name=\"author\" content=\"Sepam\" \/>\n<meta name=\"twitter:card\" content=\"summary_large_image\" \/>\n<meta name=\"twitter:label1\" content=\"Written by\" \/>\n\t<meta name=\"twitter:data1\" content=\"Sepam\" \/>\n\t<meta name=\"twitter:label2\" content=\"Est. reading time\" \/>\n\t<meta name=\"twitter:data2\" content=\"3 minutes\" \/>\n<script type=\"application\/ld+json\" class=\"yoast-schema-graph\">{\"@context\":\"https:\\\/\\\/schema.org\",\"@graph\":[{\"@type\":\"Article\",\"@id\":\"https:\\\/\\\/sepam.com.br\\\/en\\\/internet-e-dispositivos-moveis-familia-e-escola-devem-aprender-a-se-relacionar-com-o-mundo-digital\\\/#article\",\"isPartOf\":{\"@id\":\"https:\\\/\\\/sepam.com.br\\\/en\\\/internet-e-dispositivos-moveis-familia-e-escola-devem-aprender-a-se-relacionar-com-o-mundo-digital\\\/\"},\"author\":{\"name\":\"Sepam\",\"@id\":\"https:\\\/\\\/sepam.com.br\\\/#\\\/schema\\\/person\\\/bfa2996c649a5a6d822766f6e64eb7fd\"},\"headline\":\"Internet e dispositivos m\u00f3veis: fam\u00edlia e escola devem aprender a se relacionar com o mundo digital\",\"datePublished\":\"2025-08-28T13:47:08+00:00\",\"dateModified\":\"2025-11-24T13:53:37+00:00\",\"mainEntityOfPage\":{\"@id\":\"https:\\\/\\\/sepam.com.br\\\/en\\\/internet-e-dispositivos-moveis-familia-e-escola-devem-aprender-a-se-relacionar-com-o-mundo-digital\\\/\"},\"wordCount\":554,\"commentCount\":0,\"publisher\":{\"@id\":\"https:\\\/\\\/sepam.com.br\\\/#organization\"},\"articleSection\":[\"Colegio Sepam\"],\"inLanguage\":\"en-US\",\"potentialAction\":[{\"@type\":\"CommentAction\",\"name\":\"Comment\",\"target\":[\"https:\\\/\\\/sepam.com.br\\\/en\\\/internet-e-dispositivos-moveis-familia-e-escola-devem-aprender-a-se-relacionar-com-o-mundo-digital\\\/#respond\"]}]},{\"@type\":\"WebPage\",\"@id\":\"https:\\\/\\\/sepam.com.br\\\/en\\\/internet-e-dispositivos-moveis-familia-e-escola-devem-aprender-a-se-relacionar-com-o-mundo-digital\\\/\",\"url\":\"https:\\\/\\\/sepam.com.br\\\/en\\\/internet-e-dispositivos-moveis-familia-e-escola-devem-aprender-a-se-relacionar-com-o-mundo-digital\\\/\",\"name\":\"Internet e dispositivos m\u00f3veis: fam\u00edlia e escola devem aprender a se relacionar com o mundo digital - Col\u00e9gio Sepam\",\"isPartOf\":{\"@id\":\"https:\\\/\\\/sepam.com.br\\\/#website\"},\"datePublished\":\"2025-08-28T13:47:08+00:00\",\"dateModified\":\"2025-11-24T13:53:37+00:00\",\"breadcrumb\":{\"@id\":\"https:\\\/\\\/sepam.com.br\\\/en\\\/internet-e-dispositivos-moveis-familia-e-escola-devem-aprender-a-se-relacionar-com-o-mundo-digital\\\/#breadcrumb\"},\"inLanguage\":\"en-US\",\"potentialAction\":[{\"@type\":\"ReadAction\",\"target\":[\"https:\\\/\\\/sepam.com.br\\\/en\\\/internet-e-dispositivos-moveis-familia-e-escola-devem-aprender-a-se-relacionar-com-o-mundo-digital\\\/\"]}]},{\"@type\":\"BreadcrumbList\",\"@id\":\"https:\\\/\\\/sepam.com.br\\\/en\\\/internet-e-dispositivos-moveis-familia-e-escola-devem-aprender-a-se-relacionar-com-o-mundo-digital\\\/#breadcrumb\",\"itemListElement\":[{\"@type\":\"ListItem\",\"position\":1,\"name\":\"Boas Vindas\",\"item\":\"https:\\\/\\\/sepam.com.br\\\/\"},{\"@type\":\"ListItem\",\"position\":2,\"name\":\"Internet e dispositivos m\u00f3veis: fam\u00edlia e escola devem aprender a se relacionar com o mundo digital\"}]},{\"@type\":\"WebSite\",\"@id\":\"https:\\\/\\\/sepam.com.br\\\/en\\\/#website\",\"url\":\"https:\\\/\\\/sepam.com.br\\\/en\\\/\",\"name\":\"Col\u00e9gio Sepam\",\"description\":\"Ensino Incompar\u00e1vel\",\"publisher\":{\"@id\":\"https:\\\/\\\/sepam.com.br\\\/en\\\/#organization\"},\"potentialAction\":[{\"@type\":\"SearchAction\",\"target\":{\"@type\":\"EntryPoint\",\"urlTemplate\":\"https:\\\/\\\/sepam.com.br\\\/en\\\/?s={search_term_string}\"},\"query-input\":{\"@type\":\"PropertyValueSpecification\",\"valueRequired\":true,\"valueName\":\"search_term_string\"}}],\"inLanguage\":\"en-US\"},{\"@type\":\"Organization\",\"@id\":\"https:\\\/\\\/sepam.com.br\\\/en\\\/#organization\",\"name\":\"Col\u00e9gio Sepam\",\"url\":\"https:\\\/\\\/sepam.com.br\\\/en\\\/\",\"logo\":{\"@type\":\"ImageObject\",\"inLanguage\":\"en-US\",\"@id\":\"https:\\\/\\\/sepam.com.br\\\/en\\\/#\\\/schema\\\/logo\\\/image\\\/\",\"url\":\"https:\\\/\\\/sepam.com.br\\\/wp-content\\\/uploads\\\/2025\\\/02\\\/Ativo-2.png\",\"contentUrl\":\"https:\\\/\\\/sepam.com.br\\\/wp-content\\\/uploads\\\/2025\\\/02\\\/Ativo-2.png\",\"width\":595,\"height\":525,\"caption\":\"Col\u00e9gio Sepam\"},\"image\":{\"@id\":\"https:\\\/\\\/sepam.com.br\\\/en\\\/#\\\/schema\\\/logo\\\/image\\\/\"}},{\"@type\":\"Person\",\"@id\":\"https:\\\/\\\/sepam.com.br\\\/#\\\/schema\\\/person\\\/bfa2996c649a5a6d822766f6e64eb7fd\",\"name\":\"Sepam\",\"image\":{\"@type\":\"ImageObject\",\"inLanguage\":\"en-US\",\"@id\":\"https:\\\/\\\/secure.gravatar.com\\\/avatar\\\/0219e64664f5861998ad57a3432eb4bd5fd99a34c7cc9bc44b3c59dfb830db85?s=96&d=mm&r=g\",\"url\":\"https:\\\/\\\/secure.gravatar.com\\\/avatar\\\/0219e64664f5861998ad57a3432eb4bd5fd99a34c7cc9bc44b3c59dfb830db85?s=96&d=mm&r=g\",\"contentUrl\":\"https:\\\/\\\/secure.gravatar.com\\\/avatar\\\/0219e64664f5861998ad57a3432eb4bd5fd99a34c7cc9bc44b3c59dfb830db85?s=96&d=mm&r=g\",\"caption\":\"Sepam\"},\"url\":\"https:\\\/\\\/sepam.com.br\\\/en\\\/author\\\/sepam\\\/\"}]}<\/script>\n<!-- \/ Yoast SEO plugin. -->","yoast_head_json":{"title":"Internet e dispositivos m\u00f3veis: fam\u00edlia e escola devem aprender a se relacionar com o mundo digital","description":"Facilidade no acesso a smartphones contribuiu para aumento de crian\u00e7as e adolescentes online. O acesso \u00e0 Internet por crian\u00e7as e adolescentes cresceu quatro vezes nos \u00faltimos cinco anos, de acordo com pesquisas do Comit\u00ea Gestor da Internet no Brasil (https:\/\/cgi.br\/). A maior facilidade na compra de dispositivos m\u00f3veis, como smartphones e tablets, contribuiu para essa&hellip;","robots":{"index":"index","follow":"follow","max-snippet":"max-snippet:-1","max-image-preview":"max-image-preview:large","max-video-preview":"max-video-preview:-1"},"canonical":"https:\/\/sepam.com.br\/en\/internet-e-dispositivos-moveis-familia-e-escola-devem-aprender-a-se-relacionar-com-o-mundo-digital\/","og_locale":"en_US","og_type":"article","og_title":"Internet e dispositivos m\u00f3veis: fam\u00edlia e escola devem aprender a se relacionar com o mundo digital","og_description":"Facilidade no acesso a smartphones contribuiu para aumento de crian\u00e7as e adolescentes online. O acesso \u00e0 Internet por crian\u00e7as e adolescentes cresceu quatro vezes nos \u00faltimos cinco anos, de acordo com pesquisas do Comit\u00ea Gestor da Internet no Brasil (https:\/\/cgi.br\/). A maior facilidade na compra de dispositivos m\u00f3veis, como smartphones e tablets, contribuiu para essa&hellip;","og_url":"https:\/\/sepam.com.br\/en\/internet-e-dispositivos-moveis-familia-e-escola-devem-aprender-a-se-relacionar-com-o-mundo-digital\/","og_site_name":"Col\u00e9gio Sepam","article_published_time":"2025-08-28T13:47:08+00:00","article_modified_time":"2025-11-24T13:53:37+00:00","author":"Sepam","twitter_card":"summary_large_image","twitter_misc":{"Written by":"Sepam","Est. reading time":"3 minutes"},"schema":{"@context":"https:\/\/schema.org","@graph":[{"@type":"Article","@id":"https:\/\/sepam.com.br\/en\/internet-e-dispositivos-moveis-familia-e-escola-devem-aprender-a-se-relacionar-com-o-mundo-digital\/#article","isPartOf":{"@id":"https:\/\/sepam.com.br\/en\/internet-e-dispositivos-moveis-familia-e-escola-devem-aprender-a-se-relacionar-com-o-mundo-digital\/"},"author":{"name":"Sepam","@id":"https:\/\/sepam.com.br\/#\/schema\/person\/bfa2996c649a5a6d822766f6e64eb7fd"},"headline":"Internet e dispositivos m\u00f3veis: fam\u00edlia e escola devem aprender a se relacionar com o mundo digital","datePublished":"2025-08-28T13:47:08+00:00","dateModified":"2025-11-24T13:53:37+00:00","mainEntityOfPage":{"@id":"https:\/\/sepam.com.br\/en\/internet-e-dispositivos-moveis-familia-e-escola-devem-aprender-a-se-relacionar-com-o-mundo-digital\/"},"wordCount":554,"commentCount":0,"publisher":{"@id":"https:\/\/sepam.com.br\/#organization"},"articleSection":["Colegio Sepam"],"inLanguage":"en-US","potentialAction":[{"@type":"CommentAction","name":"Comment","target":["https:\/\/sepam.com.br\/en\/internet-e-dispositivos-moveis-familia-e-escola-devem-aprender-a-se-relacionar-com-o-mundo-digital\/#respond"]}]},{"@type":"WebPage","@id":"https:\/\/sepam.com.br\/en\/internet-e-dispositivos-moveis-familia-e-escola-devem-aprender-a-se-relacionar-com-o-mundo-digital\/","url":"https:\/\/sepam.com.br\/en\/internet-e-dispositivos-moveis-familia-e-escola-devem-aprender-a-se-relacionar-com-o-mundo-digital\/","name":"Internet e dispositivos m\u00f3veis: fam\u00edlia e escola devem aprender a se relacionar com o mundo digital - Col\u00e9gio Sepam","isPartOf":{"@id":"https:\/\/sepam.com.br\/#website"},"datePublished":"2025-08-28T13:47:08+00:00","dateModified":"2025-11-24T13:53:37+00:00","breadcrumb":{"@id":"https:\/\/sepam.com.br\/en\/internet-e-dispositivos-moveis-familia-e-escola-devem-aprender-a-se-relacionar-com-o-mundo-digital\/#breadcrumb"},"inLanguage":"en-US","potentialAction":[{"@type":"ReadAction","target":["https:\/\/sepam.com.br\/en\/internet-e-dispositivos-moveis-familia-e-escola-devem-aprender-a-se-relacionar-com-o-mundo-digital\/"]}]},{"@type":"BreadcrumbList","@id":"https:\/\/sepam.com.br\/en\/internet-e-dispositivos-moveis-familia-e-escola-devem-aprender-a-se-relacionar-com-o-mundo-digital\/#breadcrumb","itemListElement":[{"@type":"ListItem","position":1,"name":"Boas Vindas","item":"https:\/\/sepam.com.br\/"},{"@type":"ListItem","position":2,"name":"Internet e dispositivos m\u00f3veis: fam\u00edlia e escola devem aprender a se relacionar com o mundo digital"}]},{"@type":"WebSite","@id":"https:\/\/sepam.com.br\/en\/#website","url":"https:\/\/sepam.com.br\/en\/","name":"Col\u00e9gio Sepam","description":"Ensino Incompar\u00e1vel","publisher":{"@id":"https:\/\/sepam.com.br\/en\/#organization"},"potentialAction":[{"@type":"SearchAction","target":{"@type":"EntryPoint","urlTemplate":"https:\/\/sepam.com.br\/en\/?s={search_term_string}"},"query-input":{"@type":"PropertyValueSpecification","valueRequired":true,"valueName":"search_term_string"}}],"inLanguage":"en-US"},{"@type":"Organization","@id":"https:\/\/sepam.com.br\/en\/#organization","name":"Col\u00e9gio Sepam","url":"https:\/\/sepam.com.br\/en\/","logo":{"@type":"ImageObject","inLanguage":"en-US","@id":"https:\/\/sepam.com.br\/en\/#\/schema\/logo\/image\/","url":"https:\/\/sepam.com.br\/wp-content\/uploads\/2025\/02\/Ativo-2.png","contentUrl":"https:\/\/sepam.com.br\/wp-content\/uploads\/2025\/02\/Ativo-2.png","width":595,"height":525,"caption":"Col\u00e9gio Sepam"},"image":{"@id":"https:\/\/sepam.com.br\/en\/#\/schema\/logo\/image\/"}},{"@type":"Person","@id":"https:\/\/sepam.com.br\/#\/schema\/person\/bfa2996c649a5a6d822766f6e64eb7fd","name":"Sepam","image":{"@type":"ImageObject","inLanguage":"en-US","@id":"https:\/\/secure.gravatar.com\/avatar\/0219e64664f5861998ad57a3432eb4bd5fd99a34c7cc9bc44b3c59dfb830db85?s=96&d=mm&r=g","url":"https:\/\/secure.gravatar.com\/avatar\/0219e64664f5861998ad57a3432eb4bd5fd99a34c7cc9bc44b3c59dfb830db85?s=96&d=mm&r=g","contentUrl":"https:\/\/secure.gravatar.com\/avatar\/0219e64664f5861998ad57a3432eb4bd5fd99a34c7cc9bc44b3c59dfb830db85?s=96&d=mm&r=g","caption":"Sepam"},"url":"https:\/\/sepam.com.br\/en\/author\/sepam\/"}]}},"_links":{"self":[{"href":"https:\/\/sepam.com.br\/en\/wp-json\/wp\/v2\/posts\/6911","targetHints":{"allow":["GET"]}}],"collection":[{"href":"https:\/\/sepam.com.br\/en\/wp-json\/wp\/v2\/posts"}],"about":[{"href":"https:\/\/sepam.com.br\/en\/wp-json\/wp\/v2\/types\/post"}],"author":[{"embeddable":true,"href":"https:\/\/sepam.com.br\/en\/wp-json\/wp\/v2\/users\/13"}],"replies":[{"embeddable":true,"href":"https:\/\/sepam.com.br\/en\/wp-json\/wp\/v2\/comments?post=6911"}],"version-history":[{"count":1,"href":"https:\/\/sepam.com.br\/en\/wp-json\/wp\/v2\/posts\/6911\/revisions"}],"predecessor-version":[{"id":7455,"href":"https:\/\/sepam.com.br\/en\/wp-json\/wp\/v2\/posts\/6911\/revisions\/7455"}],"wp:attachment":[{"href":"https:\/\/sepam.com.br\/en\/wp-json\/wp\/v2\/media?parent=6911"}],"wp:term":[{"taxonomy":"category","embeddable":true,"href":"https:\/\/sepam.com.br\/en\/wp-json\/wp\/v2\/categories?post=6911"},{"taxonomy":"post_tag","embeddable":true,"href":"https:\/\/sepam.com.br\/en\/wp-json\/wp\/v2\/tags?post=6911"}],"curies":[{"name":"wp","href":"https:\/\/api.w.org\/{rel}","templated":true}]}}