{"id":6883,"date":"2025-08-28T10:47:05","date_gmt":"2025-08-28T13:47:05","guid":{"rendered":"https:\/\/dev.alisonandrei.com.br\/noticia\/castro-sepam-realiza-feira-de-ciencias\/"},"modified":"2025-11-24T10:53:37","modified_gmt":"2025-11-24T13:53:37","slug":"castro-sepam-realiza-feira-de-ciencias","status":"publish","type":"post","link":"https:\/\/sepam.com.br\/en\/castro-sepam-realiza-feira-de-ciencias\/","title":{"rendered":"Castro: Sepam realiza Feira de Ci\u00eancias"},"content":{"rendered":"<p><i><span style=\"font-weight: 400\">Trabalhos abordaram quest\u00f5es sobre problemas sociais<\/span><\/i><\/p>\n<p><span style=\"font-weight: 400\">No m\u00eas de maio, as turmas do 6\u00ba ao 8\u00ba ano do Ensino Fundamental do Col\u00e9gio Sepam Castro realizaram uma Feira de Ci\u00eancias. Os projetos contemplaram solu\u00e7\u00f5es para problemas sociais, como saneamento b\u00e1sico, energia, sustentabilidade, meio ambiente e tecnologia.<\/span><\/p>\n<p><span style=\"font-weight: 400\">O professor da disciplina de Ci\u00eancia, Pietro Martins Barbosa Noga, esclarece que o principal objetivo de promover este tipo de evento, al\u00e9m de desenvolver nos alunos o gosto pela ci\u00eancia, \u00e9 estimular que compartilhem informa\u00e7\u00e3o e desenvolvam habilidades de comunica\u00e7\u00e3o. \u201cA alfabetiza\u00e7\u00e3o cient\u00edfica e a populariza\u00e7\u00e3o da ci\u00eancia foram os pilares que sustentaram a atividade, a qual foi realizada com aspectos te\u00f3ricos das disciplinas de \u00a0Biologia, Qu\u00edmica, F\u00edsica, Geoci\u00eancias e Geografia\u201d, explica.<\/span><\/p>\n<p><span style=\"font-weight: 400\">Os estudantes realizaram experi\u00eancias de acordo com a \u00e1rea cient\u00edfica de seu interesse, aplicando o m\u00e9todo cient\u00edfico: <\/span><span style=\"font-weight: 400\">observa\u00e7\u00e3o, formula\u00e7\u00e3o de uma hip\u00f3tese, experimenta\u00e7\u00e3o, interpreta\u00e7\u00e3o dos resultados e conclus\u00e3o.<\/span><\/p>\n","protected":false},"excerpt":{"rendered":"<p>Trabalhos abordaram quest\u00f5es sobre problemas sociais No m\u00eas de maio, as turmas do 6\u00ba ao 8\u00ba ano do Ensino Fundamental do Col\u00e9gio Sepam Castro realizaram uma Feira de Ci\u00eancias. Os projetos contemplaram solu\u00e7\u00f5es para problemas sociais, como saneamento b\u00e1sico, energia, sustentabilidade, meio ambiente e tecnologia. O professor da disciplina de Ci\u00eancia, Pietro Martins Barbosa Noga, [&hellip;]<\/p>\n","protected":false},"author":13,"featured_media":0,"comment_status":"open","ping_status":"open","sticky":false,"template":"","format":"standard","meta":{"footnotes":""},"categories":[21],"tags":[],"class_list":["post-6883","post","type-post","status-publish","format-standard","hentry","category-colegio-sepam"],"yoast_head":"<!-- This site is optimized with the Yoast SEO plugin v28.4 - https:\/\/yoast.com\/product\/yoast-seo-wordpress\/ -->\n<title>Castro: Sepam realiza Feira de Ci\u00eancias<\/title>\n<meta name=\"description\" content=\"Trabalhos abordaram quest\u00f5es sobre problemas sociais No m\u00eas de maio, as turmas do 6\u00ba ao 8\u00ba ano do Ensino Fundamental do Col\u00e9gio Sepam Castro realizaram uma Feira de Ci\u00eancias. Os projetos contemplaram solu\u00e7\u00f5es para problemas sociais, como saneamento b\u00e1sico, energia, sustentabilidade, meio ambiente e tecnologia. O professor da disciplina de Ci\u00eancia, Pietro Martins Barbosa Noga,&hellip;\" \/>\n<meta name=\"robots\" content=\"index, follow, max-snippet:-1, max-image-preview:large, max-video-preview:-1\" \/>\n<link rel=\"canonical\" href=\"https:\/\/sepam.com.br\/en\/castro-sepam-realiza-feira-de-ciencias\/\" \/>\n<meta property=\"og:locale\" content=\"en_US\" \/>\n<meta property=\"og:type\" content=\"article\" \/>\n<meta property=\"og:title\" content=\"Castro: Sepam realiza Feira de Ci\u00eancias\" \/>\n<meta property=\"og:description\" content=\"Trabalhos abordaram quest\u00f5es sobre problemas sociais No m\u00eas de maio, as turmas do 6\u00ba ao 8\u00ba ano do Ensino Fundamental do Col\u00e9gio Sepam Castro realizaram uma Feira de Ci\u00eancias. Os projetos contemplaram solu\u00e7\u00f5es para problemas sociais, como saneamento b\u00e1sico, energia, sustentabilidade, meio ambiente e tecnologia. O professor da disciplina de Ci\u00eancia, Pietro Martins Barbosa Noga,&hellip;\" \/>\n<meta property=\"og:url\" content=\"https:\/\/sepam.com.br\/en\/castro-sepam-realiza-feira-de-ciencias\/\" \/>\n<meta property=\"og:site_name\" content=\"Col\u00e9gio Sepam\" \/>\n<meta property=\"article:published_time\" content=\"2025-08-28T13:47:05+00:00\" \/>\n<meta property=\"article:modified_time\" content=\"2025-11-24T13:53:37+00:00\" \/>\n<meta name=\"author\" content=\"Sepam\" \/>\n<meta name=\"twitter:card\" content=\"summary_large_image\" \/>\n<meta name=\"twitter:label1\" content=\"Written by\" \/>\n\t<meta name=\"twitter:data1\" content=\"Sepam\" \/>\n\t<meta name=\"twitter:label2\" content=\"Est. reading time\" \/>\n\t<meta name=\"twitter:data2\" content=\"1 minute\" \/>\n<script type=\"application\/ld+json\" class=\"yoast-schema-graph\">{\"@context\":\"https:\\\/\\\/schema.org\",\"@graph\":[{\"@type\":\"Article\",\"@id\":\"https:\\\/\\\/sepam.com.br\\\/en\\\/castro-sepam-realiza-feira-de-ciencias\\\/#article\",\"isPartOf\":{\"@id\":\"https:\\\/\\\/sepam.com.br\\\/en\\\/castro-sepam-realiza-feira-de-ciencias\\\/\"},\"author\":{\"name\":\"Sepam\",\"@id\":\"https:\\\/\\\/sepam.com.br\\\/#\\\/schema\\\/person\\\/bfa2996c649a5a6d822766f6e64eb7fd\"},\"headline\":\"Castro: Sepam realiza Feira de Ci\u00eancias\",\"datePublished\":\"2025-08-28T13:47:05+00:00\",\"dateModified\":\"2025-11-24T13:53:37+00:00\",\"mainEntityOfPage\":{\"@id\":\"https:\\\/\\\/sepam.com.br\\\/en\\\/castro-sepam-realiza-feira-de-ciencias\\\/\"},\"wordCount\":178,\"commentCount\":0,\"publisher\":{\"@id\":\"https:\\\/\\\/sepam.com.br\\\/#organization\"},\"articleSection\":[\"Colegio Sepam\"],\"inLanguage\":\"en-US\",\"potentialAction\":[{\"@type\":\"CommentAction\",\"name\":\"Comment\",\"target\":[\"https:\\\/\\\/sepam.com.br\\\/en\\\/castro-sepam-realiza-feira-de-ciencias\\\/#respond\"]}]},{\"@type\":\"WebPage\",\"@id\":\"https:\\\/\\\/sepam.com.br\\\/en\\\/castro-sepam-realiza-feira-de-ciencias\\\/\",\"url\":\"https:\\\/\\\/sepam.com.br\\\/en\\\/castro-sepam-realiza-feira-de-ciencias\\\/\",\"name\":\"Castro: Sepam realiza Feira de Ci\u00eancias - Col\u00e9gio Sepam\",\"isPartOf\":{\"@id\":\"https:\\\/\\\/sepam.com.br\\\/#website\"},\"datePublished\":\"2025-08-28T13:47:05+00:00\",\"dateModified\":\"2025-11-24T13:53:37+00:00\",\"breadcrumb\":{\"@id\":\"https:\\\/\\\/sepam.com.br\\\/en\\\/castro-sepam-realiza-feira-de-ciencias\\\/#breadcrumb\"},\"inLanguage\":\"en-US\",\"potentialAction\":[{\"@type\":\"ReadAction\",\"target\":[\"https:\\\/\\\/sepam.com.br\\\/en\\\/castro-sepam-realiza-feira-de-ciencias\\\/\"]}]},{\"@type\":\"BreadcrumbList\",\"@id\":\"https:\\\/\\\/sepam.com.br\\\/en\\\/castro-sepam-realiza-feira-de-ciencias\\\/#breadcrumb\",\"itemListElement\":[{\"@type\":\"ListItem\",\"position\":1,\"name\":\"Boas Vindas\",\"item\":\"https:\\\/\\\/sepam.com.br\\\/\"},{\"@type\":\"ListItem\",\"position\":2,\"name\":\"Castro: Sepam realiza Feira de Ci\u00eancias\"}]},{\"@type\":\"WebSite\",\"@id\":\"https:\\\/\\\/sepam.com.br\\\/en\\\/#website\",\"url\":\"https:\\\/\\\/sepam.com.br\\\/en\\\/\",\"name\":\"Col\u00e9gio Sepam\",\"description\":\"Ensino Incompar\u00e1vel\",\"publisher\":{\"@id\":\"https:\\\/\\\/sepam.com.br\\\/en\\\/#organization\"},\"potentialAction\":[{\"@type\":\"SearchAction\",\"target\":{\"@type\":\"EntryPoint\",\"urlTemplate\":\"https:\\\/\\\/sepam.com.br\\\/en\\\/?s={search_term_string}\"},\"query-input\":{\"@type\":\"PropertyValueSpecification\",\"valueRequired\":true,\"valueName\":\"search_term_string\"}}],\"inLanguage\":\"en-US\"},{\"@type\":\"Organization\",\"@id\":\"https:\\\/\\\/sepam.com.br\\\/en\\\/#organization\",\"name\":\"Col\u00e9gio Sepam\",\"url\":\"https:\\\/\\\/sepam.com.br\\\/en\\\/\",\"logo\":{\"@type\":\"ImageObject\",\"inLanguage\":\"en-US\",\"@id\":\"https:\\\/\\\/sepam.com.br\\\/en\\\/#\\\/schema\\\/logo\\\/image\\\/\",\"url\":\"https:\\\/\\\/sepam.com.br\\\/wp-content\\\/uploads\\\/2025\\\/02\\\/Ativo-2.png\",\"contentUrl\":\"https:\\\/\\\/sepam.com.br\\\/wp-content\\\/uploads\\\/2025\\\/02\\\/Ativo-2.png\",\"width\":595,\"height\":525,\"caption\":\"Col\u00e9gio Sepam\"},\"image\":{\"@id\":\"https:\\\/\\\/sepam.com.br\\\/en\\\/#\\\/schema\\\/logo\\\/image\\\/\"}},{\"@type\":\"Person\",\"@id\":\"https:\\\/\\\/sepam.com.br\\\/#\\\/schema\\\/person\\\/bfa2996c649a5a6d822766f6e64eb7fd\",\"name\":\"Sepam\",\"image\":{\"@type\":\"ImageObject\",\"inLanguage\":\"en-US\",\"@id\":\"https:\\\/\\\/secure.gravatar.com\\\/avatar\\\/0219e64664f5861998ad57a3432eb4bd5fd99a34c7cc9bc44b3c59dfb830db85?s=96&d=mm&r=g\",\"url\":\"https:\\\/\\\/secure.gravatar.com\\\/avatar\\\/0219e64664f5861998ad57a3432eb4bd5fd99a34c7cc9bc44b3c59dfb830db85?s=96&d=mm&r=g\",\"contentUrl\":\"https:\\\/\\\/secure.gravatar.com\\\/avatar\\\/0219e64664f5861998ad57a3432eb4bd5fd99a34c7cc9bc44b3c59dfb830db85?s=96&d=mm&r=g\",\"caption\":\"Sepam\"},\"url\":\"https:\\\/\\\/sepam.com.br\\\/en\\\/author\\\/sepam\\\/\"}]}<\/script>\n<!-- \/ Yoast SEO plugin. -->","yoast_head_json":{"title":"Castro: Sepam realiza Feira de Ci\u00eancias","description":"Trabalhos abordaram quest\u00f5es sobre problemas sociais No m\u00eas de maio, as turmas do 6\u00ba ao 8\u00ba ano do Ensino Fundamental do Col\u00e9gio Sepam Castro realizaram uma Feira de Ci\u00eancias. Os projetos contemplaram solu\u00e7\u00f5es para problemas sociais, como saneamento b\u00e1sico, energia, sustentabilidade, meio ambiente e tecnologia. O professor da disciplina de Ci\u00eancia, Pietro Martins Barbosa Noga,&hellip;","robots":{"index":"index","follow":"follow","max-snippet":"max-snippet:-1","max-image-preview":"max-image-preview:large","max-video-preview":"max-video-preview:-1"},"canonical":"https:\/\/sepam.com.br\/en\/castro-sepam-realiza-feira-de-ciencias\/","og_locale":"en_US","og_type":"article","og_title":"Castro: Sepam realiza Feira de Ci\u00eancias","og_description":"Trabalhos abordaram quest\u00f5es sobre problemas sociais No m\u00eas de maio, as turmas do 6\u00ba ao 8\u00ba ano do Ensino Fundamental do Col\u00e9gio Sepam Castro realizaram uma Feira de Ci\u00eancias. Os projetos contemplaram solu\u00e7\u00f5es para problemas sociais, como saneamento b\u00e1sico, energia, sustentabilidade, meio ambiente e tecnologia. O professor da disciplina de Ci\u00eancia, Pietro Martins Barbosa Noga,&hellip;","og_url":"https:\/\/sepam.com.br\/en\/castro-sepam-realiza-feira-de-ciencias\/","og_site_name":"Col\u00e9gio Sepam","article_published_time":"2025-08-28T13:47:05+00:00","article_modified_time":"2025-11-24T13:53:37+00:00","author":"Sepam","twitter_card":"summary_large_image","twitter_misc":{"Written by":"Sepam","Est. reading time":"1 minute"},"schema":{"@context":"https:\/\/schema.org","@graph":[{"@type":"Article","@id":"https:\/\/sepam.com.br\/en\/castro-sepam-realiza-feira-de-ciencias\/#article","isPartOf":{"@id":"https:\/\/sepam.com.br\/en\/castro-sepam-realiza-feira-de-ciencias\/"},"author":{"name":"Sepam","@id":"https:\/\/sepam.com.br\/#\/schema\/person\/bfa2996c649a5a6d822766f6e64eb7fd"},"headline":"Castro: Sepam realiza Feira de Ci\u00eancias","datePublished":"2025-08-28T13:47:05+00:00","dateModified":"2025-11-24T13:53:37+00:00","mainEntityOfPage":{"@id":"https:\/\/sepam.com.br\/en\/castro-sepam-realiza-feira-de-ciencias\/"},"wordCount":178,"commentCount":0,"publisher":{"@id":"https:\/\/sepam.com.br\/#organization"},"articleSection":["Colegio Sepam"],"inLanguage":"en-US","potentialAction":[{"@type":"CommentAction","name":"Comment","target":["https:\/\/sepam.com.br\/en\/castro-sepam-realiza-feira-de-ciencias\/#respond"]}]},{"@type":"WebPage","@id":"https:\/\/sepam.com.br\/en\/castro-sepam-realiza-feira-de-ciencias\/","url":"https:\/\/sepam.com.br\/en\/castro-sepam-realiza-feira-de-ciencias\/","name":"Castro: Sepam realiza Feira de Ci\u00eancias - Col\u00e9gio Sepam","isPartOf":{"@id":"https:\/\/sepam.com.br\/#website"},"datePublished":"2025-08-28T13:47:05+00:00","dateModified":"2025-11-24T13:53:37+00:00","breadcrumb":{"@id":"https:\/\/sepam.com.br\/en\/castro-sepam-realiza-feira-de-ciencias\/#breadcrumb"},"inLanguage":"en-US","potentialAction":[{"@type":"ReadAction","target":["https:\/\/sepam.com.br\/en\/castro-sepam-realiza-feira-de-ciencias\/"]}]},{"@type":"BreadcrumbList","@id":"https:\/\/sepam.com.br\/en\/castro-sepam-realiza-feira-de-ciencias\/#breadcrumb","itemListElement":[{"@type":"ListItem","position":1,"name":"Boas Vindas","item":"https:\/\/sepam.com.br\/"},{"@type":"ListItem","position":2,"name":"Castro: Sepam realiza Feira de Ci\u00eancias"}]},{"@type":"WebSite","@id":"https:\/\/sepam.com.br\/en\/#website","url":"https:\/\/sepam.com.br\/en\/","name":"Col\u00e9gio Sepam","description":"Ensino Incompar\u00e1vel","publisher":{"@id":"https:\/\/sepam.com.br\/en\/#organization"},"potentialAction":[{"@type":"SearchAction","target":{"@type":"EntryPoint","urlTemplate":"https:\/\/sepam.com.br\/en\/?s={search_term_string}"},"query-input":{"@type":"PropertyValueSpecification","valueRequired":true,"valueName":"search_term_string"}}],"inLanguage":"en-US"},{"@type":"Organization","@id":"https:\/\/sepam.com.br\/en\/#organization","name":"Col\u00e9gio Sepam","url":"https:\/\/sepam.com.br\/en\/","logo":{"@type":"ImageObject","inLanguage":"en-US","@id":"https:\/\/sepam.com.br\/en\/#\/schema\/logo\/image\/","url":"https:\/\/sepam.com.br\/wp-content\/uploads\/2025\/02\/Ativo-2.png","contentUrl":"https:\/\/sepam.com.br\/wp-content\/uploads\/2025\/02\/Ativo-2.png","width":595,"height":525,"caption":"Col\u00e9gio Sepam"},"image":{"@id":"https:\/\/sepam.com.br\/en\/#\/schema\/logo\/image\/"}},{"@type":"Person","@id":"https:\/\/sepam.com.br\/#\/schema\/person\/bfa2996c649a5a6d822766f6e64eb7fd","name":"Sepam","image":{"@type":"ImageObject","inLanguage":"en-US","@id":"https:\/\/secure.gravatar.com\/avatar\/0219e64664f5861998ad57a3432eb4bd5fd99a34c7cc9bc44b3c59dfb830db85?s=96&d=mm&r=g","url":"https:\/\/secure.gravatar.com\/avatar\/0219e64664f5861998ad57a3432eb4bd5fd99a34c7cc9bc44b3c59dfb830db85?s=96&d=mm&r=g","contentUrl":"https:\/\/secure.gravatar.com\/avatar\/0219e64664f5861998ad57a3432eb4bd5fd99a34c7cc9bc44b3c59dfb830db85?s=96&d=mm&r=g","caption":"Sepam"},"url":"https:\/\/sepam.com.br\/en\/author\/sepam\/"}]}},"_links":{"self":[{"href":"https:\/\/sepam.com.br\/en\/wp-json\/wp\/v2\/posts\/6883","targetHints":{"allow":["GET"]}}],"collection":[{"href":"https:\/\/sepam.com.br\/en\/wp-json\/wp\/v2\/posts"}],"about":[{"href":"https:\/\/sepam.com.br\/en\/wp-json\/wp\/v2\/types\/post"}],"author":[{"embeddable":true,"href":"https:\/\/sepam.com.br\/en\/wp-json\/wp\/v2\/users\/13"}],"replies":[{"embeddable":true,"href":"https:\/\/sepam.com.br\/en\/wp-json\/wp\/v2\/comments?post=6883"}],"version-history":[{"count":1,"href":"https:\/\/sepam.com.br\/en\/wp-json\/wp\/v2\/posts\/6883\/revisions"}],"predecessor-version":[{"id":7467,"href":"https:\/\/sepam.com.br\/en\/wp-json\/wp\/v2\/posts\/6883\/revisions\/7467"}],"wp:attachment":[{"href":"https:\/\/sepam.com.br\/en\/wp-json\/wp\/v2\/media?parent=6883"}],"wp:term":[{"taxonomy":"category","embeddable":true,"href":"https:\/\/sepam.com.br\/en\/wp-json\/wp\/v2\/categories?post=6883"},{"taxonomy":"post_tag","embeddable":true,"href":"https:\/\/sepam.com.br\/en\/wp-json\/wp\/v2\/tags?post=6883"}],"curies":[{"name":"wp","href":"https:\/\/api.w.org\/{rel}","templated":true}]}}