{"id":6881,"date":"2025-08-28T10:47:05","date_gmt":"2025-08-28T13:47:05","guid":{"rendered":"https:\/\/dev.alisonandrei.com.br\/noticia\/ex-alunos-do-sepam-realizam-sonho-de-construir-carreira-no-exterior\/"},"modified":"2025-11-24T10:53:37","modified_gmt":"2025-11-24T13:53:37","slug":"ex-alunos-do-sepam-realizam-sonho-de-construir-carreira-no-exterior","status":"publish","type":"post","link":"https:\/\/sepam.com.br\/en\/ex-alunos-do-sepam-realizam-sonho-de-construir-carreira-no-exterior\/","title":{"rendered":"Ex-alunos do Sepam realizam sonho de construir carreira no exterior"},"content":{"rendered":"<p>De Ponta Grossa para o mundo. Esse \u00e9 o desejo de muitos jovens estudantes, principalmente quando est\u00e3o no Ensino M\u00e9dio ou depois que ingressam na universidade. Desejo maior ainda \u00e9 conquistar um emprego dos sonhos depois de se formar &#8211; melhor ainda se essa vaga for fora do pa\u00eds.<\/p>\n<p>Em 2007, Henrique Lebarbenchon Mota saiu de Ponta Grossa e passou tr\u00eas meses nos Estados Unidos. L\u00e1 trabalhou em um hotel e em uma loja de departamentos. O estudante voltou para o Brasil, em 2008 mudou de curso passou a estudar Administra\u00e7\u00e3o na Universidade Estadual de Ponta Grossa (UEPG). Nunca tirou da cabe\u00e7a um sonho: voltar a ter experi\u00eancia fora do pa\u00eds. Quando concluiu o curso em 2013, ele conseguiu um est\u00e1gio na PWC &#8211; network de firmas presente em 158 territ\u00f3rios do mundo &#8211; em S\u00e3o Jos\u00e9, na Calif\u00f3rnia, Estados Unidos. A primeira dica de Henrique para alcan\u00e7ar os objetivos \u00e9 sair da zona de conforto. \u201cDe alguma forma a minha personalidade realmente exige isso para executar o meu potencial m\u00e1ximo. N\u00e3o digo que isso seja regra para todos, mas eu sou uma delas com certeza\u201d, conclui.<\/p>\n<p>A segunda orienta\u00e7\u00e3o, palavra de ordem para se adaptar em um emprego em outro pa\u00eds, com outro idioma e outros costumes \u00e9 humildade: \u201cMeu est\u00e1gio era focado em tributa\u00e7\u00e3o fiscal americana, eu vim com um contrato inicial de 12 meses. Olhando para tr\u00e1s eu vejo como precisei me desenvolver muito nos primeiros anos, per\u00edodo que foi de muitas dificuldades, mas tamb\u00e9m de aprendizado. Naquela \u00e9poca a humildade e paci\u00eancia me ajudaram muito a ter a confian\u00e7a do meu time\u201d.<\/p>\n<p>N\u00e3o demorou para que Henrique fosse efetivado na PWC e logo depois contratado por uma das melhores empresas do mundo para se trabalhar. Com 72 mil empregados, a holding do Google ocupa o primeiro lugar na disputada lista da Forbes pelo 6\u00ba ano consecutivo. Ele faz parte do time de A\u00e7\u00f5es do Google, respons\u00e1vel por toda parte Operacional, Tributa\u00e7\u00e3o e de Sistemas para gerenciar as a\u00e7\u00f5es da empresa em que os funcion\u00e1rios recebem como compensa\u00e7\u00e3o.<\/p>\n<p>E \u00e9 fato, onde tem um ponta-grossense sempre tem outro. Janaina de G\u00f3es \u00e9 do Team Lead de Analistas de Conte\u00fado do Google. Ela \u00e9 formada em Com\u00e9rcio Exterior pela UEPG e trabalha na empresa desde setembro de 2017. Embarcou para S\u00e3o Francisco, tamb\u00e9m na Calif\u00f3rnia, h\u00e1 12 anos quando terminou a faculdade com o objetivo de se aprofundar no idioma ingl\u00eas. \u201cVim para c\u00e1 por um programa de trabalho remunerado, estudo e interc\u00e2mbio cultural nos EUA\u201d, explica Janaina.<\/p>\n<p>Quando chegou ao pa\u00eds norte americano, rec\u00e9m-formada ela fez de tudo um pouco, trabalhou principalmente como bab\u00e1 e assistente de fam\u00edlias enquanto fazia p\u00f3s- gradua\u00e7\u00e3o na International Business na San Francisco State University.\u00a0No Google, Janaina come\u00e7ou como Analista de Conte\u00fado da L\u00edngua Portuguesa e hoje \u00e9 l\u00edder de um time que conta tamb\u00e9m com analistas de L\u00edngua Espanhola, Francesa, Italiana e Alem\u00e3. \u201cTrabalhamos fazendo revis\u00e3o e an\u00e1lise dos an\u00fancios que aparecem na p\u00e1gina do Google em pa\u00edses que falam esses idiomas\u201d, conta.<\/p>\n<p>E, como \u00e9 trabalhar em outro pa\u00eds com outra cultura e outro idioma? Nada melhor que algu\u00e9m com experi\u00eancia para contar. Segundo Janaina, os profissionais qualificados s\u00e3o valorizados, at\u00e9 porque existe uma demanda por profissionais fluentes na L\u00edngua Portuguesa. \u201cEu trabalhei por muito tempo cuidando de crian\u00e7as, as bab\u00e1s brasileiras s\u00e3o as preferidas pelas fam\u00edlias americanas, principalmente pelo calor e carinho que demonstram pelas crian\u00e7as. Assim, acabam sendo melhor remuneradas\u201d, conta Janaina.<\/p>\n<p>Sem d\u00favida, o brasileiro \u00e9 reconhecido pelo carinho e recep\u00e7\u00e3o com que recebe e trata as pessoas. Henrique conta que no Google h\u00e1 um termo chamado <em>&#8220;Googleyness&#8221;,<\/em> forma como a pessoa deve se comportar com os colegas, que \u00e9 uma das qualidades exigidas pela empresa aos colaboradores.\u00a0 A fama que os brasileiros t\u00eam por l\u00e1 \u00e9 de serem super <em>Googley<\/em> genuinamente na forma de interagir com colegas e trabalhar em um ambiente colaborativo e em equipe.<\/p>\n<p>\u201cA forma como somos criados e a cultura do brasileiro ajuda muito em um ambiente como o Google, onde voc\u00ea precisa realmente ter muito jogo de cintura e se adaptar r\u00e1pido em um ambiente que est\u00e1 em constante movimento. Existem muitos brasileiros trabalhando aqui no Google da Calif\u00f3rnia, e a maioria do pessoal come\u00e7ou no Google S\u00e3o Paulo e acabaram sendo transferidos para os EUA\u201d, conta ele.<\/p>\n<p><strong>\u00d3tima forma\u00e7\u00e3o abre portas para grandes sonhos<\/strong><\/p>\n<p>Tanto Henrique como Janaina estudaram desde pequenos no Col\u00e9gio Sepam, em Ponta Grossa. Ela entrou no Col\u00e9gio no Ensino Fundamental e ele na Educa\u00e7\u00e3o Infantil, ambos conclu\u00edram os estudos ali at\u00e9 entrarem para a universidade.<\/p>\n<p>Para ela, a qualidade no ensino da institui\u00e7\u00e3o contribuiu para a jornada rumo ao mundo. \u201cAcredito que a forma\u00e7\u00e3o no Sepam contribuiu para a minha entrada em uma universidade estadual. A \u00e9tica ensinada no Col\u00e9gio, unida a minha perseveran\u00e7a me ajudaram a chegar aonde cheguei. Tamb\u00e9m n\u00e3o posso deixar de mencionar a querida professora Francine Cavagnari, professora de L\u00edngua Inglesa na \u00e9poca, que despertou em mim o interesse pelo idioma\u201d.<\/p>\n<p>O Col\u00e9gio sempre se preocupou com a forma\u00e7\u00e3o bil\u00edngue de seus alunos. A professora Francine, citada por Janaina, hoje \u00e9 coordenadora do programa High School que o Sepam oferece desde 2015 com exclusividade na regi\u00e3o. O programa \u00e9 uma parceria com a University of Missouri, dos Estados Unidos. O curso conta com estrutura espec\u00edfica e professores de n\u00edvel internacional e os alunos saem com curr\u00edculo duplo do Ensino M\u00e9dio: um brasileiro e outro norte-americano. Em dezembro de 2017, o Col\u00e9gio formou a primeira turma de Ensino M\u00e9dio americano em Ponta Grossa.<\/p>\n<p>Henrique tamb\u00e9m enxerga no Col\u00e9gio um parceiro em sua forma\u00e7\u00e3o n\u00e3o s\u00f3 educacional, mas para a vida e para o mundo. \u201cO Sepam fez parte do desenvolvimento das minhas responsabilidades e disciplina. Na \u00e9poca eu n\u00e3o entendia, mas hoje eu vejo como as tarefas e obriga\u00e7\u00f5es di\u00e1rias formam um individuo muito mais organizado, focado, e respons\u00e1vel\u201d.<\/p>\n<p>Para a coordenadora pedag\u00f3gica do Sepam, Sonia Mongruel, que trabalha no Col\u00e9gio h\u00e1 25 anos, a institui\u00e7\u00e3o sempre prezou por um curr\u00edculo acad\u00eamico s\u00f3lido e consistente: \u201cIsso \u00e9 fundamental para que nossos alunos entendam n\u00e3o s\u00f3 a ci\u00eancia, mas as quest\u00f5es sociais e assim terem condi\u00e7\u00f5es de serem arrojados e se lan\u00e7arem para o mundo\u201d.<\/p>\n<p>Muitos alunos que passaram pelo Col\u00e9gio ocupam cargos em multinacionais e na academia em diversos pa\u00edses. Segundo Sonia, s\u00f3 o dom\u00ednio acad\u00eamico nunca foi suficiente para que a pessoas enfrentem desafios e tenham autonomia, \u00e9 necess\u00e1rio o auxilio na forma\u00e7\u00e3o de car\u00e1ter e compet\u00eancias, assim elas estar\u00e3o mais preparadas para o mundo, que cada dia exige pessoas e profissionais mais criativos.<\/p>\n","protected":false},"excerpt":{"rendered":"<p>De Ponta Grossa para o mundo. Esse \u00e9 o desejo de muitos jovens estudantes, principalmente quando est\u00e3o no Ensino M\u00e9dio ou depois que ingressam na universidade. Desejo maior ainda \u00e9 conquistar um emprego dos sonhos depois de se formar &#8211; melhor ainda se essa vaga for fora do pa\u00eds. Em 2007, Henrique Lebarbenchon Mota saiu [&hellip;]<\/p>\n","protected":false},"author":13,"featured_media":0,"comment_status":"open","ping_status":"open","sticky":false,"template":"","format":"standard","meta":{"footnotes":""},"categories":[21],"tags":[],"class_list":["post-6881","post","type-post","status-publish","format-standard","hentry","category-colegio-sepam"],"yoast_head":"<!-- This site is optimized with the Yoast SEO plugin v28.4 - https:\/\/yoast.com\/product\/yoast-seo-wordpress\/ -->\n<title>Ex-alunos do Sepam realizam sonho de construir carreira no exterior<\/title>\n<meta name=\"description\" content=\"De Ponta Grossa para o mundo. Esse \u00e9 o desejo de muitos jovens estudantes, principalmente quando est\u00e3o no Ensino M\u00e9dio ou depois que ingressam na universidade. Desejo maior ainda \u00e9 conquistar um emprego dos sonhos depois de se formar - melhor ainda se essa vaga for fora do pa\u00eds. Em 2007, Henrique Lebarbenchon Mota saiu&hellip;\" \/>\n<meta name=\"robots\" content=\"index, follow, max-snippet:-1, max-image-preview:large, max-video-preview:-1\" \/>\n<link rel=\"canonical\" href=\"https:\/\/sepam.com.br\/en\/ex-alunos-do-sepam-realizam-sonho-de-construir-carreira-no-exterior\/\" \/>\n<meta property=\"og:locale\" content=\"en_US\" \/>\n<meta property=\"og:type\" content=\"article\" \/>\n<meta property=\"og:title\" content=\"Ex-alunos do Sepam realizam sonho de construir carreira no exterior\" \/>\n<meta property=\"og:description\" content=\"De Ponta Grossa para o mundo. Esse \u00e9 o desejo de muitos jovens estudantes, principalmente quando est\u00e3o no Ensino M\u00e9dio ou depois que ingressam na universidade. Desejo maior ainda \u00e9 conquistar um emprego dos sonhos depois de se formar - melhor ainda se essa vaga for fora do pa\u00eds. Em 2007, Henrique Lebarbenchon Mota saiu&hellip;\" \/>\n<meta property=\"og:url\" content=\"https:\/\/sepam.com.br\/en\/ex-alunos-do-sepam-realizam-sonho-de-construir-carreira-no-exterior\/\" \/>\n<meta property=\"og:site_name\" content=\"Col\u00e9gio Sepam\" \/>\n<meta property=\"article:published_time\" content=\"2025-08-28T13:47:05+00:00\" \/>\n<meta property=\"article:modified_time\" content=\"2025-11-24T13:53:37+00:00\" \/>\n<meta name=\"author\" content=\"Sepam\" \/>\n<meta name=\"twitter:card\" content=\"summary_large_image\" \/>\n<meta name=\"twitter:label1\" content=\"Written by\" \/>\n\t<meta name=\"twitter:data1\" content=\"Sepam\" \/>\n\t<meta name=\"twitter:label2\" content=\"Est. reading time\" \/>\n\t<meta name=\"twitter:data2\" content=\"6 minutes\" \/>\n<script type=\"application\/ld+json\" class=\"yoast-schema-graph\">{\"@context\":\"https:\\\/\\\/schema.org\",\"@graph\":[{\"@type\":\"Article\",\"@id\":\"https:\\\/\\\/sepam.com.br\\\/en\\\/ex-alunos-do-sepam-realizam-sonho-de-construir-carreira-no-exterior\\\/#article\",\"isPartOf\":{\"@id\":\"https:\\\/\\\/sepam.com.br\\\/en\\\/ex-alunos-do-sepam-realizam-sonho-de-construir-carreira-no-exterior\\\/\"},\"author\":{\"name\":\"Sepam\",\"@id\":\"https:\\\/\\\/sepam.com.br\\\/#\\\/schema\\\/person\\\/bfa2996c649a5a6d822766f6e64eb7fd\"},\"headline\":\"Ex-alunos do Sepam realizam sonho de construir carreira no exterior\",\"datePublished\":\"2025-08-28T13:47:05+00:00\",\"dateModified\":\"2025-11-24T13:53:37+00:00\",\"mainEntityOfPage\":{\"@id\":\"https:\\\/\\\/sepam.com.br\\\/en\\\/ex-alunos-do-sepam-realizam-sonho-de-construir-carreira-no-exterior\\\/\"},\"wordCount\":1197,\"commentCount\":0,\"publisher\":{\"@id\":\"https:\\\/\\\/sepam.com.br\\\/#organization\"},\"articleSection\":[\"Colegio Sepam\"],\"inLanguage\":\"en-US\",\"potentialAction\":[{\"@type\":\"CommentAction\",\"name\":\"Comment\",\"target\":[\"https:\\\/\\\/sepam.com.br\\\/en\\\/ex-alunos-do-sepam-realizam-sonho-de-construir-carreira-no-exterior\\\/#respond\"]}]},{\"@type\":\"WebPage\",\"@id\":\"https:\\\/\\\/sepam.com.br\\\/en\\\/ex-alunos-do-sepam-realizam-sonho-de-construir-carreira-no-exterior\\\/\",\"url\":\"https:\\\/\\\/sepam.com.br\\\/en\\\/ex-alunos-do-sepam-realizam-sonho-de-construir-carreira-no-exterior\\\/\",\"name\":\"Ex-alunos do Sepam realizam sonho de construir carreira no exterior - Col\u00e9gio Sepam\",\"isPartOf\":{\"@id\":\"https:\\\/\\\/sepam.com.br\\\/#website\"},\"datePublished\":\"2025-08-28T13:47:05+00:00\",\"dateModified\":\"2025-11-24T13:53:37+00:00\",\"breadcrumb\":{\"@id\":\"https:\\\/\\\/sepam.com.br\\\/en\\\/ex-alunos-do-sepam-realizam-sonho-de-construir-carreira-no-exterior\\\/#breadcrumb\"},\"inLanguage\":\"en-US\",\"potentialAction\":[{\"@type\":\"ReadAction\",\"target\":[\"https:\\\/\\\/sepam.com.br\\\/en\\\/ex-alunos-do-sepam-realizam-sonho-de-construir-carreira-no-exterior\\\/\"]}]},{\"@type\":\"BreadcrumbList\",\"@id\":\"https:\\\/\\\/sepam.com.br\\\/en\\\/ex-alunos-do-sepam-realizam-sonho-de-construir-carreira-no-exterior\\\/#breadcrumb\",\"itemListElement\":[{\"@type\":\"ListItem\",\"position\":1,\"name\":\"Boas Vindas\",\"item\":\"https:\\\/\\\/sepam.com.br\\\/\"},{\"@type\":\"ListItem\",\"position\":2,\"name\":\"Ex-alunos do Sepam realizam sonho de construir carreira no exterior\"}]},{\"@type\":\"WebSite\",\"@id\":\"https:\\\/\\\/sepam.com.br\\\/en\\\/#website\",\"url\":\"https:\\\/\\\/sepam.com.br\\\/en\\\/\",\"name\":\"Col\u00e9gio Sepam\",\"description\":\"Ensino Incompar\u00e1vel\",\"publisher\":{\"@id\":\"https:\\\/\\\/sepam.com.br\\\/en\\\/#organization\"},\"potentialAction\":[{\"@type\":\"SearchAction\",\"target\":{\"@type\":\"EntryPoint\",\"urlTemplate\":\"https:\\\/\\\/sepam.com.br\\\/en\\\/?s={search_term_string}\"},\"query-input\":{\"@type\":\"PropertyValueSpecification\",\"valueRequired\":true,\"valueName\":\"search_term_string\"}}],\"inLanguage\":\"en-US\"},{\"@type\":\"Organization\",\"@id\":\"https:\\\/\\\/sepam.com.br\\\/en\\\/#organization\",\"name\":\"Col\u00e9gio Sepam\",\"url\":\"https:\\\/\\\/sepam.com.br\\\/en\\\/\",\"logo\":{\"@type\":\"ImageObject\",\"inLanguage\":\"en-US\",\"@id\":\"https:\\\/\\\/sepam.com.br\\\/en\\\/#\\\/schema\\\/logo\\\/image\\\/\",\"url\":\"https:\\\/\\\/sepam.com.br\\\/wp-content\\\/uploads\\\/2025\\\/02\\\/Ativo-2.png\",\"contentUrl\":\"https:\\\/\\\/sepam.com.br\\\/wp-content\\\/uploads\\\/2025\\\/02\\\/Ativo-2.png\",\"width\":595,\"height\":525,\"caption\":\"Col\u00e9gio Sepam\"},\"image\":{\"@id\":\"https:\\\/\\\/sepam.com.br\\\/en\\\/#\\\/schema\\\/logo\\\/image\\\/\"}},{\"@type\":\"Person\",\"@id\":\"https:\\\/\\\/sepam.com.br\\\/#\\\/schema\\\/person\\\/bfa2996c649a5a6d822766f6e64eb7fd\",\"name\":\"Sepam\",\"image\":{\"@type\":\"ImageObject\",\"inLanguage\":\"en-US\",\"@id\":\"https:\\\/\\\/secure.gravatar.com\\\/avatar\\\/0219e64664f5861998ad57a3432eb4bd5fd99a34c7cc9bc44b3c59dfb830db85?s=96&d=mm&r=g\",\"url\":\"https:\\\/\\\/secure.gravatar.com\\\/avatar\\\/0219e64664f5861998ad57a3432eb4bd5fd99a34c7cc9bc44b3c59dfb830db85?s=96&d=mm&r=g\",\"contentUrl\":\"https:\\\/\\\/secure.gravatar.com\\\/avatar\\\/0219e64664f5861998ad57a3432eb4bd5fd99a34c7cc9bc44b3c59dfb830db85?s=96&d=mm&r=g\",\"caption\":\"Sepam\"},\"url\":\"https:\\\/\\\/sepam.com.br\\\/en\\\/author\\\/sepam\\\/\"}]}<\/script>\n<!-- \/ Yoast SEO plugin. -->","yoast_head_json":{"title":"Ex-alunos do Sepam realizam sonho de construir carreira no exterior","description":"De Ponta Grossa para o mundo. Esse \u00e9 o desejo de muitos jovens estudantes, principalmente quando est\u00e3o no Ensino M\u00e9dio ou depois que ingressam na universidade. Desejo maior ainda \u00e9 conquistar um emprego dos sonhos depois de se formar - melhor ainda se essa vaga for fora do pa\u00eds. Em 2007, Henrique Lebarbenchon Mota saiu&hellip;","robots":{"index":"index","follow":"follow","max-snippet":"max-snippet:-1","max-image-preview":"max-image-preview:large","max-video-preview":"max-video-preview:-1"},"canonical":"https:\/\/sepam.com.br\/en\/ex-alunos-do-sepam-realizam-sonho-de-construir-carreira-no-exterior\/","og_locale":"en_US","og_type":"article","og_title":"Ex-alunos do Sepam realizam sonho de construir carreira no exterior","og_description":"De Ponta Grossa para o mundo. Esse \u00e9 o desejo de muitos jovens estudantes, principalmente quando est\u00e3o no Ensino M\u00e9dio ou depois que ingressam na universidade. Desejo maior ainda \u00e9 conquistar um emprego dos sonhos depois de se formar - melhor ainda se essa vaga for fora do pa\u00eds. Em 2007, Henrique Lebarbenchon Mota saiu&hellip;","og_url":"https:\/\/sepam.com.br\/en\/ex-alunos-do-sepam-realizam-sonho-de-construir-carreira-no-exterior\/","og_site_name":"Col\u00e9gio Sepam","article_published_time":"2025-08-28T13:47:05+00:00","article_modified_time":"2025-11-24T13:53:37+00:00","author":"Sepam","twitter_card":"summary_large_image","twitter_misc":{"Written by":"Sepam","Est. reading time":"6 minutes"},"schema":{"@context":"https:\/\/schema.org","@graph":[{"@type":"Article","@id":"https:\/\/sepam.com.br\/en\/ex-alunos-do-sepam-realizam-sonho-de-construir-carreira-no-exterior\/#article","isPartOf":{"@id":"https:\/\/sepam.com.br\/en\/ex-alunos-do-sepam-realizam-sonho-de-construir-carreira-no-exterior\/"},"author":{"name":"Sepam","@id":"https:\/\/sepam.com.br\/#\/schema\/person\/bfa2996c649a5a6d822766f6e64eb7fd"},"headline":"Ex-alunos do Sepam realizam sonho de construir carreira no exterior","datePublished":"2025-08-28T13:47:05+00:00","dateModified":"2025-11-24T13:53:37+00:00","mainEntityOfPage":{"@id":"https:\/\/sepam.com.br\/en\/ex-alunos-do-sepam-realizam-sonho-de-construir-carreira-no-exterior\/"},"wordCount":1197,"commentCount":0,"publisher":{"@id":"https:\/\/sepam.com.br\/#organization"},"articleSection":["Colegio Sepam"],"inLanguage":"en-US","potentialAction":[{"@type":"CommentAction","name":"Comment","target":["https:\/\/sepam.com.br\/en\/ex-alunos-do-sepam-realizam-sonho-de-construir-carreira-no-exterior\/#respond"]}]},{"@type":"WebPage","@id":"https:\/\/sepam.com.br\/en\/ex-alunos-do-sepam-realizam-sonho-de-construir-carreira-no-exterior\/","url":"https:\/\/sepam.com.br\/en\/ex-alunos-do-sepam-realizam-sonho-de-construir-carreira-no-exterior\/","name":"Ex-alunos do Sepam realizam sonho de construir carreira no exterior - Col\u00e9gio Sepam","isPartOf":{"@id":"https:\/\/sepam.com.br\/#website"},"datePublished":"2025-08-28T13:47:05+00:00","dateModified":"2025-11-24T13:53:37+00:00","breadcrumb":{"@id":"https:\/\/sepam.com.br\/en\/ex-alunos-do-sepam-realizam-sonho-de-construir-carreira-no-exterior\/#breadcrumb"},"inLanguage":"en-US","potentialAction":[{"@type":"ReadAction","target":["https:\/\/sepam.com.br\/en\/ex-alunos-do-sepam-realizam-sonho-de-construir-carreira-no-exterior\/"]}]},{"@type":"BreadcrumbList","@id":"https:\/\/sepam.com.br\/en\/ex-alunos-do-sepam-realizam-sonho-de-construir-carreira-no-exterior\/#breadcrumb","itemListElement":[{"@type":"ListItem","position":1,"name":"Boas Vindas","item":"https:\/\/sepam.com.br\/"},{"@type":"ListItem","position":2,"name":"Ex-alunos do Sepam realizam sonho de construir carreira no exterior"}]},{"@type":"WebSite","@id":"https:\/\/sepam.com.br\/en\/#website","url":"https:\/\/sepam.com.br\/en\/","name":"Col\u00e9gio Sepam","description":"Ensino Incompar\u00e1vel","publisher":{"@id":"https:\/\/sepam.com.br\/en\/#organization"},"potentialAction":[{"@type":"SearchAction","target":{"@type":"EntryPoint","urlTemplate":"https:\/\/sepam.com.br\/en\/?s={search_term_string}"},"query-input":{"@type":"PropertyValueSpecification","valueRequired":true,"valueName":"search_term_string"}}],"inLanguage":"en-US"},{"@type":"Organization","@id":"https:\/\/sepam.com.br\/en\/#organization","name":"Col\u00e9gio Sepam","url":"https:\/\/sepam.com.br\/en\/","logo":{"@type":"ImageObject","inLanguage":"en-US","@id":"https:\/\/sepam.com.br\/en\/#\/schema\/logo\/image\/","url":"https:\/\/sepam.com.br\/wp-content\/uploads\/2025\/02\/Ativo-2.png","contentUrl":"https:\/\/sepam.com.br\/wp-content\/uploads\/2025\/02\/Ativo-2.png","width":595,"height":525,"caption":"Col\u00e9gio Sepam"},"image":{"@id":"https:\/\/sepam.com.br\/en\/#\/schema\/logo\/image\/"}},{"@type":"Person","@id":"https:\/\/sepam.com.br\/#\/schema\/person\/bfa2996c649a5a6d822766f6e64eb7fd","name":"Sepam","image":{"@type":"ImageObject","inLanguage":"en-US","@id":"https:\/\/secure.gravatar.com\/avatar\/0219e64664f5861998ad57a3432eb4bd5fd99a34c7cc9bc44b3c59dfb830db85?s=96&d=mm&r=g","url":"https:\/\/secure.gravatar.com\/avatar\/0219e64664f5861998ad57a3432eb4bd5fd99a34c7cc9bc44b3c59dfb830db85?s=96&d=mm&r=g","contentUrl":"https:\/\/secure.gravatar.com\/avatar\/0219e64664f5861998ad57a3432eb4bd5fd99a34c7cc9bc44b3c59dfb830db85?s=96&d=mm&r=g","caption":"Sepam"},"url":"https:\/\/sepam.com.br\/en\/author\/sepam\/"}]}},"_links":{"self":[{"href":"https:\/\/sepam.com.br\/en\/wp-json\/wp\/v2\/posts\/6881","targetHints":{"allow":["GET"]}}],"collection":[{"href":"https:\/\/sepam.com.br\/en\/wp-json\/wp\/v2\/posts"}],"about":[{"href":"https:\/\/sepam.com.br\/en\/wp-json\/wp\/v2\/types\/post"}],"author":[{"embeddable":true,"href":"https:\/\/sepam.com.br\/en\/wp-json\/wp\/v2\/users\/13"}],"replies":[{"embeddable":true,"href":"https:\/\/sepam.com.br\/en\/wp-json\/wp\/v2\/comments?post=6881"}],"version-history":[{"count":1,"href":"https:\/\/sepam.com.br\/en\/wp-json\/wp\/v2\/posts\/6881\/revisions"}],"predecessor-version":[{"id":7465,"href":"https:\/\/sepam.com.br\/en\/wp-json\/wp\/v2\/posts\/6881\/revisions\/7465"}],"wp:attachment":[{"href":"https:\/\/sepam.com.br\/en\/wp-json\/wp\/v2\/media?parent=6881"}],"wp:term":[{"taxonomy":"category","embeddable":true,"href":"https:\/\/sepam.com.br\/en\/wp-json\/wp\/v2\/categories?post=6881"},{"taxonomy":"post_tag","embeddable":true,"href":"https:\/\/sepam.com.br\/en\/wp-json\/wp\/v2\/tags?post=6881"}],"curies":[{"name":"wp","href":"https:\/\/api.w.org\/{rel}","templated":true}]}}