{"id":6826,"date":"2025-08-28T10:46:54","date_gmt":"2025-08-28T13:46:54","guid":{"rendered":"https:\/\/dev.alisonandrei.com.br\/noticia\/colegio-sepam-realiza-seminario-de-profissoes-no-proximo-sabado-28\/"},"modified":"2025-11-24T10:53:38","modified_gmt":"2025-11-24T13:53:38","slug":"colegio-sepam-realiza-seminario-de-profissoes-no-proximo-sabado-28","status":"publish","type":"post","link":"https:\/\/sepam.com.br\/en\/colegio-sepam-realiza-seminario-de-profissoes-no-proximo-sabado-28\/","title":{"rendered":"Col\u00e9gio Sepam realiza Semin\u00e1rio de Profiss\u00f5es no pr\u00f3ximo s\u00e1bado (28)"},"content":{"rendered":"<p>Ser\u00e3o 12 palestras com profissionais de diferentes \u00e1reas com o intuito de esclarecer d\u00favidas sobre atua\u00e7\u00e3o, especializa\u00e7\u00e3o e mercado de trabalho<\/p>\n<p>O Col\u00e9gio Sepam realiza no pr\u00f3ximo s\u00e1bado, dia 28, o XXV Semin\u00e1rio Sepam de Profiss\u00f5es, com o objetivo de auxiliar seus alunos na escolha da carreira. Ser\u00e3o mais de 10 palestras, realizadas entre 8h e 11h20, ministradas por diferentes profissionais que abordar\u00e3o as \u00e1reas da sa\u00fade, ci\u00eancias exatas, sociais e jur\u00eddicas.<\/p>\n<p>Com as provas do Exame Nacional do Ensino M\u00e9dio (Enem), al\u00e9m dos principais vestibulares do Paran\u00e1 se aproximando, essa \u00e9 mais oportunidade dos alunos conhecerem profiss\u00f5es de seu interesse. \u201cQuem ainda possui d\u00favidas sobre qual curso pretende ingressar poder\u00e1 conversar e esclarecer quest\u00f5es relacionadas a \u00e1reas de atua\u00e7\u00e3o, condi\u00e7\u00f5es de mercado e possibilidades de especializa\u00e7\u00f5es\u201d, explica o coordenador pedag\u00f3gico do Sepam, Jacob Cavagnari.<\/p>\n<p>Os convidados deste ano s\u00e3o Leonardo Pelissari (Odontologia), Sara Soriano (Psicologia), Luciano Mottim Gomes (Medicina Veterin\u00e1ria), Alexandre Costa (Jornalismo), Weliton Barreiros (Administra\u00e7\u00e3o e Com\u00e9rcio Exterior), Alan Ricardo Porto (Direito), S\u00e9rgio Teberechani (Licenciatura em Qu\u00edmica), Ricardo Zanetti (Medicina), Larissa Neves Garib Mottim Gomes (Arquitetura),\u00a0Elton Eleuterio dos Santos (Engenharia Civil) e\u00a0Angela Ribeiro Ferreira\u00a0 (Licenciatura em Hist\u00f3ria).<\/p>\n","protected":false},"excerpt":{"rendered":"<p>Ser\u00e3o 12 palestras com profissionais de diferentes \u00e1reas com o intuito de esclarecer d\u00favidas sobre atua\u00e7\u00e3o, especializa\u00e7\u00e3o e mercado de trabalho O Col\u00e9gio Sepam realiza no pr\u00f3ximo s\u00e1bado, dia 28, o XXV Semin\u00e1rio Sepam de Profiss\u00f5es, com o objetivo de auxiliar seus alunos na escolha da carreira. Ser\u00e3o mais de 10 palestras, realizadas entre 8h [&hellip;]<\/p>\n","protected":false},"author":13,"featured_media":0,"comment_status":"open","ping_status":"open","sticky":false,"template":"","format":"standard","meta":{"footnotes":""},"categories":[21],"tags":[],"class_list":["post-6826","post","type-post","status-publish","format-standard","hentry","category-colegio-sepam"],"yoast_head":"<!-- This site is optimized with the Yoast SEO plugin v28.4 - https:\/\/yoast.com\/product\/yoast-seo-wordpress\/ -->\n<title>Col\u00e9gio Sepam realiza Semin\u00e1rio de Profiss\u00f5es no pr\u00f3ximo s\u00e1bado (28)<\/title>\n<meta name=\"description\" content=\"Ser\u00e3o 12 palestras com profissionais de diferentes \u00e1reas com o intuito de esclarecer d\u00favidas sobre atua\u00e7\u00e3o, especializa\u00e7\u00e3o e mercado de trabalho O Col\u00e9gio Sepam realiza no pr\u00f3ximo s\u00e1bado, dia 28, o XXV Semin\u00e1rio Sepam de Profiss\u00f5es, com o objetivo de auxiliar seus alunos na escolha da carreira. Ser\u00e3o mais de 10 palestras, realizadas entre 8h&hellip;\" \/>\n<meta name=\"robots\" content=\"index, follow, max-snippet:-1, max-image-preview:large, max-video-preview:-1\" \/>\n<link rel=\"canonical\" href=\"https:\/\/sepam.com.br\/en\/colegio-sepam-realiza-seminario-de-profissoes-no-proximo-sabado-28\/\" \/>\n<meta property=\"og:locale\" content=\"en_US\" \/>\n<meta property=\"og:type\" content=\"article\" \/>\n<meta property=\"og:title\" content=\"Col\u00e9gio Sepam realiza Semin\u00e1rio de Profiss\u00f5es no pr\u00f3ximo s\u00e1bado (28)\" \/>\n<meta property=\"og:description\" content=\"Ser\u00e3o 12 palestras com profissionais de diferentes \u00e1reas com o intuito de esclarecer d\u00favidas sobre atua\u00e7\u00e3o, especializa\u00e7\u00e3o e mercado de trabalho O Col\u00e9gio Sepam realiza no pr\u00f3ximo s\u00e1bado, dia 28, o XXV Semin\u00e1rio Sepam de Profiss\u00f5es, com o objetivo de auxiliar seus alunos na escolha da carreira. Ser\u00e3o mais de 10 palestras, realizadas entre 8h&hellip;\" \/>\n<meta property=\"og:url\" content=\"https:\/\/sepam.com.br\/en\/colegio-sepam-realiza-seminario-de-profissoes-no-proximo-sabado-28\/\" \/>\n<meta property=\"og:site_name\" content=\"Col\u00e9gio Sepam\" \/>\n<meta property=\"article:published_time\" content=\"2025-08-28T13:46:54+00:00\" \/>\n<meta property=\"article:modified_time\" content=\"2025-11-24T13:53:38+00:00\" \/>\n<meta name=\"author\" content=\"Sepam\" \/>\n<meta name=\"twitter:card\" content=\"summary_large_image\" \/>\n<meta name=\"twitter:label1\" content=\"Written by\" \/>\n\t<meta name=\"twitter:data1\" content=\"Sepam\" \/>\n\t<meta name=\"twitter:label2\" content=\"Est. reading time\" \/>\n\t<meta name=\"twitter:data2\" content=\"1 minute\" \/>\n<script type=\"application\/ld+json\" class=\"yoast-schema-graph\">{\"@context\":\"https:\\\/\\\/schema.org\",\"@graph\":[{\"@type\":\"Article\",\"@id\":\"https:\\\/\\\/sepam.com.br\\\/en\\\/colegio-sepam-realiza-seminario-de-profissoes-no-proximo-sabado-28\\\/#article\",\"isPartOf\":{\"@id\":\"https:\\\/\\\/sepam.com.br\\\/en\\\/colegio-sepam-realiza-seminario-de-profissoes-no-proximo-sabado-28\\\/\"},\"author\":{\"name\":\"Sepam\",\"@id\":\"https:\\\/\\\/sepam.com.br\\\/#\\\/schema\\\/person\\\/bfa2996c649a5a6d822766f6e64eb7fd\"},\"headline\":\"Col\u00e9gio Sepam realiza Semin\u00e1rio de Profiss\u00f5es no pr\u00f3ximo s\u00e1bado (28)\",\"datePublished\":\"2025-08-28T13:46:54+00:00\",\"dateModified\":\"2025-11-24T13:53:38+00:00\",\"mainEntityOfPage\":{\"@id\":\"https:\\\/\\\/sepam.com.br\\\/en\\\/colegio-sepam-realiza-seminario-de-profissoes-no-proximo-sabado-28\\\/\"},\"wordCount\":231,\"commentCount\":0,\"publisher\":{\"@id\":\"https:\\\/\\\/sepam.com.br\\\/#organization\"},\"articleSection\":[\"Colegio Sepam\"],\"inLanguage\":\"en-US\",\"potentialAction\":[{\"@type\":\"CommentAction\",\"name\":\"Comment\",\"target\":[\"https:\\\/\\\/sepam.com.br\\\/en\\\/colegio-sepam-realiza-seminario-de-profissoes-no-proximo-sabado-28\\\/#respond\"]}]},{\"@type\":\"WebPage\",\"@id\":\"https:\\\/\\\/sepam.com.br\\\/en\\\/colegio-sepam-realiza-seminario-de-profissoes-no-proximo-sabado-28\\\/\",\"url\":\"https:\\\/\\\/sepam.com.br\\\/en\\\/colegio-sepam-realiza-seminario-de-profissoes-no-proximo-sabado-28\\\/\",\"name\":\"Col\u00e9gio Sepam realiza Semin\u00e1rio de Profiss\u00f5es no pr\u00f3ximo s\u00e1bado (28) - Col\u00e9gio Sepam\",\"isPartOf\":{\"@id\":\"https:\\\/\\\/sepam.com.br\\\/#website\"},\"datePublished\":\"2025-08-28T13:46:54+00:00\",\"dateModified\":\"2025-11-24T13:53:38+00:00\",\"breadcrumb\":{\"@id\":\"https:\\\/\\\/sepam.com.br\\\/en\\\/colegio-sepam-realiza-seminario-de-profissoes-no-proximo-sabado-28\\\/#breadcrumb\"},\"inLanguage\":\"en-US\",\"potentialAction\":[{\"@type\":\"ReadAction\",\"target\":[\"https:\\\/\\\/sepam.com.br\\\/en\\\/colegio-sepam-realiza-seminario-de-profissoes-no-proximo-sabado-28\\\/\"]}]},{\"@type\":\"BreadcrumbList\",\"@id\":\"https:\\\/\\\/sepam.com.br\\\/en\\\/colegio-sepam-realiza-seminario-de-profissoes-no-proximo-sabado-28\\\/#breadcrumb\",\"itemListElement\":[{\"@type\":\"ListItem\",\"position\":1,\"name\":\"Boas Vindas\",\"item\":\"https:\\\/\\\/sepam.com.br\\\/\"},{\"@type\":\"ListItem\",\"position\":2,\"name\":\"Col\u00e9gio Sepam realiza Semin\u00e1rio de Profiss\u00f5es no pr\u00f3ximo s\u00e1bado (28)\"}]},{\"@type\":\"WebSite\",\"@id\":\"https:\\\/\\\/sepam.com.br\\\/en\\\/#website\",\"url\":\"https:\\\/\\\/sepam.com.br\\\/en\\\/\",\"name\":\"Col\u00e9gio Sepam\",\"description\":\"Ensino Incompar\u00e1vel\",\"publisher\":{\"@id\":\"https:\\\/\\\/sepam.com.br\\\/en\\\/#organization\"},\"potentialAction\":[{\"@type\":\"SearchAction\",\"target\":{\"@type\":\"EntryPoint\",\"urlTemplate\":\"https:\\\/\\\/sepam.com.br\\\/en\\\/?s={search_term_string}\"},\"query-input\":{\"@type\":\"PropertyValueSpecification\",\"valueRequired\":true,\"valueName\":\"search_term_string\"}}],\"inLanguage\":\"en-US\"},{\"@type\":\"Organization\",\"@id\":\"https:\\\/\\\/sepam.com.br\\\/en\\\/#organization\",\"name\":\"Col\u00e9gio Sepam\",\"url\":\"https:\\\/\\\/sepam.com.br\\\/en\\\/\",\"logo\":{\"@type\":\"ImageObject\",\"inLanguage\":\"en-US\",\"@id\":\"https:\\\/\\\/sepam.com.br\\\/en\\\/#\\\/schema\\\/logo\\\/image\\\/\",\"url\":\"https:\\\/\\\/sepam.com.br\\\/wp-content\\\/uploads\\\/2025\\\/02\\\/Ativo-2.png\",\"contentUrl\":\"https:\\\/\\\/sepam.com.br\\\/wp-content\\\/uploads\\\/2025\\\/02\\\/Ativo-2.png\",\"width\":595,\"height\":525,\"caption\":\"Col\u00e9gio Sepam\"},\"image\":{\"@id\":\"https:\\\/\\\/sepam.com.br\\\/en\\\/#\\\/schema\\\/logo\\\/image\\\/\"}},{\"@type\":\"Person\",\"@id\":\"https:\\\/\\\/sepam.com.br\\\/#\\\/schema\\\/person\\\/bfa2996c649a5a6d822766f6e64eb7fd\",\"name\":\"Sepam\",\"image\":{\"@type\":\"ImageObject\",\"inLanguage\":\"en-US\",\"@id\":\"https:\\\/\\\/secure.gravatar.com\\\/avatar\\\/0219e64664f5861998ad57a3432eb4bd5fd99a34c7cc9bc44b3c59dfb830db85?s=96&d=mm&r=g\",\"url\":\"https:\\\/\\\/secure.gravatar.com\\\/avatar\\\/0219e64664f5861998ad57a3432eb4bd5fd99a34c7cc9bc44b3c59dfb830db85?s=96&d=mm&r=g\",\"contentUrl\":\"https:\\\/\\\/secure.gravatar.com\\\/avatar\\\/0219e64664f5861998ad57a3432eb4bd5fd99a34c7cc9bc44b3c59dfb830db85?s=96&d=mm&r=g\",\"caption\":\"Sepam\"},\"url\":\"https:\\\/\\\/sepam.com.br\\\/en\\\/author\\\/sepam\\\/\"}]}<\/script>\n<!-- \/ Yoast SEO plugin. -->","yoast_head_json":{"title":"Col\u00e9gio Sepam realiza Semin\u00e1rio de Profiss\u00f5es no pr\u00f3ximo s\u00e1bado (28)","description":"Ser\u00e3o 12 palestras com profissionais de diferentes \u00e1reas com o intuito de esclarecer d\u00favidas sobre atua\u00e7\u00e3o, especializa\u00e7\u00e3o e mercado de trabalho O Col\u00e9gio Sepam realiza no pr\u00f3ximo s\u00e1bado, dia 28, o XXV Semin\u00e1rio Sepam de Profiss\u00f5es, com o objetivo de auxiliar seus alunos na escolha da carreira. Ser\u00e3o mais de 10 palestras, realizadas entre 8h&hellip;","robots":{"index":"index","follow":"follow","max-snippet":"max-snippet:-1","max-image-preview":"max-image-preview:large","max-video-preview":"max-video-preview:-1"},"canonical":"https:\/\/sepam.com.br\/en\/colegio-sepam-realiza-seminario-de-profissoes-no-proximo-sabado-28\/","og_locale":"en_US","og_type":"article","og_title":"Col\u00e9gio Sepam realiza Semin\u00e1rio de Profiss\u00f5es no pr\u00f3ximo s\u00e1bado (28)","og_description":"Ser\u00e3o 12 palestras com profissionais de diferentes \u00e1reas com o intuito de esclarecer d\u00favidas sobre atua\u00e7\u00e3o, especializa\u00e7\u00e3o e mercado de trabalho O Col\u00e9gio Sepam realiza no pr\u00f3ximo s\u00e1bado, dia 28, o XXV Semin\u00e1rio Sepam de Profiss\u00f5es, com o objetivo de auxiliar seus alunos na escolha da carreira. Ser\u00e3o mais de 10 palestras, realizadas entre 8h&hellip;","og_url":"https:\/\/sepam.com.br\/en\/colegio-sepam-realiza-seminario-de-profissoes-no-proximo-sabado-28\/","og_site_name":"Col\u00e9gio Sepam","article_published_time":"2025-08-28T13:46:54+00:00","article_modified_time":"2025-11-24T13:53:38+00:00","author":"Sepam","twitter_card":"summary_large_image","twitter_misc":{"Written by":"Sepam","Est. reading time":"1 minute"},"schema":{"@context":"https:\/\/schema.org","@graph":[{"@type":"Article","@id":"https:\/\/sepam.com.br\/en\/colegio-sepam-realiza-seminario-de-profissoes-no-proximo-sabado-28\/#article","isPartOf":{"@id":"https:\/\/sepam.com.br\/en\/colegio-sepam-realiza-seminario-de-profissoes-no-proximo-sabado-28\/"},"author":{"name":"Sepam","@id":"https:\/\/sepam.com.br\/#\/schema\/person\/bfa2996c649a5a6d822766f6e64eb7fd"},"headline":"Col\u00e9gio Sepam realiza Semin\u00e1rio de Profiss\u00f5es no pr\u00f3ximo s\u00e1bado (28)","datePublished":"2025-08-28T13:46:54+00:00","dateModified":"2025-11-24T13:53:38+00:00","mainEntityOfPage":{"@id":"https:\/\/sepam.com.br\/en\/colegio-sepam-realiza-seminario-de-profissoes-no-proximo-sabado-28\/"},"wordCount":231,"commentCount":0,"publisher":{"@id":"https:\/\/sepam.com.br\/#organization"},"articleSection":["Colegio Sepam"],"inLanguage":"en-US","potentialAction":[{"@type":"CommentAction","name":"Comment","target":["https:\/\/sepam.com.br\/en\/colegio-sepam-realiza-seminario-de-profissoes-no-proximo-sabado-28\/#respond"]}]},{"@type":"WebPage","@id":"https:\/\/sepam.com.br\/en\/colegio-sepam-realiza-seminario-de-profissoes-no-proximo-sabado-28\/","url":"https:\/\/sepam.com.br\/en\/colegio-sepam-realiza-seminario-de-profissoes-no-proximo-sabado-28\/","name":"Col\u00e9gio Sepam realiza Semin\u00e1rio de Profiss\u00f5es no pr\u00f3ximo s\u00e1bado (28) - Col\u00e9gio Sepam","isPartOf":{"@id":"https:\/\/sepam.com.br\/#website"},"datePublished":"2025-08-28T13:46:54+00:00","dateModified":"2025-11-24T13:53:38+00:00","breadcrumb":{"@id":"https:\/\/sepam.com.br\/en\/colegio-sepam-realiza-seminario-de-profissoes-no-proximo-sabado-28\/#breadcrumb"},"inLanguage":"en-US","potentialAction":[{"@type":"ReadAction","target":["https:\/\/sepam.com.br\/en\/colegio-sepam-realiza-seminario-de-profissoes-no-proximo-sabado-28\/"]}]},{"@type":"BreadcrumbList","@id":"https:\/\/sepam.com.br\/en\/colegio-sepam-realiza-seminario-de-profissoes-no-proximo-sabado-28\/#breadcrumb","itemListElement":[{"@type":"ListItem","position":1,"name":"Boas Vindas","item":"https:\/\/sepam.com.br\/"},{"@type":"ListItem","position":2,"name":"Col\u00e9gio Sepam realiza Semin\u00e1rio de Profiss\u00f5es no pr\u00f3ximo s\u00e1bado (28)"}]},{"@type":"WebSite","@id":"https:\/\/sepam.com.br\/en\/#website","url":"https:\/\/sepam.com.br\/en\/","name":"Col\u00e9gio Sepam","description":"Ensino Incompar\u00e1vel","publisher":{"@id":"https:\/\/sepam.com.br\/en\/#organization"},"potentialAction":[{"@type":"SearchAction","target":{"@type":"EntryPoint","urlTemplate":"https:\/\/sepam.com.br\/en\/?s={search_term_string}"},"query-input":{"@type":"PropertyValueSpecification","valueRequired":true,"valueName":"search_term_string"}}],"inLanguage":"en-US"},{"@type":"Organization","@id":"https:\/\/sepam.com.br\/en\/#organization","name":"Col\u00e9gio Sepam","url":"https:\/\/sepam.com.br\/en\/","logo":{"@type":"ImageObject","inLanguage":"en-US","@id":"https:\/\/sepam.com.br\/en\/#\/schema\/logo\/image\/","url":"https:\/\/sepam.com.br\/wp-content\/uploads\/2025\/02\/Ativo-2.png","contentUrl":"https:\/\/sepam.com.br\/wp-content\/uploads\/2025\/02\/Ativo-2.png","width":595,"height":525,"caption":"Col\u00e9gio Sepam"},"image":{"@id":"https:\/\/sepam.com.br\/en\/#\/schema\/logo\/image\/"}},{"@type":"Person","@id":"https:\/\/sepam.com.br\/#\/schema\/person\/bfa2996c649a5a6d822766f6e64eb7fd","name":"Sepam","image":{"@type":"ImageObject","inLanguage":"en-US","@id":"https:\/\/secure.gravatar.com\/avatar\/0219e64664f5861998ad57a3432eb4bd5fd99a34c7cc9bc44b3c59dfb830db85?s=96&d=mm&r=g","url":"https:\/\/secure.gravatar.com\/avatar\/0219e64664f5861998ad57a3432eb4bd5fd99a34c7cc9bc44b3c59dfb830db85?s=96&d=mm&r=g","contentUrl":"https:\/\/secure.gravatar.com\/avatar\/0219e64664f5861998ad57a3432eb4bd5fd99a34c7cc9bc44b3c59dfb830db85?s=96&d=mm&r=g","caption":"Sepam"},"url":"https:\/\/sepam.com.br\/en\/author\/sepam\/"}]}},"_links":{"self":[{"href":"https:\/\/sepam.com.br\/en\/wp-json\/wp\/v2\/posts\/6826","targetHints":{"allow":["GET"]}}],"collection":[{"href":"https:\/\/sepam.com.br\/en\/wp-json\/wp\/v2\/posts"}],"about":[{"href":"https:\/\/sepam.com.br\/en\/wp-json\/wp\/v2\/types\/post"}],"author":[{"embeddable":true,"href":"https:\/\/sepam.com.br\/en\/wp-json\/wp\/v2\/users\/13"}],"replies":[{"embeddable":true,"href":"https:\/\/sepam.com.br\/en\/wp-json\/wp\/v2\/comments?post=6826"}],"version-history":[{"count":1,"href":"https:\/\/sepam.com.br\/en\/wp-json\/wp\/v2\/posts\/6826\/revisions"}],"predecessor-version":[{"id":7530,"href":"https:\/\/sepam.com.br\/en\/wp-json\/wp\/v2\/posts\/6826\/revisions\/7530"}],"wp:attachment":[{"href":"https:\/\/sepam.com.br\/en\/wp-json\/wp\/v2\/media?parent=6826"}],"wp:term":[{"taxonomy":"category","embeddable":true,"href":"https:\/\/sepam.com.br\/en\/wp-json\/wp\/v2\/categories?post=6826"},{"taxonomy":"post_tag","embeddable":true,"href":"https:\/\/sepam.com.br\/en\/wp-json\/wp\/v2\/tags?post=6826"}],"curies":[{"name":"wp","href":"https:\/\/api.w.org\/{rel}","templated":true}]}}