{"id":6800,"date":"2025-08-28T10:46:50","date_gmt":"2025-08-28T13:46:50","guid":{"rendered":"https:\/\/dev.alisonandrei.com.br\/noticia\/coordenacao-do-sepam-participa-de-congresso-do-sae\/"},"modified":"2025-08-28T10:53:52","modified_gmt":"2025-08-28T13:53:52","slug":"coordenacao-do-sepam-participa-de-congresso-do-sae","status":"publish","type":"post","link":"https:\/\/sepam.com.br\/en\/coordenacao-do-sepam-participa-de-congresso-do-sae\/","title":{"rendered":"Coordena\u00e7\u00e3o do Sepam participa de Congresso do SAE"},"content":{"rendered":"<p>O coordenador do Sepam Vestibulares, Henrique Reis e a coordenadora pedag\u00f3gica do Col\u00e9gio Sepam, Sonia Mongruel participam do Congresso do SAE, sistema de apoio ao ensino utilizado pelo Col\u00e9gio, que oferece materiais e acompanhamentos did\u00e1ticos tanto f\u00edsicos quanto digitais.<\/p>\n<p>Com o objetivo de discutir sobre a inclus\u00e3o de crian\u00e7as com necessidades especiais no ensino, realizar apontamentos sobre a nova Base Nacional Comum Curricular \u2013 BNCC e reforma do Ensino M\u00e9dio, o congresso do Sistema Educacional foi realizado nessa semana em Macei\u00f3\/AL, entre os dias 25 e 27.<\/p>\n<p>&nbsp;<\/p>\n","protected":false},"excerpt":{"rendered":"<p>O coordenador do Sepam Vestibulares, Henrique Reis e a coordenadora pedag\u00f3gica do Col\u00e9gio Sepam, Sonia Mongruel participam do Congresso do SAE, sistema de apoio ao ensino utilizado pelo Col\u00e9gio, que oferece materiais e acompanhamentos did\u00e1ticos tanto f\u00edsicos quanto digitais. Com o objetivo de discutir sobre a inclus\u00e3o de crian\u00e7as com necessidades especiais no ensino, realizar [&hellip;]<\/p>\n","protected":false},"author":12,"featured_media":0,"comment_status":"open","ping_status":"open","sticky":false,"template":"","format":"standard","meta":{"footnotes":""},"categories":[21],"tags":[],"class_list":["post-6800","post","type-post","status-publish","format-standard","hentry","category-colegio-sepam"],"yoast_head":"<!-- This site is optimized with the Yoast SEO plugin v28.4 - https:\/\/yoast.com\/product\/yoast-seo-wordpress\/ -->\n<title>Coordena\u00e7\u00e3o do Sepam participa de Congresso do SAE<\/title>\n<meta name=\"description\" content=\"O coordenador do Sepam Vestibulares, Henrique Reis e a coordenadora pedag\u00f3gica do Col\u00e9gio Sepam, Sonia Mongruel participam do Congresso do SAE, sistema de apoio ao ensino utilizado pelo Col\u00e9gio, que oferece materiais e acompanhamentos did\u00e1ticos tanto f\u00edsicos quanto digitais. Com o objetivo de discutir sobre a inclus\u00e3o de crian\u00e7as com necessidades especiais no ensino, realizar&hellip;\" \/>\n<meta name=\"robots\" content=\"index, follow, max-snippet:-1, max-image-preview:large, max-video-preview:-1\" \/>\n<link rel=\"canonical\" href=\"https:\/\/sepam.com.br\/en\/coordenacao-do-sepam-participa-de-congresso-do-sae\/\" \/>\n<meta property=\"og:locale\" content=\"en_US\" \/>\n<meta property=\"og:type\" content=\"article\" \/>\n<meta property=\"og:title\" content=\"Coordena\u00e7\u00e3o do Sepam participa de Congresso do SAE\" \/>\n<meta property=\"og:description\" content=\"O coordenador do Sepam Vestibulares, Henrique Reis e a coordenadora pedag\u00f3gica do Col\u00e9gio Sepam, Sonia Mongruel participam do Congresso do SAE, sistema de apoio ao ensino utilizado pelo Col\u00e9gio, que oferece materiais e acompanhamentos did\u00e1ticos tanto f\u00edsicos quanto digitais. Com o objetivo de discutir sobre a inclus\u00e3o de crian\u00e7as com necessidades especiais no ensino, realizar&hellip;\" \/>\n<meta property=\"og:url\" content=\"https:\/\/sepam.com.br\/en\/coordenacao-do-sepam-participa-de-congresso-do-sae\/\" \/>\n<meta property=\"og:site_name\" content=\"Col\u00e9gio Sepam\" \/>\n<meta property=\"article:published_time\" content=\"2025-08-28T13:46:50+00:00\" \/>\n<meta property=\"article:modified_time\" content=\"2025-08-28T13:53:52+00:00\" \/>\n<meta name=\"author\" content=\"Alison Andrei\" \/>\n<meta name=\"twitter:card\" content=\"summary_large_image\" \/>\n<meta name=\"twitter:label1\" content=\"Written by\" \/>\n\t<meta name=\"twitter:data1\" content=\"Alison Andrei\" \/>\n<script type=\"application\/ld+json\" class=\"yoast-schema-graph\">{\"@context\":\"https:\\\/\\\/schema.org\",\"@graph\":[{\"@type\":\"Article\",\"@id\":\"https:\\\/\\\/sepam.com.br\\\/en\\\/coordenacao-do-sepam-participa-de-congresso-do-sae\\\/#article\",\"isPartOf\":{\"@id\":\"https:\\\/\\\/sepam.com.br\\\/en\\\/coordenacao-do-sepam-participa-de-congresso-do-sae\\\/\"},\"author\":{\"name\":\"Alison Andrei\",\"@id\":\"https:\\\/\\\/sepam.com.br\\\/#\\\/schema\\\/person\\\/38aff034b8d22d0cd551d59b7e4939f5\"},\"headline\":\"Coordena\u00e7\u00e3o do Sepam participa de Congresso do SAE\",\"datePublished\":\"2025-08-28T13:46:50+00:00\",\"dateModified\":\"2025-08-28T13:53:52+00:00\",\"mainEntityOfPage\":{\"@id\":\"https:\\\/\\\/sepam.com.br\\\/en\\\/coordenacao-do-sepam-participa-de-congresso-do-sae\\\/\"},\"wordCount\":103,\"commentCount\":0,\"publisher\":{\"@id\":\"https:\\\/\\\/sepam.com.br\\\/#organization\"},\"articleSection\":[\"Colegio Sepam\"],\"inLanguage\":\"en-US\",\"potentialAction\":[{\"@type\":\"CommentAction\",\"name\":\"Comment\",\"target\":[\"https:\\\/\\\/sepam.com.br\\\/en\\\/coordenacao-do-sepam-participa-de-congresso-do-sae\\\/#respond\"]}]},{\"@type\":\"WebPage\",\"@id\":\"https:\\\/\\\/sepam.com.br\\\/en\\\/coordenacao-do-sepam-participa-de-congresso-do-sae\\\/\",\"url\":\"https:\\\/\\\/sepam.com.br\\\/en\\\/coordenacao-do-sepam-participa-de-congresso-do-sae\\\/\",\"name\":\"Coordena\u00e7\u00e3o do Sepam participa de Congresso do SAE - Col\u00e9gio Sepam\",\"isPartOf\":{\"@id\":\"https:\\\/\\\/sepam.com.br\\\/#website\"},\"datePublished\":\"2025-08-28T13:46:50+00:00\",\"dateModified\":\"2025-08-28T13:53:52+00:00\",\"breadcrumb\":{\"@id\":\"https:\\\/\\\/sepam.com.br\\\/en\\\/coordenacao-do-sepam-participa-de-congresso-do-sae\\\/#breadcrumb\"},\"inLanguage\":\"en-US\",\"potentialAction\":[{\"@type\":\"ReadAction\",\"target\":[\"https:\\\/\\\/sepam.com.br\\\/en\\\/coordenacao-do-sepam-participa-de-congresso-do-sae\\\/\"]}]},{\"@type\":\"BreadcrumbList\",\"@id\":\"https:\\\/\\\/sepam.com.br\\\/en\\\/coordenacao-do-sepam-participa-de-congresso-do-sae\\\/#breadcrumb\",\"itemListElement\":[{\"@type\":\"ListItem\",\"position\":1,\"name\":\"Boas Vindas\",\"item\":\"https:\\\/\\\/sepam.com.br\\\/\"},{\"@type\":\"ListItem\",\"position\":2,\"name\":\"Coordena\u00e7\u00e3o do Sepam participa de Congresso do SAE\"}]},{\"@type\":\"WebSite\",\"@id\":\"https:\\\/\\\/sepam.com.br\\\/en\\\/#website\",\"url\":\"https:\\\/\\\/sepam.com.br\\\/en\\\/\",\"name\":\"Col\u00e9gio Sepam\",\"description\":\"Ensino Incompar\u00e1vel\",\"publisher\":{\"@id\":\"https:\\\/\\\/sepam.com.br\\\/en\\\/#organization\"},\"potentialAction\":[{\"@type\":\"SearchAction\",\"target\":{\"@type\":\"EntryPoint\",\"urlTemplate\":\"https:\\\/\\\/sepam.com.br\\\/en\\\/?s={search_term_string}\"},\"query-input\":{\"@type\":\"PropertyValueSpecification\",\"valueRequired\":true,\"valueName\":\"search_term_string\"}}],\"inLanguage\":\"en-US\"},{\"@type\":\"Organization\",\"@id\":\"https:\\\/\\\/sepam.com.br\\\/en\\\/#organization\",\"name\":\"Col\u00e9gio Sepam\",\"url\":\"https:\\\/\\\/sepam.com.br\\\/en\\\/\",\"logo\":{\"@type\":\"ImageObject\",\"inLanguage\":\"en-US\",\"@id\":\"https:\\\/\\\/sepam.com.br\\\/en\\\/#\\\/schema\\\/logo\\\/image\\\/\",\"url\":\"https:\\\/\\\/sepam.com.br\\\/wp-content\\\/uploads\\\/2025\\\/02\\\/Ativo-2.png\",\"contentUrl\":\"https:\\\/\\\/sepam.com.br\\\/wp-content\\\/uploads\\\/2025\\\/02\\\/Ativo-2.png\",\"width\":595,\"height\":525,\"caption\":\"Col\u00e9gio Sepam\"},\"image\":{\"@id\":\"https:\\\/\\\/sepam.com.br\\\/en\\\/#\\\/schema\\\/logo\\\/image\\\/\"}},{\"@type\":\"Person\",\"@id\":\"https:\\\/\\\/sepam.com.br\\\/#\\\/schema\\\/person\\\/38aff034b8d22d0cd551d59b7e4939f5\",\"name\":\"Alison Andrei\",\"image\":{\"@type\":\"ImageObject\",\"inLanguage\":\"en-US\",\"@id\":\"https:\\\/\\\/secure.gravatar.com\\\/avatar\\\/7d433525a110825b50a22691febdab3f59016724f20a8f9b39c947a4aac9641a?s=96&d=mm&r=g\",\"url\":\"https:\\\/\\\/secure.gravatar.com\\\/avatar\\\/7d433525a110825b50a22691febdab3f59016724f20a8f9b39c947a4aac9641a?s=96&d=mm&r=g\",\"contentUrl\":\"https:\\\/\\\/secure.gravatar.com\\\/avatar\\\/7d433525a110825b50a22691febdab3f59016724f20a8f9b39c947a4aac9641a?s=96&d=mm&r=g\",\"caption\":\"Alison Andrei\"},\"url\":\"https:\\\/\\\/sepam.com.br\\\/en\\\/author\\\/alisonandrei\\\/\"}]}<\/script>\n<!-- \/ Yoast SEO plugin. -->","yoast_head_json":{"title":"Coordena\u00e7\u00e3o do Sepam participa de Congresso do SAE","description":"O coordenador do Sepam Vestibulares, Henrique Reis e a coordenadora pedag\u00f3gica do Col\u00e9gio Sepam, Sonia Mongruel participam do Congresso do SAE, sistema de apoio ao ensino utilizado pelo Col\u00e9gio, que oferece materiais e acompanhamentos did\u00e1ticos tanto f\u00edsicos quanto digitais. Com o objetivo de discutir sobre a inclus\u00e3o de crian\u00e7as com necessidades especiais no ensino, realizar&hellip;","robots":{"index":"index","follow":"follow","max-snippet":"max-snippet:-1","max-image-preview":"max-image-preview:large","max-video-preview":"max-video-preview:-1"},"canonical":"https:\/\/sepam.com.br\/en\/coordenacao-do-sepam-participa-de-congresso-do-sae\/","og_locale":"en_US","og_type":"article","og_title":"Coordena\u00e7\u00e3o do Sepam participa de Congresso do SAE","og_description":"O coordenador do Sepam Vestibulares, Henrique Reis e a coordenadora pedag\u00f3gica do Col\u00e9gio Sepam, Sonia Mongruel participam do Congresso do SAE, sistema de apoio ao ensino utilizado pelo Col\u00e9gio, que oferece materiais e acompanhamentos did\u00e1ticos tanto f\u00edsicos quanto digitais. Com o objetivo de discutir sobre a inclus\u00e3o de crian\u00e7as com necessidades especiais no ensino, realizar&hellip;","og_url":"https:\/\/sepam.com.br\/en\/coordenacao-do-sepam-participa-de-congresso-do-sae\/","og_site_name":"Col\u00e9gio Sepam","article_published_time":"2025-08-28T13:46:50+00:00","article_modified_time":"2025-08-28T13:53:52+00:00","author":"Alison Andrei","twitter_card":"summary_large_image","twitter_misc":{"Written by":"Alison Andrei"},"schema":{"@context":"https:\/\/schema.org","@graph":[{"@type":"Article","@id":"https:\/\/sepam.com.br\/en\/coordenacao-do-sepam-participa-de-congresso-do-sae\/#article","isPartOf":{"@id":"https:\/\/sepam.com.br\/en\/coordenacao-do-sepam-participa-de-congresso-do-sae\/"},"author":{"name":"Alison Andrei","@id":"https:\/\/sepam.com.br\/#\/schema\/person\/38aff034b8d22d0cd551d59b7e4939f5"},"headline":"Coordena\u00e7\u00e3o do Sepam participa de Congresso do SAE","datePublished":"2025-08-28T13:46:50+00:00","dateModified":"2025-08-28T13:53:52+00:00","mainEntityOfPage":{"@id":"https:\/\/sepam.com.br\/en\/coordenacao-do-sepam-participa-de-congresso-do-sae\/"},"wordCount":103,"commentCount":0,"publisher":{"@id":"https:\/\/sepam.com.br\/#organization"},"articleSection":["Colegio Sepam"],"inLanguage":"en-US","potentialAction":[{"@type":"CommentAction","name":"Comment","target":["https:\/\/sepam.com.br\/en\/coordenacao-do-sepam-participa-de-congresso-do-sae\/#respond"]}]},{"@type":"WebPage","@id":"https:\/\/sepam.com.br\/en\/coordenacao-do-sepam-participa-de-congresso-do-sae\/","url":"https:\/\/sepam.com.br\/en\/coordenacao-do-sepam-participa-de-congresso-do-sae\/","name":"Coordena\u00e7\u00e3o do Sepam participa de Congresso do SAE - Col\u00e9gio Sepam","isPartOf":{"@id":"https:\/\/sepam.com.br\/#website"},"datePublished":"2025-08-28T13:46:50+00:00","dateModified":"2025-08-28T13:53:52+00:00","breadcrumb":{"@id":"https:\/\/sepam.com.br\/en\/coordenacao-do-sepam-participa-de-congresso-do-sae\/#breadcrumb"},"inLanguage":"en-US","potentialAction":[{"@type":"ReadAction","target":["https:\/\/sepam.com.br\/en\/coordenacao-do-sepam-participa-de-congresso-do-sae\/"]}]},{"@type":"BreadcrumbList","@id":"https:\/\/sepam.com.br\/en\/coordenacao-do-sepam-participa-de-congresso-do-sae\/#breadcrumb","itemListElement":[{"@type":"ListItem","position":1,"name":"Boas Vindas","item":"https:\/\/sepam.com.br\/"},{"@type":"ListItem","position":2,"name":"Coordena\u00e7\u00e3o do Sepam participa de Congresso do SAE"}]},{"@type":"WebSite","@id":"https:\/\/sepam.com.br\/en\/#website","url":"https:\/\/sepam.com.br\/en\/","name":"Col\u00e9gio Sepam","description":"Ensino Incompar\u00e1vel","publisher":{"@id":"https:\/\/sepam.com.br\/en\/#organization"},"potentialAction":[{"@type":"SearchAction","target":{"@type":"EntryPoint","urlTemplate":"https:\/\/sepam.com.br\/en\/?s={search_term_string}"},"query-input":{"@type":"PropertyValueSpecification","valueRequired":true,"valueName":"search_term_string"}}],"inLanguage":"en-US"},{"@type":"Organization","@id":"https:\/\/sepam.com.br\/en\/#organization","name":"Col\u00e9gio Sepam","url":"https:\/\/sepam.com.br\/en\/","logo":{"@type":"ImageObject","inLanguage":"en-US","@id":"https:\/\/sepam.com.br\/en\/#\/schema\/logo\/image\/","url":"https:\/\/sepam.com.br\/wp-content\/uploads\/2025\/02\/Ativo-2.png","contentUrl":"https:\/\/sepam.com.br\/wp-content\/uploads\/2025\/02\/Ativo-2.png","width":595,"height":525,"caption":"Col\u00e9gio Sepam"},"image":{"@id":"https:\/\/sepam.com.br\/en\/#\/schema\/logo\/image\/"}},{"@type":"Person","@id":"https:\/\/sepam.com.br\/#\/schema\/person\/38aff034b8d22d0cd551d59b7e4939f5","name":"Alison Andrei","image":{"@type":"ImageObject","inLanguage":"en-US","@id":"https:\/\/secure.gravatar.com\/avatar\/7d433525a110825b50a22691febdab3f59016724f20a8f9b39c947a4aac9641a?s=96&d=mm&r=g","url":"https:\/\/secure.gravatar.com\/avatar\/7d433525a110825b50a22691febdab3f59016724f20a8f9b39c947a4aac9641a?s=96&d=mm&r=g","contentUrl":"https:\/\/secure.gravatar.com\/avatar\/7d433525a110825b50a22691febdab3f59016724f20a8f9b39c947a4aac9641a?s=96&d=mm&r=g","caption":"Alison Andrei"},"url":"https:\/\/sepam.com.br\/en\/author\/alisonandrei\/"}]}},"_links":{"self":[{"href":"https:\/\/sepam.com.br\/en\/wp-json\/wp\/v2\/posts\/6800","targetHints":{"allow":["GET"]}}],"collection":[{"href":"https:\/\/sepam.com.br\/en\/wp-json\/wp\/v2\/posts"}],"about":[{"href":"https:\/\/sepam.com.br\/en\/wp-json\/wp\/v2\/types\/post"}],"author":[{"embeddable":true,"href":"https:\/\/sepam.com.br\/en\/wp-json\/wp\/v2\/users\/12"}],"replies":[{"embeddable":true,"href":"https:\/\/sepam.com.br\/en\/wp-json\/wp\/v2\/comments?post=6800"}],"version-history":[{"count":1,"href":"https:\/\/sepam.com.br\/en\/wp-json\/wp\/v2\/posts\/6800\/revisions"}],"predecessor-version":[{"id":7544,"href":"https:\/\/sepam.com.br\/en\/wp-json\/wp\/v2\/posts\/6800\/revisions\/7544"}],"wp:attachment":[{"href":"https:\/\/sepam.com.br\/en\/wp-json\/wp\/v2\/media?parent=6800"}],"wp:term":[{"taxonomy":"category","embeddable":true,"href":"https:\/\/sepam.com.br\/en\/wp-json\/wp\/v2\/categories?post=6800"},{"taxonomy":"post_tag","embeddable":true,"href":"https:\/\/sepam.com.br\/en\/wp-json\/wp\/v2\/tags?post=6800"}],"curies":[{"name":"wp","href":"https:\/\/api.w.org\/{rel}","templated":true}]}}