{"id":6788,"date":"2025-08-28T10:46:47","date_gmt":"2025-08-28T13:46:47","guid":{"rendered":"https:\/\/dev.alisonandrei.com.br\/noticia\/no-xadrez-sepam-vence-fase-regional-dos-jogos-escolares-do-parana\/"},"modified":"2025-08-28T10:53:53","modified_gmt":"2025-08-28T13:53:53","slug":"no-xadrez-sepam-vence-fase-regional-dos-jogos-escolares-do-parana","status":"publish","type":"post","link":"https:\/\/sepam.com.br\/en\/no-xadrez-sepam-vence-fase-regional-dos-jogos-escolares-do-parana\/","title":{"rendered":"No xadrez, Sepam vence fase regional dos Jogos Escolares do Paran\u00e1"},"content":{"rendered":"<p>Os alunos do Col\u00e9gio Sepam foram campe\u00f5es no xadrez por equipes nas categorias A e B durante a fase regional dos Jogos Escolares do Paran\u00e1. O torneio aconteceu em Tibagi no \u00faltimo fim de semana, 10 e 11 de junho.<\/p>\n<p>Al\u00e9m do xadrez por equipes, os enxadristas da categoria A conquistaram os tr\u00eas primeiros lugares nas modalidades xadrez rel\u00e2mpago e r\u00e1pido. Na categoria B, os alunos fizeram dobradinha no rel\u00e2mpago, conquistando 1\u00ba\u00a0 e 2\u00ba lugar\u00a0 e ficando em 2\u00ba\u00a0 e 3\u00ba lugar no xadrez r\u00e1pido. O time da categoria A, de 15 a 17 anos, \u00e9 formado pelos alunos Lucas Milleo, Alexandre Fanckin, Jo\u00e3o Ceregato e Lucas Reis, j\u00e1 a equipe da categoria B, 12 a 14 anos, conta com os enxadristas Clemerson Krul, Leonardo Borges, Gustavo Saraiva e Giovane Pereira.<\/p>\n<p>Os alunos se preparam agora para a fase macro do campeonato, que ser\u00e1 realizada em Castro, nos dias 05 a 09 de julho, e vai reunir os campe\u00f5es das regionais Ponta Grossa (Tibagi), Irati, Uni\u00e3o da Vit\u00f3ria e Guarapuava. O Sepam j\u00e1 possui 6 t\u00edtulos da fase final dos Jogos Escolares do Paran\u00e1, sendo tr\u00eas na categoria A e tr\u00eas na categoria B entre os anos 2011 a 2016.<\/p>\n","protected":false},"excerpt":{"rendered":"<p>Os alunos do Col\u00e9gio Sepam foram campe\u00f5es no xadrez por equipes nas categorias A e B durante a fase regional dos Jogos Escolares do Paran\u00e1. O torneio aconteceu em Tibagi no \u00faltimo fim de semana, 10 e 11 de junho. Al\u00e9m do xadrez por equipes, os enxadristas da categoria A conquistaram os tr\u00eas primeiros lugares [&hellip;]<\/p>\n","protected":false},"author":12,"featured_media":0,"comment_status":"open","ping_status":"open","sticky":false,"template":"","format":"standard","meta":{"footnotes":""},"categories":[21],"tags":[],"class_list":["post-6788","post","type-post","status-publish","format-standard","hentry","category-colegio-sepam"],"yoast_head":"<!-- This site is optimized with the Yoast SEO plugin v28.4 - https:\/\/yoast.com\/product\/yoast-seo-wordpress\/ -->\n<title>No xadrez, Sepam vence fase regional dos Jogos Escolares do Paran\u00e1<\/title>\n<meta name=\"description\" content=\"Os alunos do Col\u00e9gio Sepam foram campe\u00f5es no xadrez por equipes nas categorias A e B durante a fase regional dos Jogos Escolares do Paran\u00e1. O torneio aconteceu em Tibagi no \u00faltimo fim de semana, 10 e 11 de junho. Al\u00e9m do xadrez por equipes, os enxadristas da categoria A conquistaram os tr\u00eas primeiros lugares&hellip;\" \/>\n<meta name=\"robots\" content=\"index, follow, max-snippet:-1, max-image-preview:large, max-video-preview:-1\" \/>\n<link rel=\"canonical\" href=\"https:\/\/sepam.com.br\/en\/no-xadrez-sepam-vence-fase-regional-dos-jogos-escolares-do-parana\/\" \/>\n<meta property=\"og:locale\" content=\"en_US\" \/>\n<meta property=\"og:type\" content=\"article\" \/>\n<meta property=\"og:title\" content=\"No xadrez, Sepam vence fase regional dos Jogos Escolares do Paran\u00e1\" \/>\n<meta property=\"og:description\" content=\"Os alunos do Col\u00e9gio Sepam foram campe\u00f5es no xadrez por equipes nas categorias A e B durante a fase regional dos Jogos Escolares do Paran\u00e1. O torneio aconteceu em Tibagi no \u00faltimo fim de semana, 10 e 11 de junho. Al\u00e9m do xadrez por equipes, os enxadristas da categoria A conquistaram os tr\u00eas primeiros lugares&hellip;\" \/>\n<meta property=\"og:url\" content=\"https:\/\/sepam.com.br\/en\/no-xadrez-sepam-vence-fase-regional-dos-jogos-escolares-do-parana\/\" \/>\n<meta property=\"og:site_name\" content=\"Col\u00e9gio Sepam\" \/>\n<meta property=\"article:published_time\" content=\"2025-08-28T13:46:47+00:00\" \/>\n<meta property=\"article:modified_time\" content=\"2025-08-28T13:53:53+00:00\" \/>\n<meta name=\"author\" content=\"Alison Andrei\" \/>\n<meta name=\"twitter:card\" content=\"summary_large_image\" \/>\n<meta name=\"twitter:label1\" content=\"Written by\" \/>\n\t<meta name=\"twitter:data1\" content=\"Alison Andrei\" \/>\n\t<meta name=\"twitter:label2\" content=\"Est. reading time\" \/>\n\t<meta name=\"twitter:data2\" content=\"1 minute\" \/>\n<script type=\"application\/ld+json\" class=\"yoast-schema-graph\">{\"@context\":\"https:\\\/\\\/schema.org\",\"@graph\":[{\"@type\":\"Article\",\"@id\":\"https:\\\/\\\/sepam.com.br\\\/en\\\/no-xadrez-sepam-vence-fase-regional-dos-jogos-escolares-do-parana\\\/#article\",\"isPartOf\":{\"@id\":\"https:\\\/\\\/sepam.com.br\\\/en\\\/no-xadrez-sepam-vence-fase-regional-dos-jogos-escolares-do-parana\\\/\"},\"author\":{\"name\":\"Alison Andrei\",\"@id\":\"https:\\\/\\\/sepam.com.br\\\/#\\\/schema\\\/person\\\/38aff034b8d22d0cd551d59b7e4939f5\"},\"headline\":\"No xadrez, Sepam vence fase regional dos Jogos Escolares do Paran\u00e1\",\"datePublished\":\"2025-08-28T13:46:47+00:00\",\"dateModified\":\"2025-08-28T13:53:53+00:00\",\"mainEntityOfPage\":{\"@id\":\"https:\\\/\\\/sepam.com.br\\\/en\\\/no-xadrez-sepam-vence-fase-regional-dos-jogos-escolares-do-parana\\\/\"},\"wordCount\":210,\"commentCount\":0,\"publisher\":{\"@id\":\"https:\\\/\\\/sepam.com.br\\\/#organization\"},\"articleSection\":[\"Colegio Sepam\"],\"inLanguage\":\"en-US\",\"potentialAction\":[{\"@type\":\"CommentAction\",\"name\":\"Comment\",\"target\":[\"https:\\\/\\\/sepam.com.br\\\/en\\\/no-xadrez-sepam-vence-fase-regional-dos-jogos-escolares-do-parana\\\/#respond\"]}]},{\"@type\":\"WebPage\",\"@id\":\"https:\\\/\\\/sepam.com.br\\\/en\\\/no-xadrez-sepam-vence-fase-regional-dos-jogos-escolares-do-parana\\\/\",\"url\":\"https:\\\/\\\/sepam.com.br\\\/en\\\/no-xadrez-sepam-vence-fase-regional-dos-jogos-escolares-do-parana\\\/\",\"name\":\"No xadrez, Sepam vence fase regional dos Jogos Escolares do Paran\u00e1 - Col\u00e9gio Sepam\",\"isPartOf\":{\"@id\":\"https:\\\/\\\/sepam.com.br\\\/#website\"},\"datePublished\":\"2025-08-28T13:46:47+00:00\",\"dateModified\":\"2025-08-28T13:53:53+00:00\",\"breadcrumb\":{\"@id\":\"https:\\\/\\\/sepam.com.br\\\/en\\\/no-xadrez-sepam-vence-fase-regional-dos-jogos-escolares-do-parana\\\/#breadcrumb\"},\"inLanguage\":\"en-US\",\"potentialAction\":[{\"@type\":\"ReadAction\",\"target\":[\"https:\\\/\\\/sepam.com.br\\\/en\\\/no-xadrez-sepam-vence-fase-regional-dos-jogos-escolares-do-parana\\\/\"]}]},{\"@type\":\"BreadcrumbList\",\"@id\":\"https:\\\/\\\/sepam.com.br\\\/en\\\/no-xadrez-sepam-vence-fase-regional-dos-jogos-escolares-do-parana\\\/#breadcrumb\",\"itemListElement\":[{\"@type\":\"ListItem\",\"position\":1,\"name\":\"Boas Vindas\",\"item\":\"https:\\\/\\\/sepam.com.br\\\/\"},{\"@type\":\"ListItem\",\"position\":2,\"name\":\"No xadrez, Sepam vence fase regional dos Jogos Escolares do Paran\u00e1\"}]},{\"@type\":\"WebSite\",\"@id\":\"https:\\\/\\\/sepam.com.br\\\/en\\\/#website\",\"url\":\"https:\\\/\\\/sepam.com.br\\\/en\\\/\",\"name\":\"Col\u00e9gio Sepam\",\"description\":\"Ensino Incompar\u00e1vel\",\"publisher\":{\"@id\":\"https:\\\/\\\/sepam.com.br\\\/en\\\/#organization\"},\"potentialAction\":[{\"@type\":\"SearchAction\",\"target\":{\"@type\":\"EntryPoint\",\"urlTemplate\":\"https:\\\/\\\/sepam.com.br\\\/en\\\/?s={search_term_string}\"},\"query-input\":{\"@type\":\"PropertyValueSpecification\",\"valueRequired\":true,\"valueName\":\"search_term_string\"}}],\"inLanguage\":\"en-US\"},{\"@type\":\"Organization\",\"@id\":\"https:\\\/\\\/sepam.com.br\\\/en\\\/#organization\",\"name\":\"Col\u00e9gio Sepam\",\"url\":\"https:\\\/\\\/sepam.com.br\\\/en\\\/\",\"logo\":{\"@type\":\"ImageObject\",\"inLanguage\":\"en-US\",\"@id\":\"https:\\\/\\\/sepam.com.br\\\/en\\\/#\\\/schema\\\/logo\\\/image\\\/\",\"url\":\"https:\\\/\\\/sepam.com.br\\\/wp-content\\\/uploads\\\/2025\\\/02\\\/Ativo-2.png\",\"contentUrl\":\"https:\\\/\\\/sepam.com.br\\\/wp-content\\\/uploads\\\/2025\\\/02\\\/Ativo-2.png\",\"width\":595,\"height\":525,\"caption\":\"Col\u00e9gio Sepam\"},\"image\":{\"@id\":\"https:\\\/\\\/sepam.com.br\\\/en\\\/#\\\/schema\\\/logo\\\/image\\\/\"}},{\"@type\":\"Person\",\"@id\":\"https:\\\/\\\/sepam.com.br\\\/#\\\/schema\\\/person\\\/38aff034b8d22d0cd551d59b7e4939f5\",\"name\":\"Alison Andrei\",\"image\":{\"@type\":\"ImageObject\",\"inLanguage\":\"en-US\",\"@id\":\"https:\\\/\\\/secure.gravatar.com\\\/avatar\\\/7d433525a110825b50a22691febdab3f59016724f20a8f9b39c947a4aac9641a?s=96&d=mm&r=g\",\"url\":\"https:\\\/\\\/secure.gravatar.com\\\/avatar\\\/7d433525a110825b50a22691febdab3f59016724f20a8f9b39c947a4aac9641a?s=96&d=mm&r=g\",\"contentUrl\":\"https:\\\/\\\/secure.gravatar.com\\\/avatar\\\/7d433525a110825b50a22691febdab3f59016724f20a8f9b39c947a4aac9641a?s=96&d=mm&r=g\",\"caption\":\"Alison Andrei\"},\"url\":\"https:\\\/\\\/sepam.com.br\\\/en\\\/author\\\/alisonandrei\\\/\"}]}<\/script>\n<!-- \/ Yoast SEO plugin. -->","yoast_head_json":{"title":"No xadrez, Sepam vence fase regional dos Jogos Escolares do Paran\u00e1","description":"Os alunos do Col\u00e9gio Sepam foram campe\u00f5es no xadrez por equipes nas categorias A e B durante a fase regional dos Jogos Escolares do Paran\u00e1. O torneio aconteceu em Tibagi no \u00faltimo fim de semana, 10 e 11 de junho. Al\u00e9m do xadrez por equipes, os enxadristas da categoria A conquistaram os tr\u00eas primeiros lugares&hellip;","robots":{"index":"index","follow":"follow","max-snippet":"max-snippet:-1","max-image-preview":"max-image-preview:large","max-video-preview":"max-video-preview:-1"},"canonical":"https:\/\/sepam.com.br\/en\/no-xadrez-sepam-vence-fase-regional-dos-jogos-escolares-do-parana\/","og_locale":"en_US","og_type":"article","og_title":"No xadrez, Sepam vence fase regional dos Jogos Escolares do Paran\u00e1","og_description":"Os alunos do Col\u00e9gio Sepam foram campe\u00f5es no xadrez por equipes nas categorias A e B durante a fase regional dos Jogos Escolares do Paran\u00e1. O torneio aconteceu em Tibagi no \u00faltimo fim de semana, 10 e 11 de junho. Al\u00e9m do xadrez por equipes, os enxadristas da categoria A conquistaram os tr\u00eas primeiros lugares&hellip;","og_url":"https:\/\/sepam.com.br\/en\/no-xadrez-sepam-vence-fase-regional-dos-jogos-escolares-do-parana\/","og_site_name":"Col\u00e9gio Sepam","article_published_time":"2025-08-28T13:46:47+00:00","article_modified_time":"2025-08-28T13:53:53+00:00","author":"Alison Andrei","twitter_card":"summary_large_image","twitter_misc":{"Written by":"Alison Andrei","Est. reading time":"1 minute"},"schema":{"@context":"https:\/\/schema.org","@graph":[{"@type":"Article","@id":"https:\/\/sepam.com.br\/en\/no-xadrez-sepam-vence-fase-regional-dos-jogos-escolares-do-parana\/#article","isPartOf":{"@id":"https:\/\/sepam.com.br\/en\/no-xadrez-sepam-vence-fase-regional-dos-jogos-escolares-do-parana\/"},"author":{"name":"Alison Andrei","@id":"https:\/\/sepam.com.br\/#\/schema\/person\/38aff034b8d22d0cd551d59b7e4939f5"},"headline":"No xadrez, Sepam vence fase regional dos Jogos Escolares do Paran\u00e1","datePublished":"2025-08-28T13:46:47+00:00","dateModified":"2025-08-28T13:53:53+00:00","mainEntityOfPage":{"@id":"https:\/\/sepam.com.br\/en\/no-xadrez-sepam-vence-fase-regional-dos-jogos-escolares-do-parana\/"},"wordCount":210,"commentCount":0,"publisher":{"@id":"https:\/\/sepam.com.br\/#organization"},"articleSection":["Colegio Sepam"],"inLanguage":"en-US","potentialAction":[{"@type":"CommentAction","name":"Comment","target":["https:\/\/sepam.com.br\/en\/no-xadrez-sepam-vence-fase-regional-dos-jogos-escolares-do-parana\/#respond"]}]},{"@type":"WebPage","@id":"https:\/\/sepam.com.br\/en\/no-xadrez-sepam-vence-fase-regional-dos-jogos-escolares-do-parana\/","url":"https:\/\/sepam.com.br\/en\/no-xadrez-sepam-vence-fase-regional-dos-jogos-escolares-do-parana\/","name":"No xadrez, Sepam vence fase regional dos Jogos Escolares do Paran\u00e1 - Col\u00e9gio Sepam","isPartOf":{"@id":"https:\/\/sepam.com.br\/#website"},"datePublished":"2025-08-28T13:46:47+00:00","dateModified":"2025-08-28T13:53:53+00:00","breadcrumb":{"@id":"https:\/\/sepam.com.br\/en\/no-xadrez-sepam-vence-fase-regional-dos-jogos-escolares-do-parana\/#breadcrumb"},"inLanguage":"en-US","potentialAction":[{"@type":"ReadAction","target":["https:\/\/sepam.com.br\/en\/no-xadrez-sepam-vence-fase-regional-dos-jogos-escolares-do-parana\/"]}]},{"@type":"BreadcrumbList","@id":"https:\/\/sepam.com.br\/en\/no-xadrez-sepam-vence-fase-regional-dos-jogos-escolares-do-parana\/#breadcrumb","itemListElement":[{"@type":"ListItem","position":1,"name":"Boas Vindas","item":"https:\/\/sepam.com.br\/"},{"@type":"ListItem","position":2,"name":"No xadrez, Sepam vence fase regional dos Jogos Escolares do Paran\u00e1"}]},{"@type":"WebSite","@id":"https:\/\/sepam.com.br\/en\/#website","url":"https:\/\/sepam.com.br\/en\/","name":"Col\u00e9gio Sepam","description":"Ensino Incompar\u00e1vel","publisher":{"@id":"https:\/\/sepam.com.br\/en\/#organization"},"potentialAction":[{"@type":"SearchAction","target":{"@type":"EntryPoint","urlTemplate":"https:\/\/sepam.com.br\/en\/?s={search_term_string}"},"query-input":{"@type":"PropertyValueSpecification","valueRequired":true,"valueName":"search_term_string"}}],"inLanguage":"en-US"},{"@type":"Organization","@id":"https:\/\/sepam.com.br\/en\/#organization","name":"Col\u00e9gio Sepam","url":"https:\/\/sepam.com.br\/en\/","logo":{"@type":"ImageObject","inLanguage":"en-US","@id":"https:\/\/sepam.com.br\/en\/#\/schema\/logo\/image\/","url":"https:\/\/sepam.com.br\/wp-content\/uploads\/2025\/02\/Ativo-2.png","contentUrl":"https:\/\/sepam.com.br\/wp-content\/uploads\/2025\/02\/Ativo-2.png","width":595,"height":525,"caption":"Col\u00e9gio Sepam"},"image":{"@id":"https:\/\/sepam.com.br\/en\/#\/schema\/logo\/image\/"}},{"@type":"Person","@id":"https:\/\/sepam.com.br\/#\/schema\/person\/38aff034b8d22d0cd551d59b7e4939f5","name":"Alison Andrei","image":{"@type":"ImageObject","inLanguage":"en-US","@id":"https:\/\/secure.gravatar.com\/avatar\/7d433525a110825b50a22691febdab3f59016724f20a8f9b39c947a4aac9641a?s=96&d=mm&r=g","url":"https:\/\/secure.gravatar.com\/avatar\/7d433525a110825b50a22691febdab3f59016724f20a8f9b39c947a4aac9641a?s=96&d=mm&r=g","contentUrl":"https:\/\/secure.gravatar.com\/avatar\/7d433525a110825b50a22691febdab3f59016724f20a8f9b39c947a4aac9641a?s=96&d=mm&r=g","caption":"Alison Andrei"},"url":"https:\/\/sepam.com.br\/en\/author\/alisonandrei\/"}]}},"_links":{"self":[{"href":"https:\/\/sepam.com.br\/en\/wp-json\/wp\/v2\/posts\/6788","targetHints":{"allow":["GET"]}}],"collection":[{"href":"https:\/\/sepam.com.br\/en\/wp-json\/wp\/v2\/posts"}],"about":[{"href":"https:\/\/sepam.com.br\/en\/wp-json\/wp\/v2\/types\/post"}],"author":[{"embeddable":true,"href":"https:\/\/sepam.com.br\/en\/wp-json\/wp\/v2\/users\/12"}],"replies":[{"embeddable":true,"href":"https:\/\/sepam.com.br\/en\/wp-json\/wp\/v2\/comments?post=6788"}],"version-history":[{"count":1,"href":"https:\/\/sepam.com.br\/en\/wp-json\/wp\/v2\/posts\/6788\/revisions"}],"predecessor-version":[{"id":7572,"href":"https:\/\/sepam.com.br\/en\/wp-json\/wp\/v2\/posts\/6788\/revisions\/7572"}],"wp:attachment":[{"href":"https:\/\/sepam.com.br\/en\/wp-json\/wp\/v2\/media?parent=6788"}],"wp:term":[{"taxonomy":"category","embeddable":true,"href":"https:\/\/sepam.com.br\/en\/wp-json\/wp\/v2\/categories?post=6788"},{"taxonomy":"post_tag","embeddable":true,"href":"https:\/\/sepam.com.br\/en\/wp-json\/wp\/v2\/tags?post=6788"}],"curies":[{"name":"wp","href":"https:\/\/api.w.org\/{rel}","templated":true}]}}